{"id":14624,"date":"2022-02-21T15:18:32","date_gmt":"2022-02-21T15:18:32","guid":{"rendered":"http:\/\/www.pasadenahoy.com\/primero\/?p=14624"},"modified":"2022-02-21T15:18:33","modified_gmt":"2022-02-21T15:18:33","slug":"tribunal-de-pasadena-programado-para-audiencias-en-casos-de-asesinato-local-esta-semana","status":"publish","type":"post","link":"http:\/\/www.pasadenahoy.com\/primero\/la-comunidad\/tribunal-de-pasadena-programado-para-audiencias-en-casos-de-asesinato-local-esta-semana\/","title":{"rendered":"Tribunal de Pasadena programado para audiencias en casos de asesinato local esta semana"},"content":{"rendered":"\n<figure class=\"wp-block-image alignnone size-large\"><figure class=\"alignnone\"><img loading=\"lazy\" width=\"700\" height=\"378\" src=\"http:\/\/www.pasadenahoy.com\/primero\/wp-content\/uploads\/2022\/02\/pic-4-12.jpg\" alt=\"\" class=\"wp-image-14625\" srcset=\"http:\/\/www.pasadenahoy.com\/primero\/wp-content\/uploads\/2022\/02\/pic-4-12.jpg 700w, http:\/\/www.pasadenahoy.com\/primero\/wp-content\/uploads\/2022\/02\/pic-4-12-300x162.jpg 300w, http:\/\/www.pasadenahoy.com\/primero\/wp-content\/uploads\/2022\/02\/pic-4-12-241x130.jpg 241w, http:\/\/www.pasadenahoy.com\/primero\/wp-content\/uploads\/2022\/02\/pic-4-12-333x180.jpg 333w, http:\/\/www.pasadenahoy.com\/primero\/wp-content\/uploads\/2022\/02\/pic-4-12-360x194.jpg 360w\" sizes=\"100vw\" \/><\/figure><\/figure>\n\n\n\n<p>Tres casos judiciales locales de alto perfil est\u00e1n programados para avanzar en los tribunales de Pasadena esta semana. He aqu\u00ed un resumen de cada uno de estos casos.<\/p>\n\n\n\n<p>Martes, 21 de febrero, 8:30 a. m. Audiencia previa al juicio de Telly R. Johnson<\/p>\n\n\n\n<p>Telly R. Johnson, de 44 a\u00f1os, de Los \u00c1ngeles, est\u00e1 acusado de asesinato por apu\u00f1alar a un hombre en Pasadena el 1 de marzo de 2019.<\/p>\n\n\n\n<p>La v\u00edctima fue identificada como Byron Nettles, de Pasadena, de 52 a\u00f1os.<\/p>\n\n\n\n<p>El apu\u00f1alamiento tuvo lugar alrededor de las 9 a.m. en la cuadra 100 de South Euclid Avenue, donde viv\u00eda la v\u00edctima. Nettles fue encontrado m\u00e1s tarde con heridas de arma blanca y fue llevado a un hospital donde fue declarado muerto. Esa noche, Johnson fue visto en la cuadra 1900 de Cordova Street en Los \u00c1ngeles. Fue arrestado y reservado, con una fianza fijada en $ 2 millones.<\/p>\n\n\n\n<p>La audiencia ser\u00e1 en el Departamento F del Palacio de Justicia de Pasadena.<\/p>\n\n\n\n<p>Mi\u00e9rcoles 23 de febrero, 8:30 a. m. Audiencia de preparaci\u00f3n para Jos\u00e9 Antonio Santiago<\/p>\n\n\n\n<p>Jos\u00e9 Antonio Santiago, de 69 a\u00f1os, de Pasadena, est\u00e1 acusado de asesinato en relaci\u00f3n con el apu\u00f1alamiento mortal de un hombre y el intento de asesinato por presuntamente herir a otro hombre en Pasadena en la madrugada del 12 de septiembre de 2018.<\/p>\n\n\n\n<p>La denuncia alega que el acusado us\u00f3 personalmente un cuchillo e infligi\u00f3 graves lesiones corporales a la v\u00edctima, Jerry Chan, de 42 a\u00f1os, quien fue asesinado a pu\u00f1aladas en la cuadra 2600 de Colorado Boulevard alrededor de la 1:30 a.m.<\/p>\n\n\n\n<p>Santiago tambi\u00e9n est\u00e1 acusado del intento de asesinato de Dan Trevi\u00f1o, de 32 a\u00f1os. Se declar\u00f3 inocente de los cargos el 18 de octubre de 2018 y actualmente se encuentra bajo custodia, con una fianza fijada en $3,02 millones.<\/p>\n\n\n\n<p>La audiencia se llevar\u00e1 a cabo en el Departamento E del Palacio de Justicia de Pasadena.<\/p>\n\n\n\n<p>Jueves 24 de febrero, 8:30 a. m. Audiencia Preliminar de Daniel Cervantes<\/p>\n\n\n\n<p>Daniel Cervantes, de 32 a\u00f1os, est\u00e1 acusado de asesinato en relaci\u00f3n con la muerte a tiros de un hombre de 22 a\u00f1os cuyo cuerpo fue encontrado cerca de Angeles Crest Highway en el \u00e1rea de Pasadena el 6 de noviembre de 2019. Fue arrestado un d\u00eda despu\u00e9s del crimen. y se ha declarado inocente del cargo.<\/p>\n\n\n\n<p>La v\u00edctima era Julio Robles-Castaneda, de 22 a\u00f1os. Tambi\u00e9n arrestaron a un ni\u00f1o de 16 a\u00f1os, pero no se conoci\u00f3 de inmediato el estado de ning\u00fan caso en su contra.<\/p>\n\n\n\n<p>Cervantes permanece bajo custodia, con una fianza fijada en $3 millones.<\/p>\n\n\n\n<p>La audiencia se llevar\u00e1 a cabo en el Departamento F del Palacio de Justicia de Pasadena.<\/p>\n","protected":false},"excerpt":{"rendered":"<p>Tres casos judiciales locales de alto perfil est\u00e1n programados para avanzar en los tribunales de Pasadena esta semana. He aqu\u00ed un resumen de cada uno de estos casos. Martes, 21 de febrero, 8:30 a. m. Audiencia previa al juicio de Telly R. Johnson Telly R. Johnson, de 44 a\u00f1os, de Los \u00c1ngeles, est\u00e1 acusado de asesinato por apu\u00f1alar a un hombre en Pasadena el 1 de marzo de 2019. La v\u00edctima fue identificada como Byron Nettles, de Pasadena, de 52 [&hellip;]<\/p>\n","protected":false},"author":4,"featured_media":0,"comment_status":"open","ping_status":"closed","sticky":false,"template":"","format":"standard","meta":[],"categories":[4],"tags":[],"acf":[],"_links":{"self":[{"href":"http:\/\/www.pasadenahoy.com\/primero\/wp-json\/wp\/v2\/posts\/14624"}],"collection":[{"href":"http:\/\/www.pasadenahoy.com\/primero\/wp-json\/wp\/v2\/posts"}],"about":[{"href":"http:\/\/www.pasadenahoy.com\/primero\/wp-json\/wp\/v2\/types\/post"}],"author":[{"embeddable":true,"href":"http:\/\/www.pasadenahoy.com\/primero\/wp-json\/wp\/v2\/users\/4"}],"replies":[{"embeddable":true,"href":"http:\/\/www.pasadenahoy.com\/primero\/wp-json\/wp\/v2\/comments?post=14624"}],"version-history":[{"count":2,"href":"http:\/\/www.pasadenahoy.com\/primero\/wp-json\/wp\/v2\/posts\/14624\/revisions"}],"predecessor-version":[{"id":14627,"href":"http:\/\/www.pasadenahoy.com\/primero\/wp-json\/wp\/v2\/posts\/14624\/revisions\/14627"}],"wp:attachment":[{"href":"http:\/\/www.pasadenahoy.com\/primero\/wp-json\/wp\/v2\/media?parent=14624"}],"wp:term":[{"taxonomy":"category","embeddable":true,"href":"http:\/\/www.pasadenahoy.com\/primero\/wp-json\/wp\/v2\/categories?post=14624"},{"taxonomy":"post_tag","embeddable":true,"href":"http:\/\/www.pasadenahoy.com\/primero\/wp-json\/wp\/v2\/tags?post=14624"}],"curies":[{"name":"wp","href":"https:\/\/api.w.org\/{rel}","templated":true}]}}