{"id":14628,"date":"2022-02-21T15:22:11","date_gmt":"2022-02-21T15:22:11","guid":{"rendered":"http:\/\/www.pasadenahoy.com\/primero\/?p=14628"},"modified":"2022-02-21T15:22:12","modified_gmt":"2022-02-21T15:22:12","slug":"ayuntamiento-cerrado-consejo-oscuro-en-observancia-del-dia-de-los-presidentes","status":"publish","type":"post","link":"http:\/\/www.pasadenahoy.com\/primero\/la-comunidad\/ayuntamiento-cerrado-consejo-oscuro-en-observancia-del-dia-de-los-presidentes\/","title":{"rendered":"Ayuntamiento cerrado, consejo oscuro en observancia del D\u00eda de los Presidentes"},"content":{"rendered":"\n<figure class=\"wp-block-image alignnone size-large\"><figure class=\"alignnone\"><img loading=\"lazy\" width=\"700\" height=\"378\" src=\"http:\/\/www.pasadenahoy.com\/primero\/wp-content\/uploads\/2022\/02\/pic-5-8.jpg\" alt=\"\" class=\"wp-image-14629\" srcset=\"http:\/\/www.pasadenahoy.com\/primero\/wp-content\/uploads\/2022\/02\/pic-5-8.jpg 700w, http:\/\/www.pasadenahoy.com\/primero\/wp-content\/uploads\/2022\/02\/pic-5-8-300x162.jpg 300w, http:\/\/www.pasadenahoy.com\/primero\/wp-content\/uploads\/2022\/02\/pic-5-8-241x130.jpg 241w, http:\/\/www.pasadenahoy.com\/primero\/wp-content\/uploads\/2022\/02\/pic-5-8-333x180.jpg 333w, http:\/\/www.pasadenahoy.com\/primero\/wp-content\/uploads\/2022\/02\/pic-5-8-360x194.jpg 360w\" sizes=\"100vw\" \/><\/figure><\/figure>\n\n\n\n<p>El Ayuntamiento de Pasadena y muchos servicios de la ciudad estar\u00e1n cerrados el lunes en conmemoraci\u00f3n del D\u00eda de los Presidentes.<\/p>\n\n\n\n<p>Observado por primera vez en 1971, el d\u00eda festivo se origin\u00f3 como el cumplea\u00f1os de Washington, que es el 22 de febrero.<\/p>\n\n\n\n<p>En 1968, el Congreso aprob\u00f3 la Ley Uniforme de D\u00edas Festivos de Lunes para crear m\u00e1s d\u00edas festivos de tres d\u00edas para los trabajadores federales, incluido un d\u00eda festivo el tercer lunes de febrero. La ley tambi\u00e9n traslad\u00f3 el D\u00eda de los Ca\u00eddos, el D\u00eda de los Veteranos y el D\u00eda de la Raza a los lunes.<\/p>\n\n\n\n<p>No habr\u00e1 reuni\u00f3n del Concejo Municipal el lunes, en observancia del feriado.<\/p>\n\n\n\n<p>El Centro de Servicio al Ciudadano de la Ciudad estar\u00e1 cerrado y reabrir\u00e1 el martes 22 de febrero a las 8 a. m. La recolecci\u00f3n de basura, reciclaje y desechos de jard\u00edn se realizar\u00e1 el lunes.<\/p>\n\n\n\n<p>Los residentes y las empresas de Pasadena que experimenten emergencias el\u00e9ctricas deben llamar a Pasadena Water and Power (PWP) al (626) 744-4673. Para emergencias relacionadas con el agua, llame al (626) 744-4138.<\/p>\n\n\n\n<p>Todos los parqu\u00edmetros ser\u00e1n gratuitos y no se aplicar\u00e1n l\u00edmites de tiempo de estacionamiento. Se emitir\u00e1n infracciones por restricciones de estacionamiento durante la noche, estacionamiento en la acera roja y bloqueo de hidrantes contra incendios. La aplicaci\u00f3n de parqu\u00edmetros se reanuda el martes 22 de febrero. Los autobuses de Pasadena Transit y Dial-A-Ride operar\u00e1n en sus horarios regulares.<\/p>\n\n\n\n<p>El Centro de Permisos estar\u00e1 cerrado el D\u00eda de los Presidentes; sin embargo, algunos servicios estar\u00e1n disponibles a trav\u00e9s del Centro de permisos en l\u00ednea, donde se pueden obtener permisos de subcomercio y se pueden enviar planes para mejoras de inquilinos comerciales (nuevas presentaciones) y unidades de vivienda accesorias. Las operaciones en persona se reanudar\u00e1n el martes 22 de febrero.<\/p>\n\n\n\n<p>Las bibliotecas de la ciudad reabrir\u00e1n al p\u00fablico el martes 22 de febrero.<\/p>\n\n\n\n<p>Los Departamentos de Bomberos y Polic\u00eda de Pasadena continuar\u00e1n brindando servicios de patrulla, c\u00e1rcel, bomberos, param\u00e9dicos y otros servicios de emergencia durante las vacaciones. Para emergencias que pongan en peligro la vida, recuerde siempre llamar al 9-1-1. Para situaciones que no sean de emergencia, llame al Departamento de Polic\u00eda de Pasadena al (626) 744-4241. Si ves algo, di algo.&#8221; Reporte actividad sospechosa al departamento de polic\u00eda al (626) 744-4241<\/p>\n","protected":false},"excerpt":{"rendered":"<p>El Ayuntamiento de Pasadena y muchos servicios de la ciudad estar\u00e1n cerrados el lunes en conmemoraci\u00f3n del D\u00eda de los Presidentes. Observado por primera vez en 1971, el d\u00eda festivo se origin\u00f3 como el cumplea\u00f1os de Washington, que es el 22 de febrero. En 1968, el Congreso aprob\u00f3 la Ley Uniforme de D\u00edas Festivos de Lunes para crear m\u00e1s d\u00edas festivos de tres d\u00edas para los trabajadores federales, incluido un d\u00eda festivo el tercer lunes de febrero. La ley tambi\u00e9n [&hellip;]<\/p>\n","protected":false},"author":4,"featured_media":0,"comment_status":"open","ping_status":"closed","sticky":false,"template":"","format":"standard","meta":[],"categories":[4],"tags":[],"acf":[],"_links":{"self":[{"href":"http:\/\/www.pasadenahoy.com\/primero\/wp-json\/wp\/v2\/posts\/14628"}],"collection":[{"href":"http:\/\/www.pasadenahoy.com\/primero\/wp-json\/wp\/v2\/posts"}],"about":[{"href":"http:\/\/www.pasadenahoy.com\/primero\/wp-json\/wp\/v2\/types\/post"}],"author":[{"embeddable":true,"href":"http:\/\/www.pasadenahoy.com\/primero\/wp-json\/wp\/v2\/users\/4"}],"replies":[{"embeddable":true,"href":"http:\/\/www.pasadenahoy.com\/primero\/wp-json\/wp\/v2\/comments?post=14628"}],"version-history":[{"count":2,"href":"http:\/\/www.pasadenahoy.com\/primero\/wp-json\/wp\/v2\/posts\/14628\/revisions"}],"predecessor-version":[{"id":14631,"href":"http:\/\/www.pasadenahoy.com\/primero\/wp-json\/wp\/v2\/posts\/14628\/revisions\/14631"}],"wp:attachment":[{"href":"http:\/\/www.pasadenahoy.com\/primero\/wp-json\/wp\/v2\/media?parent=14628"}],"wp:term":[{"taxonomy":"category","embeddable":true,"href":"http:\/\/www.pasadenahoy.com\/primero\/wp-json\/wp\/v2\/categories?post=14628"},{"taxonomy":"post_tag","embeddable":true,"href":"http:\/\/www.pasadenahoy.com\/primero\/wp-json\/wp\/v2\/tags?post=14628"}],"curies":[{"name":"wp","href":"https:\/\/api.w.org\/{rel}","templated":true}]}}