{"id":14632,"date":"2022-02-21T15:27:46","date_gmt":"2022-02-21T15:27:46","guid":{"rendered":"http:\/\/www.pasadenahoy.com\/primero\/?p=14632"},"modified":"2022-02-21T15:27:47","modified_gmt":"2022-02-21T15:27:47","slug":"el-departamento-de-bomberos-de-pasadena-presentara-el-plan-de-evacuacion-y-proteccion-contra-incendios-forestales-del-area-de-arroyo","status":"publish","type":"post","link":"http:\/\/www.pasadenahoy.com\/primero\/la-comunidad\/el-departamento-de-bomberos-de-pasadena-presentara-el-plan-de-evacuacion-y-proteccion-contra-incendios-forestales-del-area-de-arroyo\/","title":{"rendered":"El Departamento de Bomberos de Pasadena presentar\u00e1 el plan de evacuaci\u00f3n y protecci\u00f3n contra incendios forestales del \u00e1rea de Arroyo"},"content":{"rendered":"\n<figure class=\"wp-block-image alignnone size-large\"><figure class=\"alignnone\"><img loading=\"lazy\" width=\"700\" height=\"518\" src=\"http:\/\/www.pasadenahoy.com\/primero\/wp-content\/uploads\/2022\/02\/pic-6-5.png\" alt=\"\" class=\"wp-image-14633\" srcset=\"http:\/\/www.pasadenahoy.com\/primero\/wp-content\/uploads\/2022\/02\/pic-6-5.png 700w, http:\/\/www.pasadenahoy.com\/primero\/wp-content\/uploads\/2022\/02\/pic-6-5-300x222.png 300w, http:\/\/www.pasadenahoy.com\/primero\/wp-content\/uploads\/2022\/02\/pic-6-5-176x130.png 176w, http:\/\/www.pasadenahoy.com\/primero\/wp-content\/uploads\/2022\/02\/pic-6-5-243x180.png 243w, http:\/\/www.pasadenahoy.com\/primero\/wp-content\/uploads\/2022\/02\/pic-6-5-360x266.png 360w\" sizes=\"100vw\" \/><\/figure><\/figure>\n\n\n\n<p>El Departamento de Bomberos de Pasadena brindar\u00e1 una sesi\u00f3n informativa p\u00fablica el mi\u00e9rcoles 23 de febrero sobre el Plan de Protecci\u00f3n Comunitaria contra Incendios Forestales y el plan de evacuaci\u00f3n del \u00e1rea de &#8220;Arroyo&#8221; al Comit\u00e9 de Seguridad P\u00fablica del Concejo Municipal.<\/p>\n\n\n\n<p>La presentaci\u00f3n es un tema de informaci\u00f3n solamente en la agenda de la reuni\u00f3n especial del Comit\u00e9, que comienza a las 4 p.m.<\/p>\n\n\n\n<p>El \u00e1rea \u201cArroyo\u201d de Pasadena, como se muestra en un informe preliminar sobre el plan, comprende el \u00e1rea delimitada por Oak Grove Drive en el norte; la autopista 210, Forest Ave., Lincoln Ave., Blake Street, N. Pasadena Ave. y la 134 en el este; el bulevar W. Colorado. y Arroyo Blvd. Intersecci\u00f3n al sur y l\u00edmite de la ciudad al oeste.<\/p>\n\n\n\n<p>Desarrollado por el Departamento de Bomberos de Pasadena en colaboraci\u00f3n con partes interesadas clave de la comunidad, otros departamentos de la ciudad de Pasadena y en consulta con un experto en incendios forestales del Departamento de Bomberos del Condado de Los \u00c1ngeles, el plan identifica opciones de evacuaci\u00f3n para quienes viven o trabajan en el \u00e1rea de &#8220;Arroyo&#8221;, y recomienda medidas para reducir la &#8220;inflamabilidad&#8221; de las estructuras en toda el \u00e1rea abordada por el plan.<\/p>\n\n\n\n<p>\u201cInflamabilidad\u201d se refiere a la tendencia de una estructura o material compuesto a encenderse o incendiarse.<\/p>\n\n\n\n<p>Los otros departamentos que ayudaron a organizar el plan incluyen el Departamento de Polic\u00eda de Pasadena, el Coordinador de ADA de la Ciudad, los Departamentos de Transporte, Obras P\u00fablicas, Tecnolog\u00eda de la Informaci\u00f3n, Agua y Energ\u00eda de Pasadena y el Oficial de Informaci\u00f3n P\u00fablica.<\/p>\n\n\n\n<p>\u201cAunque hist\u00f3ricamente los incendios forestales dentro de la ciudad han sido poco frecuentes, los modelos clim\u00e1ticos actuales pronostican un futuro escenario clim\u00e1tico m\u00e1s seco y c\u00e1lido para el \u00e1rea\u201d, dijo el Departamento de Bomberos en la apertura del informe. \u201cCon o sin cambio clim\u00e1tico, los incendios forestales son inevitables, sin embargo, el riesgo para los humanos se puede minimizar y la p\u00e9rdida y el da\u00f1o a hogares, negocios, infraestructura cr\u00edtica y otros desarrollos humanos se pueden reducir significativamente mediante una planificaci\u00f3n cuidadosa\u201d.<\/p>\n\n\n\n<p>Al brindar recomendaciones de evacuaci\u00f3n a las personas que residen o trabajan en el \u201cArroyo\u201d y sus alrededores, se espera que el plan mejore la protecci\u00f3n de la vida y la seguridad humanas y reduzca la amenaza de incendios forestales para viviendas, estructuras comerciales, infraestructura cr\u00edtica, empresas y espacios naturales e hist\u00f3ricos. recursos dentro de la ciudad, seg\u00fan el informe.<\/p>\n\n\n\n<p>El informe agreg\u00f3 que el factor m\u00e1s importante para el \u00e9xito de un Plan comunitario de protecci\u00f3n contra incendios forestales es que debe recomendar medidas que los propietarios de viviendas y las comunidades pueden tomar para reducir la inflamabilidad de las estructuras dentro del \u00e1rea cubierta por el plan.<\/p>\n\n\n\n<p>Para asegurar que la inflamabilidad se reduzca significativamente, el Departamento de Bomberos ha estado implementando un enfoque agresivo de prevenci\u00f3n de incendios en todo Pasadena, que incluye recordatorios anuales a todas las casas identificadas como Zonas de Severidad de Peligro de Incendio Alto o Muy Alto de la Ciudad, continuando las asociaciones con la comunidad. sobre aplicaci\u00f3n y prevenci\u00f3n; realizar inspecciones anuales de vegetaci\u00f3n peligrosa en el \u00e1rea de Arroyo; adoptar c\u00f3digos y ordenanzas contra incendios que requieran un \u201cespacio defendible\u201d de 100 pies alrededor de la casa; exigir un espacio libre vertical de pies entre la superficie del techo de cualquier edificio o estructura y cualquier follaje, rama o rama de cualquier \u00e1rbol u otra vegetaci\u00f3n; prohibir el uso de fuegos artificiales; y realizar patrullas de prevenci\u00f3n de incendios y equipos de ejecuci\u00f3n en la comunidad en los d\u00edas previos al 4 de julio.<\/p>\n\n\n\n<p>Las medidas tambi\u00e9n incluyen rociar miles de galones de Phos-Check en \u00e1reas alrededor del Rose Bowl cada a\u00f1o durante la temporada de incendios.<\/p>\n\n\n\n<p>Durante la reuni\u00f3n del Comit\u00e9 de Seguridad P\u00fablica, el personal del Departamento de Bomberos explicar\u00e1 otras medidas espec\u00edficas que los propietarios y residentes de Pasadena pueden tomar para ayudar a mitigar el impacto de los incendios en el \u00e1rea de Arroyo.<\/p>\n\n\n\n<p>Tambi\u00e9n explicar\u00e1n c\u00f3mo el Departamento de Bomberos y otros departamentos de la Ciudad tienen la intenci\u00f3n de implementar un proceso de notificaci\u00f3n inmediata para que los residentes sepan cu\u00e1ndo ser\u00eda necesaria una evacuaci\u00f3n y c\u00f3mo se debe proceder.<\/p>\n\n\n\n<p>Los miembros de la comunidad podr\u00e1n acceder a la reuni\u00f3n especial del Comit\u00e9 de Seguridad P\u00fablica el mi\u00e9rcoles hasta<\/p>\n\n\n\n<p><a href=\"http:\/\/pasadena.granicus.com\/MediaPlayer.php?publish_id=9\">http:\/\/pasadena.granicus.com\/MediaPlayer.php?publish_id=9<\/a> y en www.pasadenamedia.org.<\/p>\n\n\n\n<p>Durante la reuni\u00f3n, los miembros de la audiencia pueden proporcionar comentarios en vivo enviando una tarjeta de orador antes del inicio de la fase de comentarios p\u00fablicos, a trav\u00e9s de <a href=\"http:\/\/www.cityofpasadena.net\/commissions\/public-comment\">www.cityofpasadena.net\/commissions\/public-comment.<\/a> Tambi\u00e9n se pueden enviar otros comentarios por correo electr\u00f3nico a <a href=\"vflores@cityofpasadena.net\">vflores@cityofpasadena.net.<\/a><\/p>\n","protected":false},"excerpt":{"rendered":"<p>El Departamento de Bomberos de Pasadena brindar\u00e1 una sesi\u00f3n informativa p\u00fablica el mi\u00e9rcoles 23 de febrero sobre el Plan de Protecci\u00f3n Comunitaria contra Incendios Forestales y el plan de evacuaci\u00f3n del \u00e1rea de &#8220;Arroyo&#8221; al Comit\u00e9 de Seguridad P\u00fablica del Concejo Municipal. La presentaci\u00f3n es un tema de informaci\u00f3n solamente en la agenda de la reuni\u00f3n especial del Comit\u00e9, que comienza a las 4 p.m. El \u00e1rea \u201cArroyo\u201d de Pasadena, como se muestra en un informe preliminar sobre el plan, [&hellip;]<\/p>\n","protected":false},"author":4,"featured_media":0,"comment_status":"open","ping_status":"closed","sticky":false,"template":"","format":"standard","meta":[],"categories":[4],"tags":[],"acf":[],"_links":{"self":[{"href":"http:\/\/www.pasadenahoy.com\/primero\/wp-json\/wp\/v2\/posts\/14632"}],"collection":[{"href":"http:\/\/www.pasadenahoy.com\/primero\/wp-json\/wp\/v2\/posts"}],"about":[{"href":"http:\/\/www.pasadenahoy.com\/primero\/wp-json\/wp\/v2\/types\/post"}],"author":[{"embeddable":true,"href":"http:\/\/www.pasadenahoy.com\/primero\/wp-json\/wp\/v2\/users\/4"}],"replies":[{"embeddable":true,"href":"http:\/\/www.pasadenahoy.com\/primero\/wp-json\/wp\/v2\/comments?post=14632"}],"version-history":[{"count":2,"href":"http:\/\/www.pasadenahoy.com\/primero\/wp-json\/wp\/v2\/posts\/14632\/revisions"}],"predecessor-version":[{"id":14635,"href":"http:\/\/www.pasadenahoy.com\/primero\/wp-json\/wp\/v2\/posts\/14632\/revisions\/14635"}],"wp:attachment":[{"href":"http:\/\/www.pasadenahoy.com\/primero\/wp-json\/wp\/v2\/media?parent=14632"}],"wp:term":[{"taxonomy":"category","embeddable":true,"href":"http:\/\/www.pasadenahoy.com\/primero\/wp-json\/wp\/v2\/categories?post=14632"},{"taxonomy":"post_tag","embeddable":true,"href":"http:\/\/www.pasadenahoy.com\/primero\/wp-json\/wp\/v2\/tags?post=14632"}],"curies":[{"name":"wp","href":"https:\/\/api.w.org\/{rel}","templated":true}]}}