{"id":14636,"date":"2022-02-21T15:32:58","date_gmt":"2022-02-21T15:32:58","guid":{"rendered":"http:\/\/www.pasadenahoy.com\/primero\/?p=14636"},"modified":"2022-02-21T15:32:59","modified_gmt":"2022-02-21T15:32:59","slug":"presunto-conductor-ebrio-de-pasadena-arrestado-por-accidente-que-mato-a-su-pasajero","status":"publish","type":"post","link":"http:\/\/www.pasadenahoy.com\/primero\/la-comunidad\/presunto-conductor-ebrio-de-pasadena-arrestado-por-accidente-que-mato-a-su-pasajero\/","title":{"rendered":"Presunto conductor ebrio de Pasadena arrestado por accidente que mat\u00f3 a su pasajero"},"content":{"rendered":"\n<figure class=\"wp-block-image alignnone size-large\"><figure class=\"alignnone\"><img loading=\"lazy\" width=\"700\" height=\"378\" src=\"http:\/\/www.pasadenahoy.com\/primero\/wp-content\/uploads\/2022\/02\/pic-7-3.jpg\" alt=\"\" class=\"wp-image-14637\" srcset=\"http:\/\/www.pasadenahoy.com\/primero\/wp-content\/uploads\/2022\/02\/pic-7-3.jpg 700w, http:\/\/www.pasadenahoy.com\/primero\/wp-content\/uploads\/2022\/02\/pic-7-3-300x162.jpg 300w, http:\/\/www.pasadenahoy.com\/primero\/wp-content\/uploads\/2022\/02\/pic-7-3-241x130.jpg 241w, http:\/\/www.pasadenahoy.com\/primero\/wp-content\/uploads\/2022\/02\/pic-7-3-333x180.jpg 333w, http:\/\/www.pasadenahoy.com\/primero\/wp-content\/uploads\/2022\/02\/pic-7-3-360x194.jpg 360w\" sizes=\"100vw\" \/><\/figure><\/figure>\n\n\n\n<p>Un presunto conductor ebrio de 26 a\u00f1os fue arrestado bajo sospecha de homicidio vehicular grave y DUI despu\u00e9s de que una camioneta que conduc\u00eda se estrell\u00f3 contra un veh\u00edculo estacionado en Pasadena, matando a uno de sus dos pasajeros, dijeron las autoridades el s\u00e1bado.<\/p>\n\n\n\n<p>Oscar Mu\u00f1oz-Luna conduc\u00eda una camioneta Chevrolet Silverado 1998 verde hacia el este en Washington Place cuando choc\u00f3 contra un veh\u00edculo estacionado y desocupado en el lado sur de Washington Place, al oeste de Sunset Avenue, dijo el comandante Mark Goodman del Departamento de Polic\u00eda de Pasadena.<\/p>\n\n\n\n<p>El personal de bomberos y la polic\u00eda fueron enviados a la escena del accidente alrededor de las 9:30 p.m. Viernes. Los param\u00e9dicos llevaron a un hombre de 55 a\u00f1os a un hospital, donde muri\u00f3 a causa de sus heridas, dijo Goodman.<\/p>\n\n\n\n<p>Mu\u00f1oz-Luna y un pasajero del asiento trasero, un residente de Altadena de 40 a\u00f1os, sufrieron lesiones que no ponen en peligro su vida y fueron hospitalizados.<\/p>\n\n\n\n<p>Despu\u00e9s de recibir tratamiento m\u00e9dico, Mu\u00f1oz-Luna fue arrestada bajo sospecha de homicidio vehicular grave y delito grave de conducir bajo la influencia de una bebida alcoh\u00f3lica, dijo Goodman. El residente de Pasadena fue fichado en la c\u00e1rcel de la ciudad de Pasadena y estaba detenido en lugar de una fianza de $100,000.<\/p>\n\n\n\n<p>El nombre del hombre de 55 a\u00f1os, que tambi\u00e9n era residente de Pasadena, se dar\u00e1 a conocer hasta que se notifique a los familiares.<\/p>\n\n\n\n<p>La polic\u00eda de Pasadena inst\u00f3 a cualquier persona con informaci\u00f3n sobre el accidente a llamarlos al 626-744-4241 o Crime Stoppers al 800-222-8477.<\/p>\n","protected":false},"excerpt":{"rendered":"<p>Un presunto conductor ebrio de 26 a\u00f1os fue arrestado bajo sospecha de homicidio vehicular grave y DUI despu\u00e9s de que una camioneta que conduc\u00eda se estrell\u00f3 contra un veh\u00edculo estacionado en Pasadena, matando a uno de sus dos pasajeros, dijeron las autoridades el s\u00e1bado. Oscar Mu\u00f1oz-Luna conduc\u00eda una camioneta Chevrolet Silverado 1998 verde hacia el este en Washington Place cuando choc\u00f3 contra un veh\u00edculo estacionado y desocupado en el lado sur de Washington Place, al oeste de Sunset Avenue, dijo [&hellip;]<\/p>\n","protected":false},"author":4,"featured_media":0,"comment_status":"open","ping_status":"closed","sticky":false,"template":"","format":"standard","meta":[],"categories":[4],"tags":[],"acf":[],"_links":{"self":[{"href":"http:\/\/www.pasadenahoy.com\/primero\/wp-json\/wp\/v2\/posts\/14636"}],"collection":[{"href":"http:\/\/www.pasadenahoy.com\/primero\/wp-json\/wp\/v2\/posts"}],"about":[{"href":"http:\/\/www.pasadenahoy.com\/primero\/wp-json\/wp\/v2\/types\/post"}],"author":[{"embeddable":true,"href":"http:\/\/www.pasadenahoy.com\/primero\/wp-json\/wp\/v2\/users\/4"}],"replies":[{"embeddable":true,"href":"http:\/\/www.pasadenahoy.com\/primero\/wp-json\/wp\/v2\/comments?post=14636"}],"version-history":[{"count":3,"href":"http:\/\/www.pasadenahoy.com\/primero\/wp-json\/wp\/v2\/posts\/14636\/revisions"}],"predecessor-version":[{"id":14640,"href":"http:\/\/www.pasadenahoy.com\/primero\/wp-json\/wp\/v2\/posts\/14636\/revisions\/14640"}],"wp:attachment":[{"href":"http:\/\/www.pasadenahoy.com\/primero\/wp-json\/wp\/v2\/media?parent=14636"}],"wp:term":[{"taxonomy":"category","embeddable":true,"href":"http:\/\/www.pasadenahoy.com\/primero\/wp-json\/wp\/v2\/categories?post=14636"},{"taxonomy":"post_tag","embeddable":true,"href":"http:\/\/www.pasadenahoy.com\/primero\/wp-json\/wp\/v2\/tags?post=14636"}],"curies":[{"name":"wp","href":"https:\/\/api.w.org\/{rel}","templated":true}]}}