{"id":14659,"date":"2022-02-22T15:01:40","date_gmt":"2022-02-22T15:01:40","guid":{"rendered":"http:\/\/www.pasadenahoy.com\/primero\/?p=14659"},"modified":"2022-02-22T15:11:12","modified_gmt":"2022-02-22T15:11:12","slug":"state-of-the-city-speech-scheduled-for-thursday","status":"publish","type":"post","link":"http:\/\/www.pasadenahoy.com\/primero\/el-gobierno-local\/state-of-the-city-speech-scheduled-for-thursday\/","title":{"rendered":"Discurso sobre el estado de la ciudad programado para el jueves"},"content":{"rendered":"\n<figure class=\"wp-block-image alignnone size-large\"><figure class=\"alignnone\"><img loading=\"lazy\" width=\"700\" height=\"378\" src=\"http:\/\/www.pasadenahoy.com\/primero\/wp-content\/uploads\/2022\/02\/pic-1-3.png\" alt=\"\" class=\"wp-image-14660\" srcset=\"http:\/\/www.pasadenahoy.com\/primero\/wp-content\/uploads\/2022\/02\/pic-1-3.png 700w, http:\/\/www.pasadenahoy.com\/primero\/wp-content\/uploads\/2022\/02\/pic-1-3-300x162.png 300w, http:\/\/www.pasadenahoy.com\/primero\/wp-content\/uploads\/2022\/02\/pic-1-3-241x130.png 241w, http:\/\/www.pasadenahoy.com\/primero\/wp-content\/uploads\/2022\/02\/pic-1-3-333x180.png 333w, http:\/\/www.pasadenahoy.com\/primero\/wp-content\/uploads\/2022\/02\/pic-1-3-360x194.png 360w\" sizes=\"100vw\" \/><\/figure><\/figure>\n\n\n\n<p>El alcalde V\u00edctor Gordo dar\u00e1 el discurso anual sobre el estado de la ciudad a las 7 p.m. el 24 de febrero en Westerbrook Hall for the Performing Arts en Pasadena City College. La asistencia en persona est\u00e1 limitada debido a los protocolos de COVID.<\/p>\n\n\n\n<p>\u201cEn 2021, nuestro tema para el Estado de la ciudad fue \u00a1Un momento como ning\u00fan otro! Junto con el resto del mundo, est\u00e1bamos luchando en todos los aspectos de nuestras vidas: personal, profesional, financiero, de salud y familiar, sin un final a la vista\u201d, dijo Gordo en su bolet\u00edn semanal.<\/p>\n\n\n\n<p>\u201cEn ese momento, reci\u00e9n se estaban implementando las vacunas, nos comunicamos principalmente a trav\u00e9s de Zoom y vimos c\u00f3mo muchos de nuestros vecinos luchaban y lloraban por sus seres queridos. Dije entonces que cre\u00eda que trabajando juntos saldr\u00edamos m\u00e1s fuertes que cuando entramos en la pandemia. Y, un a\u00f1o despu\u00e9s, lo hemos demostrado. \u00a1Pasadena es resistente y somos m\u00e1s fuertes juntos!\u201d<\/p>\n\n\n\n<p>De acuerdo con el estatuto, \u201cA m\u00e1s tardar en febrero de cada a\u00f1o, el alcalde presentar\u00e1 un mensaje de presupuesto tem\u00e1tico para el pr\u00f3ximo a\u00f1o fiscal al Concejo Municipal\u201d.<\/p>\n\n\n\n<p>El prop\u00f3sito del discurso es alentar las sugerencias y comentarios del p\u00fablico sobre el presupuesto de la Ciudad antes de su preparaci\u00f3n y aprobaci\u00f3n final por parte del Concejo Municipal.<\/p>\n\n\n\n<p>El discurso del a\u00f1o pasado se llev\u00f3 a cabo virtualmente debido a la pandemia de COVID-19.<\/p>\n\n\n\n<p>Para confirmar su asistencia o para obtener m\u00e1s informaci\u00f3n, comun\u00edquese con Araceli Mellem, (626) 744-7210, <a href=\"amellem@cityofpasadena.net\">amellem@cityofpasadena.net.<\/a><\/p>\n\n\n\n<p>El evento se transmitir\u00e1 en vivo en YouTube en: <a href=\"https:\/\/www.youtube.com\/watch?v=UHi53VdVeBA\">https:\/\/www.youtube.com\/watch?v=UHi53VdVeBA<\/a><\/p>\n","protected":false},"excerpt":{"rendered":"<p>El alcalde V\u00edctor Gordo dar\u00e1 el discurso anual sobre el estado de la ciudad a las 7 p.m. el 24 de febrero en Westerbrook Hall for the Performing Arts en Pasadena City College. La asistencia en persona est\u00e1 limitada debido a los protocolos de COVID. \u201cEn 2021, nuestro tema para el Estado de la ciudad fue \u00a1Un momento como ning\u00fan otro! Junto con el resto del mundo, est\u00e1bamos luchando en todos los aspectos de nuestras vidas: personal, profesional, financiero, de [&hellip;]<\/p>\n","protected":false},"author":4,"featured_media":14660,"comment_status":"open","ping_status":"closed","sticky":false,"template":"","format":"standard","meta":[],"categories":[6],"tags":[],"acf":[],"_links":{"self":[{"href":"http:\/\/www.pasadenahoy.com\/primero\/wp-json\/wp\/v2\/posts\/14659"}],"collection":[{"href":"http:\/\/www.pasadenahoy.com\/primero\/wp-json\/wp\/v2\/posts"}],"about":[{"href":"http:\/\/www.pasadenahoy.com\/primero\/wp-json\/wp\/v2\/types\/post"}],"author":[{"embeddable":true,"href":"http:\/\/www.pasadenahoy.com\/primero\/wp-json\/wp\/v2\/users\/4"}],"replies":[{"embeddable":true,"href":"http:\/\/www.pasadenahoy.com\/primero\/wp-json\/wp\/v2\/comments?post=14659"}],"version-history":[{"count":4,"href":"http:\/\/www.pasadenahoy.com\/primero\/wp-json\/wp\/v2\/posts\/14659\/revisions"}],"predecessor-version":[{"id":14668,"href":"http:\/\/www.pasadenahoy.com\/primero\/wp-json\/wp\/v2\/posts\/14659\/revisions\/14668"}],"wp:featuredmedia":[{"embeddable":true,"href":"http:\/\/www.pasadenahoy.com\/primero\/wp-json\/wp\/v2\/media\/14660"}],"wp:attachment":[{"href":"http:\/\/www.pasadenahoy.com\/primero\/wp-json\/wp\/v2\/media?parent=14659"}],"wp:term":[{"taxonomy":"category","embeddable":true,"href":"http:\/\/www.pasadenahoy.com\/primero\/wp-json\/wp\/v2\/categories?post=14659"},{"taxonomy":"post_tag","embeddable":true,"href":"http:\/\/www.pasadenahoy.com\/primero\/wp-json\/wp\/v2\/tags?post=14659"}],"curies":[{"name":"wp","href":"https:\/\/api.w.org\/{rel}","templated":true}]}}