{"id":14663,"date":"2022-02-22T15:06:14","date_gmt":"2022-02-22T15:06:14","guid":{"rendered":"http:\/\/www.pasadenahoy.com\/primero\/?p=14663"},"modified":"2022-02-22T15:06:15","modified_gmt":"2022-02-22T15:06:15","slug":"jefe-de-policia-interino-respondera-preguntas-del-concejo-municipal-sobre-tiroteos-en-los-que-participan-agentes-en-reunion-del-comite","status":"publish","type":"post","link":"http:\/\/www.pasadenahoy.com\/primero\/la-comunidad\/jefe-de-policia-interino-respondera-preguntas-del-concejo-municipal-sobre-tiroteos-en-los-que-participan-agentes-en-reunion-del-comite\/","title":{"rendered":"Jefe de polic\u00eda interino responder\u00e1 preguntas del Concejo Municipal sobre tiroteos en los que participan agentes en reuni\u00f3n del comit\u00e9"},"content":{"rendered":"\n<figure class=\"wp-block-image alignnone size-large\"><figure class=\"alignnone\"><img loading=\"lazy\" width=\"700\" height=\"378\" src=\"http:\/\/www.pasadenahoy.com\/primero\/wp-content\/uploads\/2022\/02\/pic-2-10.jpg\" alt=\"\" class=\"wp-image-14664\" srcset=\"http:\/\/www.pasadenahoy.com\/primero\/wp-content\/uploads\/2022\/02\/pic-2-10.jpg 700w, http:\/\/www.pasadenahoy.com\/primero\/wp-content\/uploads\/2022\/02\/pic-2-10-300x162.jpg 300w, http:\/\/www.pasadenahoy.com\/primero\/wp-content\/uploads\/2022\/02\/pic-2-10-241x130.jpg 241w, http:\/\/www.pasadenahoy.com\/primero\/wp-content\/uploads\/2022\/02\/pic-2-10-333x180.jpg 333w, http:\/\/www.pasadenahoy.com\/primero\/wp-content\/uploads\/2022\/02\/pic-2-10-360x194.jpg 360w\" sizes=\"100vw\" \/><\/figure><\/figure>\n\n\n\n<p>La jefa de polic\u00eda interina, Cheryl Moody, tiene previsto responder a las preguntas del Concejo Municipal de Pasadena sobre tiroteos fatales en los que participaron agentes de polic\u00eda en un informe que se presentar\u00e1 ante el Comit\u00e9 de Seguridad P\u00fablica el mi\u00e9rcoles.<\/p>\n\n\n\n<p>Las 4 p. m. el art\u00edculo se agenda como un art\u00edculo sin voto, solo de informaci\u00f3n.<\/p>\n\n\n\n<p>\u201cDurante la reuni\u00f3n especial con fines de investigaci\u00f3n para el Concejo Municipal el 31 de enero, varios miembros del concejo tuvieron preguntas relacionadas con el tiempo que lleva completar una investigaci\u00f3n de tiroteo involucrada por un oficial\u201d, seg\u00fan la agenda del comit\u00e9.<\/p>\n\n\n\n<p>De acuerdo con la pol\u00edtica actual de la ciudad, los detectives locales responden a la escena inmediatamente despu\u00e9s de una OIS y comienzan una investigaci\u00f3n criminal y notifican a la oficina del fiscal de distrito. Los investigadores de la oficina del fiscal del distrito pueden llegar a la escena. Una vez que se completa el caso del detective, se env\u00eda al fiscal de distrito para que determine la legalidad del tiroteo.<\/p>\n\n\n\n<p>La investigaci\u00f3n administrativa de la ciudad se aplaza hasta que se complete la investigaci\u00f3n del fiscal de distrito y se resuelvan todos los asuntos de litigio civil.<\/p>\n\n\n\n<p>Desde 2016, los agentes de polic\u00eda de Pasadena han estado involucrados en cinco tiroteos fatales en los que han estado involucrados agentes.<\/p>\n\n\n\n<p>Cuatro investigaciones a\u00fan est\u00e1n pendientes, incluida una de 2021, dos de 2020 y una de 2019. En uno de esos incidentes, el sospechoso se suicid\u00f3 y la polic\u00eda no lo mat\u00f3.<\/p>\n\n\n\n<p>En noviembre, la polic\u00eda particip\u00f3 en un tiroteo en East Pasadena con Devin Edward Hall. Hall abri\u00f3 fuego en un vecindario del este de Pasadena en noviembre despu\u00e9s de que un hombre le dispar\u00f3 fatalmente y le dijo a su reh\u00e9n que quer\u00eda que ella realizara un acto sexual.<\/p>\n\n\n\n<p>La mujer tambi\u00e9n inform\u00f3 que el sospechoso Devin Edward Hall se suicid\u00f3 momentos despu\u00e9s de que ella huy\u00f3 de \u00e9l.<\/p>\n\n\n\n<p>Hall, un veterano militar, estaba usando a la mujer como escudo durante el tiroteo.<\/p>\n\n\n\n<p>En incidentes separados en 2020, la polic\u00eda le dispar\u00f3 fatalmente a Anthony McClain durante una parada de tr\u00e1fico y a Lloyd Nelson. Nelson, de 45 a\u00f1os, fue asesinado por oficiales despu\u00e9s de guiarlos en una persecuci\u00f3n lenta y abrir fuego contra los oficiales desde el interior de su veh\u00edculo.<\/p>\n\n\n\n<p>En mayo, los agentes de polic\u00eda de Pasadena le dispararon fatalmente a Daniel Warren, de 36 a\u00f1os, en el noroeste de Pasadena despu\u00e9s de que Warren apuntara con un arma a los agentes, quienes abrieron fuego contra \u00e9l. Warren vest\u00eda un chaleco antibalas y estaba armado con un rifle equipado con un cargador estilo tambor de alta capacidad, as\u00ed como con una pistola.<\/p>\n\n\n\n<p>Warren se hab\u00eda retirado a un patio trasero cercano, donde lo encontraron inconsciente y lo declararon muerto por al menos una herida de bala.<\/p>\n\n\n\n<p>El da. tambi\u00e9n es responsable de los incidentes de la OIS en otras ciudades del condado y de los incidentes que involucran al Departamento del Sheriff del condado de Los \u00c1ngeles, que patrulla las partes no incorporadas del condado.<\/p>\n\n\n\n<p>Los oficiales del Departamento de Polic\u00eda de Los \u00c1ngeles dispararon fatalmente a siete personas en 2020 y a 12 en 2019, seg\u00fan LA Times. Seg\u00fan los informes en el sitio web del fiscal de distrito, el D.A. public\u00f3 por \u00faltima vez un informe sobre un tiroteo en el que particip\u00f3 un oficial en diciembre. Ese tiroteo tuvo lugar en 2019. Varios otros informes publicados recientemente fueron investigaciones de incidentes que ocurrieron en 2020.<\/p>\n\n\n\n<p>Un informe publicado en noviembre detall\u00f3 una investigaci\u00f3n de un tiroteo de LAPD en 2017.<\/p>\n\n\n\n<p>En enero, el Concejo Municipal vot\u00f3 5-2 en contra de una solicitud para que el administrador de la ciudad estableciera una pol\u00edtica que habr\u00eda requerido que la polic\u00eda completara su investigaci\u00f3n interna, que es est\u00e1ndar y est\u00e1 separada de la investigaci\u00f3n del fiscal de distrito, dentro de los nueve meses posteriores a una disparos en los que intervino un oficial.<\/p>\n\n\n\n<p>\u201cCreo que todos podemos estar de acuerdo en que dejar que estos incidentes dif\u00edciles se enconen durante a\u00f1os mientras esperamos la carta de determinaci\u00f3n del fiscal de distrito no es bueno para las familias de las v\u00edctimas, la confianza p\u00fablica o los oficiales\u201d, dijo el vicealcalde Andy Wilson a Pasadena Now en Mi\u00e9rcoles.<\/p>\n\n\n\n<p>El alcalde V\u00edctor Gordo pidi\u00f3 al jefe de polic\u00eda de la ciudad que escribiera una carta al fiscal de distrito George Gasc\u00f3n pidiendo m\u00e1s recursos para las investigaciones. La jefa de polic\u00eda interina de Pasadena, Cheryl Moody, se comunicar\u00e1 con otros jefes de polic\u00eda que est\u00e1n esperando que concluyan largas investigaciones.<\/p>\n\n\n\n<p>\u201cCreo que deber\u00edamos hacer todo lo que podamos como ciudad para persuadir a los jefes de polic\u00eda de ideas afines y otros funcionarios electos para que lleven este asunto al fiscal de distrito\u201d, dijo Gordo.<\/p>\n","protected":false},"excerpt":{"rendered":"<p>La jefa de polic\u00eda interina, Cheryl Moody, tiene previsto responder a las preguntas del Concejo Municipal de Pasadena sobre tiroteos fatales en los que participaron agentes de polic\u00eda en un informe que se presentar\u00e1 ante el Comit\u00e9 de Seguridad P\u00fablica el mi\u00e9rcoles. Las 4 p. m. el art\u00edculo se agenda como un art\u00edculo sin voto, solo de informaci\u00f3n. \u201cDurante la reuni\u00f3n especial con fines de investigaci\u00f3n para el Concejo Municipal el 31 de enero, varios miembros del concejo tuvieron preguntas [&hellip;]<\/p>\n","protected":false},"author":4,"featured_media":14664,"comment_status":"open","ping_status":"closed","sticky":false,"template":"","format":"standard","meta":[],"categories":[4],"tags":[],"acf":[],"_links":{"self":[{"href":"http:\/\/www.pasadenahoy.com\/primero\/wp-json\/wp\/v2\/posts\/14663"}],"collection":[{"href":"http:\/\/www.pasadenahoy.com\/primero\/wp-json\/wp\/v2\/posts"}],"about":[{"href":"http:\/\/www.pasadenahoy.com\/primero\/wp-json\/wp\/v2\/types\/post"}],"author":[{"embeddable":true,"href":"http:\/\/www.pasadenahoy.com\/primero\/wp-json\/wp\/v2\/users\/4"}],"replies":[{"embeddable":true,"href":"http:\/\/www.pasadenahoy.com\/primero\/wp-json\/wp\/v2\/comments?post=14663"}],"version-history":[{"count":2,"href":"http:\/\/www.pasadenahoy.com\/primero\/wp-json\/wp\/v2\/posts\/14663\/revisions"}],"predecessor-version":[{"id":14666,"href":"http:\/\/www.pasadenahoy.com\/primero\/wp-json\/wp\/v2\/posts\/14663\/revisions\/14666"}],"wp:featuredmedia":[{"embeddable":true,"href":"http:\/\/www.pasadenahoy.com\/primero\/wp-json\/wp\/v2\/media\/14664"}],"wp:attachment":[{"href":"http:\/\/www.pasadenahoy.com\/primero\/wp-json\/wp\/v2\/media?parent=14663"}],"wp:term":[{"taxonomy":"category","embeddable":true,"href":"http:\/\/www.pasadenahoy.com\/primero\/wp-json\/wp\/v2\/categories?post=14663"},{"taxonomy":"post_tag","embeddable":true,"href":"http:\/\/www.pasadenahoy.com\/primero\/wp-json\/wp\/v2\/tags?post=14663"}],"curies":[{"name":"wp","href":"https:\/\/api.w.org\/{rel}","templated":true}]}}