{"id":14669,"date":"2022-02-22T15:14:31","date_gmt":"2022-02-22T15:14:31","guid":{"rendered":"http:\/\/www.pasadenahoy.com\/primero\/?p=14669"},"modified":"2022-02-22T15:14:32","modified_gmt":"2022-02-22T15:14:32","slug":"las-hospitalizaciones-por-covid-en-el-condado-de-los-angeles-caen-a-1310","status":"publish","type":"post","link":"http:\/\/www.pasadenahoy.com\/primero\/la-comunidad\/las-hospitalizaciones-por-covid-en-el-condado-de-los-angeles-caen-a-1310\/","title":{"rendered":"Las hospitalizaciones por COVID en el condado de Los \u00c1ngeles caen a 1,310"},"content":{"rendered":"\n<figure class=\"wp-block-image alignnone size-large\"><figure class=\"alignnone\"><img loading=\"lazy\" width=\"718\" height=\"400\" src=\"http:\/\/www.pasadenahoy.com\/primero\/wp-content\/uploads\/2022\/02\/pic-3-9.jpg\" alt=\"\" class=\"wp-image-14670\" srcset=\"http:\/\/www.pasadenahoy.com\/primero\/wp-content\/uploads\/2022\/02\/pic-3-9.jpg 718w, http:\/\/www.pasadenahoy.com\/primero\/wp-content\/uploads\/2022\/02\/pic-3-9-300x167.jpg 300w, http:\/\/www.pasadenahoy.com\/primero\/wp-content\/uploads\/2022\/02\/pic-3-9-233x130.jpg 233w, http:\/\/www.pasadenahoy.com\/primero\/wp-content\/uploads\/2022\/02\/pic-3-9-323x180.jpg 323w, http:\/\/www.pasadenahoy.com\/primero\/wp-content\/uploads\/2022\/02\/pic-3-9-700x390.jpg 700w, http:\/\/www.pasadenahoy.com\/primero\/wp-content\/uploads\/2022\/02\/pic-3-9-360x201.jpg 360w\" sizes=\"100vw\" \/><\/figure><\/figure>\n\n\n\n<p>La cantidad de pacientes con COVID-positivo en los hospitales del condado de Los \u00c1ngeles se redujo a 1310, frente a los 1391 del d\u00eda anterior y una gran ca\u00edda desde mediados del mes pasado, cuando superaba los 4800, seg\u00fan las \u00faltimas cifras estatales publicadas el lunes.<\/p>\n\n\n\n<p>Los \u00faltimos n\u00fameros se produjeron cuando los funcionarios de salud locales informaron otras 21 muertes asociadas con COVID-19. Tambi\u00e9n se informaron 1.345 nuevas pruebas positivas de COVID, mucho menos que los 2.780 nuevos casos informados el d\u00eda anterior. La cantidad de casos y muertes probablemente refleje retrasos en los informes durante el fin de semana festivo, seg\u00fan el Departamento de Salud P\u00fablica del Condado de Los \u00c1ngeles.<\/p>\n\n\n\n<p>Las cifras del lunes elevaron los totales acumulados del condado a 2,784,276 casos y 30,376 muertes desde que comenz\u00f3 la pandemia.<\/p>\n\n\n\n<p>La tasa promedio m\u00f3vil de personas que dieron positivo por el virus fue del 1,8% a partir del lunes, por debajo del 1,9% el domingo, el 2% el s\u00e1bado, el 2,2% el viernes y el 3% el lunes pasado.<\/p>\n\n\n\n<p>La ca\u00edda en curso de las hospitalizaciones llev\u00f3 al condado a eliminar la semana pasada el requisito de uso de m\u00e1scaras para megaeventos al aire libre y en espacios al aire libre en escuelas y guarder\u00edas. El mandato de uso de m\u00e1scaras en interiores del condado sigue vigente, a pesar de que el estado levant\u00f3 su regla de uso de m\u00e1scaras en interiores.<\/p>\n\n\n\n<p>La regla del condado permanecer\u00e1 vigente hasta que su tasa de transmisi\u00f3n, seg\u00fan lo definido por los Centros para el Control y la Prevenci\u00f3n de Enfermedades de EE. UU., caiga al nivel &#8220;moderado&#8221; y permanezca all\u00ed durante dos semanas. Eso requiere que el condado alcance una tasa de infecci\u00f3n de 50 por cada 100,000 residentes. Hasta el viernes, la tasa del condado era de 300 por 100.000.<\/p>\n\n\n\n<p>Esa tasa ha estado cayendo constantemente, y la Directora de Salud P\u00fablica, Barbara Ferrer, le dijo a la Junta de Supervisores el martes que, al ritmo actual, el condado alcanzar\u00e1 la tasa &#8220;moderada&#8221; para el 16 de marzo, lo que significa que el mandato de uso de m\u00e1scaras en interiores se levantar\u00eda para el 30 de marzo.<\/p>\n\n\n\n<p>Seg\u00fan las cifras publicadas la semana pasada, el 82% de los residentes elegibles de 5 a\u00f1os o m\u00e1s han recibido al menos una dosis de la vacuna COVID, mientras que el 74% est\u00e1n completamente vacunados y el 36% est\u00e1n completamente vacunados y recibieron una vacuna de refuerzo.<\/p>\n\n\n\n<p>De la poblaci\u00f3n general del condado de 10,3 millones, el 78 % ha recibido al menos una dosis, el 70 % est\u00e1 completamente vacunado y el 34 % ha recibido una vacuna de refuerzo.<\/p>\n","protected":false},"excerpt":{"rendered":"<p>La cantidad de pacientes con COVID-positivo en los hospitales del condado de Los \u00c1ngeles se redujo a 1310, frente a los 1391 del d\u00eda anterior y una gran ca\u00edda desde mediados del mes pasado, cuando superaba los 4800, seg\u00fan las \u00faltimas cifras estatales publicadas el lunes. Los \u00faltimos n\u00fameros se produjeron cuando los funcionarios de salud locales informaron otras 21 muertes asociadas con COVID-19. Tambi\u00e9n se informaron 1.345 nuevas pruebas positivas de COVID, mucho menos que los 2.780 nuevos casos [&hellip;]<\/p>\n","protected":false},"author":4,"featured_media":14670,"comment_status":"open","ping_status":"closed","sticky":false,"template":"","format":"standard","meta":[],"categories":[4],"tags":[],"acf":[],"_links":{"self":[{"href":"http:\/\/www.pasadenahoy.com\/primero\/wp-json\/wp\/v2\/posts\/14669"}],"collection":[{"href":"http:\/\/www.pasadenahoy.com\/primero\/wp-json\/wp\/v2\/posts"}],"about":[{"href":"http:\/\/www.pasadenahoy.com\/primero\/wp-json\/wp\/v2\/types\/post"}],"author":[{"embeddable":true,"href":"http:\/\/www.pasadenahoy.com\/primero\/wp-json\/wp\/v2\/users\/4"}],"replies":[{"embeddable":true,"href":"http:\/\/www.pasadenahoy.com\/primero\/wp-json\/wp\/v2\/comments?post=14669"}],"version-history":[{"count":2,"href":"http:\/\/www.pasadenahoy.com\/primero\/wp-json\/wp\/v2\/posts\/14669\/revisions"}],"predecessor-version":[{"id":14672,"href":"http:\/\/www.pasadenahoy.com\/primero\/wp-json\/wp\/v2\/posts\/14669\/revisions\/14672"}],"wp:featuredmedia":[{"embeddable":true,"href":"http:\/\/www.pasadenahoy.com\/primero\/wp-json\/wp\/v2\/media\/14670"}],"wp:attachment":[{"href":"http:\/\/www.pasadenahoy.com\/primero\/wp-json\/wp\/v2\/media?parent=14669"}],"wp:term":[{"taxonomy":"category","embeddable":true,"href":"http:\/\/www.pasadenahoy.com\/primero\/wp-json\/wp\/v2\/categories?post=14669"},{"taxonomy":"post_tag","embeddable":true,"href":"http:\/\/www.pasadenahoy.com\/primero\/wp-json\/wp\/v2\/tags?post=14669"}],"curies":[{"name":"wp","href":"https:\/\/api.w.org\/{rel}","templated":true}]}}