{"id":14673,"date":"2022-02-22T15:17:37","date_gmt":"2022-02-22T15:17:37","guid":{"rendered":"http:\/\/www.pasadenahoy.com\/primero\/?p=14673"},"modified":"2022-02-22T15:17:38","modified_gmt":"2022-02-22T15:17:38","slug":"es-probable-que-llueva-al-comenzar-la-semana-laboral","status":"publish","type":"post","link":"http:\/\/www.pasadenahoy.com\/primero\/la-comunidad\/es-probable-que-llueva-al-comenzar-la-semana-laboral\/","title":{"rendered":"Es probable que llueva al comenzar la semana laboral"},"content":{"rendered":"\n<figure class=\"wp-block-image alignnone size-large\"><figure class=\"alignnone\"><img loading=\"lazy\" width=\"700\" height=\"377\" src=\"http:\/\/www.pasadenahoy.com\/primero\/wp-content\/uploads\/2022\/02\/pic-4-1.png\" alt=\"\" class=\"wp-image-14674\" srcset=\"http:\/\/www.pasadenahoy.com\/primero\/wp-content\/uploads\/2022\/02\/pic-4-1.png 700w, http:\/\/www.pasadenahoy.com\/primero\/wp-content\/uploads\/2022\/02\/pic-4-1-300x162.png 300w, http:\/\/www.pasadenahoy.com\/primero\/wp-content\/uploads\/2022\/02\/pic-4-1-241x130.png 241w, http:\/\/www.pasadenahoy.com\/primero\/wp-content\/uploads\/2022\/02\/pic-4-1-334x180.png 334w, http:\/\/www.pasadenahoy.com\/primero\/wp-content\/uploads\/2022\/02\/pic-4-1-360x194.png 360w\" sizes=\"100vw\" \/><\/figure><\/figure>\n\n\n\n<p>Un sistema de tormentas muy fr\u00edas se mover\u00e1 a trav\u00e9s del \u00e1rea de martes a mi\u00e9rcoles, trayendo una amenaza de lluvia y r\u00e1fagas de viento junto con una peque\u00f1a posibilidad de tormentas el\u00e9ctricas con granizo peque\u00f1o el martes por la noche.<\/p>\n\n\n\n<p>Los meteor\u00f3logos del Servicio Meteorol\u00f3gico Nacional predijeron un 30 por ciento de probabilidad de lluvia el martes por la ma\u00f1ana y un 40 por ciento de probabilidad el mi\u00e9rcoles.<\/p>\n\n\n\n<p>Tanto las temperaturas diurnas como las nocturnas ser\u00e1n fr\u00edas, y solo llegar\u00e1n a mediados de los 50 ambos d\u00edas. El mi\u00e9rcoles por la noche caer\u00e1 a los 30 superiores.<\/p>\n\n\n\n<p>Se espera tiempo seco desde el jueves hasta el fin de semana con una tendencia al calentamiento.<\/p>\n\n\n\n<p>Aqu\u00ed est\u00e1 el pron\u00f3stico detallado de NWS:<\/p>\n\n\n\n<p>Martes: 30 por ciento de probabilidad de lluvias, principalmente despu\u00e9s de las 10 am. Parcialmente soleado, la m\u00e1xima alrededor de 56. Poco ventoso, con viento del sur sureste de 10 a 20 mph y luego llegar\u00e1 del suroeste por la ma\u00f1ana. Los vientos podr\u00edan tener r\u00e1fagas de hasta 30 mph.<\/p>\n\n\n\n<p>Mar. por la Noche: Lluvias probables y posiblemente una tormenta el\u00e9ctrica antes de las 4 am, y luego una probabilidad de lluvias y tormentas el\u00e9ctricas despu\u00e9s de las 4 am. Mayormente nublado, la m\u00ednima alrededor de 41. Viento del oeste suroeste entre 10 y 15 mph, con r\u00e1fagas de hasta 25 mph. La probabilidad de precipitaci\u00f3n es del 60%.<\/p>\n\n\n\n<p>Mi\u00e9rcoles: 40 por ciento de probabilidad de lluvias, principalmente antes de las 10 am. Parcialmente soleado, la m\u00e1xima alrededor de 56. Viento del oeste noroeste entre 10 y 15 mph, con r\u00e1fagas de hasta 20 mph.<\/p>\n\n\n\n<p>Mi\u00e9. por la Noche: Mayormente despejado, la m\u00ednima alrededor de 39. Viento del norte entre 5 y 10 mph, con r\u00e1fagas de hasta 15 mph.<\/p>\n\n\n\n<p>Jueves: Soleado, la m\u00e1xima alrededor de 61.<\/p>\n\n\n\n<p>por la Noche: Mayormente despejado, la m\u00ednima alrededor de 40.<\/p>\n\n\n\n<p>Viernes: Soleado, la m\u00e1xima alrededor de 65.<\/p>\n\n\n\n<p>Vie. por la Noche: Mayormente despejado, la m\u00ednima alrededor de 43.<\/p>\n\n\n\n<p>S\u00e1bado: Soleado, la m\u00e1xima alrededor de 70.<\/p>\n\n\n\n<p>S\u00e1b. por la Noche: Mayormente despejado, la m\u00ednima alrededor de 44.<\/p>\n\n\n\n<p>Domingo: Mayormente soleado, la m\u00e1xima alrededor de 74.<\/p>\n\n\n\n<p>Dom. por la Noche: Medio nublado, la m\u00ednima alrededor de 47.<\/p>\n\n\n\n<p>Lunes: Soleado, la m\u00e1xima alrededor de 78.<\/p>\n","protected":false},"excerpt":{"rendered":"<p>Un sistema de tormentas muy fr\u00edas se mover\u00e1 a trav\u00e9s del \u00e1rea de martes a mi\u00e9rcoles, trayendo una amenaza de lluvia y r\u00e1fagas de viento junto con una peque\u00f1a posibilidad de tormentas el\u00e9ctricas con granizo peque\u00f1o el martes por la noche. Los meteor\u00f3logos del Servicio Meteorol\u00f3gico Nacional predijeron un 30 por ciento de probabilidad de lluvia el martes por la ma\u00f1ana y un 40 por ciento de probabilidad el mi\u00e9rcoles. Tanto las temperaturas diurnas como las nocturnas ser\u00e1n fr\u00edas, y [&hellip;]<\/p>\n","protected":false},"author":4,"featured_media":0,"comment_status":"open","ping_status":"closed","sticky":false,"template":"","format":"standard","meta":[],"categories":[4],"tags":[],"acf":[],"_links":{"self":[{"href":"http:\/\/www.pasadenahoy.com\/primero\/wp-json\/wp\/v2\/posts\/14673"}],"collection":[{"href":"http:\/\/www.pasadenahoy.com\/primero\/wp-json\/wp\/v2\/posts"}],"about":[{"href":"http:\/\/www.pasadenahoy.com\/primero\/wp-json\/wp\/v2\/types\/post"}],"author":[{"embeddable":true,"href":"http:\/\/www.pasadenahoy.com\/primero\/wp-json\/wp\/v2\/users\/4"}],"replies":[{"embeddable":true,"href":"http:\/\/www.pasadenahoy.com\/primero\/wp-json\/wp\/v2\/comments?post=14673"}],"version-history":[{"count":2,"href":"http:\/\/www.pasadenahoy.com\/primero\/wp-json\/wp\/v2\/posts\/14673\/revisions"}],"predecessor-version":[{"id":14676,"href":"http:\/\/www.pasadenahoy.com\/primero\/wp-json\/wp\/v2\/posts\/14673\/revisions\/14676"}],"wp:attachment":[{"href":"http:\/\/www.pasadenahoy.com\/primero\/wp-json\/wp\/v2\/media?parent=14673"}],"wp:term":[{"taxonomy":"category","embeddable":true,"href":"http:\/\/www.pasadenahoy.com\/primero\/wp-json\/wp\/v2\/categories?post=14673"},{"taxonomy":"post_tag","embeddable":true,"href":"http:\/\/www.pasadenahoy.com\/primero\/wp-json\/wp\/v2\/tags?post=14673"}],"curies":[{"name":"wp","href":"https:\/\/api.w.org\/{rel}","templated":true}]}}