{"id":14688,"date":"2022-02-23T14:56:36","date_gmt":"2022-02-23T14:56:36","guid":{"rendered":"http:\/\/www.pasadenahoy.com\/primero\/?p=14688"},"modified":"2022-02-23T14:56:37","modified_gmt":"2022-02-23T14:56:37","slug":"pasadena-a-punto-de-aliviar-el-requisito-de-uso-de-mascaras-en-interiores","status":"publish","type":"post","link":"http:\/\/www.pasadenahoy.com\/primero\/la-comunidad\/pasadena-a-punto-de-aliviar-el-requisito-de-uso-de-mascaras-en-interiores\/","title":{"rendered":"Pasadena a punto de aliviar el requisito de uso de m\u00e1scaras en interiores"},"content":{"rendered":"\n<figure class=\"wp-block-image alignnone size-large\"><figure class=\"alignnone\"><img loading=\"lazy\" width=\"700\" height=\"378\" src=\"http:\/\/www.pasadenahoy.com\/primero\/wp-content\/uploads\/2022\/02\/pic-1-12.jpg\" alt=\"\" class=\"wp-image-14689\" srcset=\"http:\/\/www.pasadenahoy.com\/primero\/wp-content\/uploads\/2022\/02\/pic-1-12.jpg 700w, http:\/\/www.pasadenahoy.com\/primero\/wp-content\/uploads\/2022\/02\/pic-1-12-300x162.jpg 300w, http:\/\/www.pasadenahoy.com\/primero\/wp-content\/uploads\/2022\/02\/pic-1-12-241x130.jpg 241w, http:\/\/www.pasadenahoy.com\/primero\/wp-content\/uploads\/2022\/02\/pic-1-12-333x180.jpg 333w, http:\/\/www.pasadenahoy.com\/primero\/wp-content\/uploads\/2022\/02\/pic-1-12-360x194.jpg 360w\" sizes=\"100vw\" \/><\/figure><\/figure>\n\n\n\n<p>Un portavoz de la ciudad de Pasadena dijo el mi\u00e9rcoles por la ma\u00f1ana que Pasadena planea aflojar ciertos requisitos para cubrirse la cara en interiores para permitir que las personas vacunadas se quiten las m\u00e1scaras en lugares interiores que verifican el estado de vacunaci\u00f3n contra COVID-19.<\/p>\n\n\n\n<p>\u201cExtenderemos el mismo tipo de verificaci\u00f3n de vacunas que se requiere actualmente para bares y clubes nocturnos cerrados, como una opci\u00f3n para otros entornos p\u00fablicos\u201d, dijo Lisa Derderian en un correo electr\u00f3nico. \u201cPermitiremos que otros entornos p\u00fablicos, como gimnasios, oficinas, etc., tengan la opci\u00f3n de verificar el estado de vacunaci\u00f3n de cada cliente. Si est\u00e1n completamente vacunados, pueden ser desenmascarados si as\u00ed lo desean. Sin embargo, cualquier cliente que no est\u00e9 vacunado solo puede ingresar si tiene prueba de una prueba negativa y permanece enmascarado\u201d.<\/p>\n\n\n\n<p>Todo el personal, agreg\u00f3 Derderian, debe permanecer enmascarado.<\/p>\n\n\n\n<p>Se espera que los cambios se implementen en coordinaci\u00f3n con los departamentos de salud del condado de Los \u00c1ngeles y Long Beach.<\/p>\n\n\n\n<p>La supervisora \u200b\u200bdel condado, Janice Hahn, tuite\u00f3 el martes que el Departamento de Salud P\u00fablica del condado emitir\u00e1 una Orden del Oficial de Salud actualizada esta semana, que posiblemente entrar\u00e1 en vigencia el viernes, \u201cpermitiendo que las personas vacunadas se quiten las m\u00e1scaras en interiores en lugares que verifiquen la prueba de vacunaci\u00f3n. Esto nos pone significativamente m\u00e1s cerca de alinearnos con el estado\u201d.<\/p>\n\n\n\n<p>El Departamento de Salud P\u00fablica no respondi\u00f3 de inmediato a una solicitud de comentarios.<\/p>\n\n\n\n<p>Tal movimiento ser\u00eda una gran relajaci\u00f3n del estricto mandato de uso de m\u00e1scaras en interiores del condado, que requiere que las personas se cubran la cara en la mayor\u00eda de los entornos interiores, independientemente del estado de vacunaci\u00f3n. La regla del condado sigue vigente, a pesar de que el estado levant\u00f3 su mandato de uso de mascarillas en interiores la semana pasada.<\/p>\n\n\n\n<p>La directora de salud p\u00fablica del condado, Barbara Ferrer, describi\u00f3 previamente las m\u00e9tricas que tendr\u00edan que cumplirse para que el condado abandone su mandato de uso de m\u00e1scaras en interiores, m\u00e9tricas que probablemente mantendr\u00edan la regla vigente hasta fines de marzo.<\/p>\n\n\n\n<p>Pero la disidencia creci\u00f3 entre la Junta de Supervisores del condado la semana pasada cuando Hahn se uni\u00f3 a su colega Kathryn Barger para pedir que el condado se alineara con el estado en el tema del uso de m\u00e1scaras en interiores.<\/p>\n\n\n\n<p>Aunque la mayor\u00eda de los cinco miembros de la junta continuaron apoyando la regla del uso de mascarillas en el condado, Ferrer le dijo al panel el martes pasado que la agencia de salud estaba explorando la posibilidad de aliviar el mandato de interiores en lugares donde existen otras &#8220;capas de protecci\u00f3n&#8221;, como como vacunas o pruebas obligatorias de COVID.<\/p>\n\n\n\n<p>Anteriormente, Ferrer dijo que la regla de las m\u00e1scaras en interiores permanecer\u00eda vigente hasta que:<\/p>\n\n\n\n<p>el nivel de transmisi\u00f3n de COVID del condado cae al nivel &#8220;moderado&#8221; seg\u00fan lo definido por los Centros para el Control de Enfermedades de EE. UU. y permanece all\u00ed durante dos semanas; O<\/p>\n\n\n\n<p>Las vacunas COVID han estado disponibles para residentes menores de 5 a\u00f1os durante al menos ocho semanas; Y<\/p>\n\n\n\n<p>no se han identificado &#8220;variantes de preocupaci\u00f3n&#8221; emergentes de COVID que puedan provocar otro aumento en los casos.<\/p>\n\n\n\n<p>Seg\u00fan Ferrer, alcanzar el nivel de transmisi\u00f3n &#8220;moderado&#8221; de los CDC requiere que el condado tenga una tasa de infecci\u00f3n acumulada de siete d\u00edas de menos de 50 por cada 100,000 residentes. Hasta el lunes, la tasa del condado era de 133 por cada 100.000 habitantes.<\/p>\n\n\n\n<p>Ferrer se\u00f1al\u00f3 que la tasa del condado ha ido disminuyendo constantemente y, al ritmo actual, el condado alcanzar\u00eda la designaci\u00f3n de &#8220;moderado&#8221; para el 16 de marzo, lo que significa que el mandato de uso de m\u00e1scaras en interiores se levantar\u00eda para el 30 de marzo.<\/p>\n\n\n\n<p>Barger argument\u00f3, sin embargo, que mantener reglas m\u00e1s estrictas que las del estado cre\u00f3 confusi\u00f3n entre los residentes y contribuy\u00f3 a la falta de cumplimiento, lo cual se mostr\u00f3 por completo durante el reciente Super Bowl en Inglewood, donde los fan\u00e1ticos violaron casi universalmente el mandato de uso de m\u00e1scaras al aire libre del condado.<\/p>\n\n\n\n<p>Ese mandato de uso de m\u00e1scaras al aire libre se levant\u00f3 el mi\u00e9rcoles pasado, tres d\u00edas despu\u00e9s del Super Bowl, para &#8220;megaeventos&#8221; al aire libre y actividades al aire libre en escuelas y guarder\u00edas. Todav\u00eda se requieren m\u00e1scaras en el interior de las escuelas seg\u00fan una orden estatal que est\u00e1 programada para revisarse nuevamente a fines de mes.<\/p>\n\n\n\n<p>Mientras tanto, el condado de Los \u00c1ngeles report\u00f3 otras 36 muertes relacionadas con COVID el martes, elevando el n\u00famero total de muertes por pandemia a 30,411.<\/p>\n\n\n\n<p>Tambi\u00e9n se confirmaron otros 1,188 casos, lo que le da al condado un total acumulado durante la pandemia de 2,785,449. La tasa diaria promedio m\u00f3vil de personas que se hicieron la prueba del virus fue del 1,9% hasta el martes.<\/p>\n\n\n\n<p>Seg\u00fan cifras estatales, hab\u00eda 1276 pacientes con COVID positivo en los hospitales del condado hasta el martes, frente a los 1310 del lunes. De esos pacientes, 279 estaban siendo tratados en cuidados intensivos.<\/p>\n\n\n\n<p>Seg\u00fan las cifras publicadas la semana pasada, el 82% de los residentes elegibles de 5 a\u00f1os o m\u00e1s han recibido al menos una dosis de la vacuna COVID, mientras que el 74% est\u00e1n completamente vacunados y el 36% est\u00e1n completamente vacunados y recibieron una vacuna de refuerzo.<\/p>\n\n\n\n<p>De la poblaci\u00f3n general del condado de 10,3 millones, el 78 % ha recibido al menos una dosis, el 70 % est\u00e1 completamente vacunado y el 34 % ha recibido una vacuna de refuerzo.<\/p>\n","protected":false},"excerpt":{"rendered":"<p>Un portavoz de la ciudad de Pasadena dijo el mi\u00e9rcoles por la ma\u00f1ana que Pasadena planea aflojar ciertos requisitos para cubrirse la cara en interiores para permitir que las personas vacunadas se quiten las m\u00e1scaras en lugares interiores que verifican el estado de vacunaci\u00f3n contra COVID-19. \u201cExtenderemos el mismo tipo de verificaci\u00f3n de vacunas que se requiere actualmente para bares y clubes nocturnos cerrados, como una opci\u00f3n para otros entornos p\u00fablicos\u201d, dijo Lisa Derderian en un correo electr\u00f3nico. \u201cPermitiremos que [&hellip;]<\/p>\n","protected":false},"author":4,"featured_media":14689,"comment_status":"open","ping_status":"closed","sticky":false,"template":"","format":"standard","meta":[],"categories":[4],"tags":[],"acf":[],"_links":{"self":[{"href":"http:\/\/www.pasadenahoy.com\/primero\/wp-json\/wp\/v2\/posts\/14688"}],"collection":[{"href":"http:\/\/www.pasadenahoy.com\/primero\/wp-json\/wp\/v2\/posts"}],"about":[{"href":"http:\/\/www.pasadenahoy.com\/primero\/wp-json\/wp\/v2\/types\/post"}],"author":[{"embeddable":true,"href":"http:\/\/www.pasadenahoy.com\/primero\/wp-json\/wp\/v2\/users\/4"}],"replies":[{"embeddable":true,"href":"http:\/\/www.pasadenahoy.com\/primero\/wp-json\/wp\/v2\/comments?post=14688"}],"version-history":[{"count":2,"href":"http:\/\/www.pasadenahoy.com\/primero\/wp-json\/wp\/v2\/posts\/14688\/revisions"}],"predecessor-version":[{"id":14691,"href":"http:\/\/www.pasadenahoy.com\/primero\/wp-json\/wp\/v2\/posts\/14688\/revisions\/14691"}],"wp:featuredmedia":[{"embeddable":true,"href":"http:\/\/www.pasadenahoy.com\/primero\/wp-json\/wp\/v2\/media\/14689"}],"wp:attachment":[{"href":"http:\/\/www.pasadenahoy.com\/primero\/wp-json\/wp\/v2\/media?parent=14688"}],"wp:term":[{"taxonomy":"category","embeddable":true,"href":"http:\/\/www.pasadenahoy.com\/primero\/wp-json\/wp\/v2\/categories?post=14688"},{"taxonomy":"post_tag","embeddable":true,"href":"http:\/\/www.pasadenahoy.com\/primero\/wp-json\/wp\/v2\/tags?post=14688"}],"curies":[{"name":"wp","href":"https:\/\/api.w.org\/{rel}","templated":true}]}}