{"id":14692,"date":"2022-02-23T15:01:15","date_gmt":"2022-02-23T15:01:15","guid":{"rendered":"http:\/\/www.pasadenahoy.com\/primero\/?p=14692"},"modified":"2022-02-23T15:01:16","modified_gmt":"2022-02-23T15:01:16","slug":"discurso-sobre-el-estado-de-la-ciudad-para-cubrir-varios-temas","status":"publish","type":"post","link":"http:\/\/www.pasadenahoy.com\/primero\/el-gobierno-local\/discurso-sobre-el-estado-de-la-ciudad-para-cubrir-varios-temas\/","title":{"rendered":"Discurso sobre el estado de la ciudad para cubrir varios temas"},"content":{"rendered":"\n<figure class=\"wp-block-image alignnone size-large\"><figure class=\"alignnone\"><img loading=\"lazy\" width=\"700\" height=\"378\" src=\"http:\/\/www.pasadenahoy.com\/primero\/wp-content\/uploads\/2022\/02\/pic-2-4.png\" alt=\"\" class=\"wp-image-14693\" srcset=\"http:\/\/www.pasadenahoy.com\/primero\/wp-content\/uploads\/2022\/02\/pic-2-4.png 700w, http:\/\/www.pasadenahoy.com\/primero\/wp-content\/uploads\/2022\/02\/pic-2-4-300x162.png 300w, http:\/\/www.pasadenahoy.com\/primero\/wp-content\/uploads\/2022\/02\/pic-2-4-241x130.png 241w, http:\/\/www.pasadenahoy.com\/primero\/wp-content\/uploads\/2022\/02\/pic-2-4-333x180.png 333w, http:\/\/www.pasadenahoy.com\/primero\/wp-content\/uploads\/2022\/02\/pic-2-4-360x194.png 360w\" sizes=\"100vw\" \/><figcaption><span class=\"caption-text\">El alcalde de Pasadena, V\u00edctor Gordo, pronuncia virtualmente el discurso sobre el estado de la ciudad de 2021 desde su casa. (Captura de pantalla a trav\u00e9s de Pasadena Media)<\/span><\/figcaption><\/figure><\/figure>\n\n\n\n<p>El discurso sobre el estado de la ciudad del alcalde V\u00edctor Gordo incluir\u00e1 comentarios sobre varios temas, incluido el Rose Bowl, la b\u00fasqueda de un nuevo administrador de la ciudad, viviendas asequibles, desarrollo de la primera infancia, la biblioteca central, los departamentos de bomberos y polic\u00eda, capacitaci\u00f3n vocacional para j\u00f3venes locales, cesi\u00f3n del corredor 710, renovaci\u00f3n del proceso presupuestario de la ciudad y la pandemia de COVID-19.<\/p>\n\n\n\n<p>En el discurso, titulado \u201cJuntos somos m\u00e1s fuertes\u201d, Gordo enfatizar\u00e1 que la ciudad se mantiene fuerte a pesar de los desaf\u00edos actuales y discutir\u00e1 el camino a seguir.<\/p>\n\n\n\n<p>\u201cSi bien tenemos mucho que mejorar y mucho trabajo por hacer, hoy Pasadena es m\u00e1s fuerte juntos porque hemos trabajado y crecido juntos durante los momentos m\u00e1s dif\u00edciles. Tenga la seguridad de que su Concejo Municipal est\u00e1 comprometido a continuar construyendo nuestra comunidad y, con suerte, el tema del pr\u00f3ximo a\u00f1o ser\u00e1 la recuperaci\u00f3n y salir adelante de la pandemia, juntos\u201d.<\/p>\n\n\n\n<p>Este es el segundo discurso sobre el estado de la ciudad de Gordo. El discurso del a\u00f1o pasado se transmiti\u00f3 en toda la ciudad debido a la pandemia de COVID-19. Sin embargo, este a\u00f1o, el discurso se llevar\u00e1 a cabo en vivo en el Westerbeck Recital Hall de Pasadena City College. La asistencia ser\u00e1 limitada debido a los protocolos de la pandemia.<\/p>\n\n\n\n<p>Pasadena Media transmitir\u00e1 una transmisi\u00f3n en vivo del discurso.<\/p>\n\n\n\n<p>\u201cEn 2021, nuestro tema para el Estado de la ciudad fue \u00a1Un momento como ning\u00fan otro! Junto con el resto del mundo, est\u00e1bamos luchando en todos los aspectos de nuestras vidas: personal, profesional, financiero, de salud y familiar, sin un final a la vista\u201d, dijo Gordo en su bolet\u00edn la semana pasada.<\/p>\n\n\n\n<p>\u201cEn ese momento, reci\u00e9n se estaban implementando las vacunas, nos comunicamos principalmente a trav\u00e9s de Zoom y vimos c\u00f3mo muchos de nuestros vecinos luchaban y lloraban por sus seres queridos. Dije entonces que cre\u00eda que trabajando juntos saldr\u00edamos m\u00e1s fuertes que cuando entramos en la pandemia. Y, un a\u00f1o despu\u00e9s, lo hemos demostrado. \u00a1Pasadena es resistente y somos m\u00e1s fuertes juntos!\u201d<\/p>\n\n\n\n<p>El discurso anual es requerido por los estatutos de la ciudad, que exige que \u201ca m\u00e1s tardar en febrero de cada a\u00f1o, el alcalde deber\u00e1 presentar un mensaje de presupuesto tem\u00e1tico para el pr\u00f3ximo a\u00f1o fiscal al Concejo Municipal\u201d.<\/p>\n\n\n\n<p>El prop\u00f3sito del discurso es alentar las sugerencias y comentarios del p\u00fablico sobre el presupuesto de la Ciudad antes de su preparaci\u00f3n y aprobaci\u00f3n final por parte del Concejo Municipal.<\/p>\n\n\n\n<p>En el discurso del jueves, Gordo abordar\u00e1 los desaf\u00edos a las finanzas de la ciudad causados \u200b\u200bpor el COVID-19, pero tambi\u00e9n destacar\u00e1 las tendencias positivas.<\/p>\n\n\n\n<p>Aunque el consejo ha jugado un papel importante en la recuperaci\u00f3n financiera de la ciudad, el administrador de la ciudad es responsable de la gesti\u00f3n diaria de la ciudad.<\/p>\n\n\n\n<p>Actualmente, la administradora interina de la ciudad, Cynthia Kurtz, dirige la ciudad. Sin embargo, la ciudad ha contratado a una empresa de b\u00fasqueda para localizar posibles candidatos.<\/p>\n\n\n\n<p>En enero, como parte del calendario de consentimiento, el Concejo Municipal aprob\u00f3 un contrato de $32,000 con W. Brown Creative Partners (WBCP) para llevar a cabo el proceso de contrataci\u00f3n del pr\u00f3ximo administrador de la ciudad.<\/p>\n\n\n\n<p>El administrador de la ciudad, Steve Mermell, dej\u00f3 la ciudad despu\u00e9s de 33 a\u00f1os en diciembre.<\/p>\n\n\n\n<p>\u201cNo estoy sugiriendo que los desaf\u00edos sin precedentes de la pandemia hayan quedado completamente atr\u00e1s, ya que siempre habr\u00e1 m\u00e1s juicios\u201d, dijo Gordo en su bolet\u00edn. \u201cLo que s\u00ed creo es que podemos, y lo haremos, superar las dificultades futuras, ya sea la violencia en nuestras calles, las limitaciones financieras o una pandemia mundial, no separ\u00e1ndonos, sino uni\u00e9ndonos como comunidad\u201d.<\/p>\n","protected":false},"excerpt":{"rendered":"<p>El discurso sobre el estado de la ciudad del alcalde V\u00edctor Gordo incluir\u00e1 comentarios sobre varios temas, incluido el Rose Bowl, la b\u00fasqueda de un nuevo administrador de la ciudad, viviendas asequibles, desarrollo de la primera infancia, la biblioteca central, los departamentos de bomberos y polic\u00eda, capacitaci\u00f3n vocacional para j\u00f3venes locales, cesi\u00f3n del corredor 710, renovaci\u00f3n del proceso presupuestario de la ciudad y la pandemia de COVID-19. En el discurso, titulado \u201cJuntos somos m\u00e1s fuertes\u201d, Gordo enfatizar\u00e1 que la ciudad [&hellip;]<\/p>\n","protected":false},"author":4,"featured_media":14693,"comment_status":"open","ping_status":"closed","sticky":false,"template":"","format":"standard","meta":[],"categories":[6],"tags":[],"acf":[],"_links":{"self":[{"href":"http:\/\/www.pasadenahoy.com\/primero\/wp-json\/wp\/v2\/posts\/14692"}],"collection":[{"href":"http:\/\/www.pasadenahoy.com\/primero\/wp-json\/wp\/v2\/posts"}],"about":[{"href":"http:\/\/www.pasadenahoy.com\/primero\/wp-json\/wp\/v2\/types\/post"}],"author":[{"embeddable":true,"href":"http:\/\/www.pasadenahoy.com\/primero\/wp-json\/wp\/v2\/users\/4"}],"replies":[{"embeddable":true,"href":"http:\/\/www.pasadenahoy.com\/primero\/wp-json\/wp\/v2\/comments?post=14692"}],"version-history":[{"count":2,"href":"http:\/\/www.pasadenahoy.com\/primero\/wp-json\/wp\/v2\/posts\/14692\/revisions"}],"predecessor-version":[{"id":14695,"href":"http:\/\/www.pasadenahoy.com\/primero\/wp-json\/wp\/v2\/posts\/14692\/revisions\/14695"}],"wp:featuredmedia":[{"embeddable":true,"href":"http:\/\/www.pasadenahoy.com\/primero\/wp-json\/wp\/v2\/media\/14693"}],"wp:attachment":[{"href":"http:\/\/www.pasadenahoy.com\/primero\/wp-json\/wp\/v2\/media?parent=14692"}],"wp:term":[{"taxonomy":"category","embeddable":true,"href":"http:\/\/www.pasadenahoy.com\/primero\/wp-json\/wp\/v2\/categories?post=14692"},{"taxonomy":"post_tag","embeddable":true,"href":"http:\/\/www.pasadenahoy.com\/primero\/wp-json\/wp\/v2\/tags?post=14692"}],"curies":[{"name":"wp","href":"https:\/\/api.w.org\/{rel}","templated":true}]}}