{"id":14696,"date":"2022-02-23T15:08:30","date_gmt":"2022-02-23T15:08:30","guid":{"rendered":"http:\/\/www.pasadenahoy.com\/primero\/?p=14696"},"modified":"2022-02-23T15:08:31","modified_gmt":"2022-02-23T15:08:31","slug":"el-fiscal-del-condado-pide-a-la-legislatura-que-apruebe-una-nueva-ley-presentada-conjuntamente-por-el-senador-portantino-para-frenar-los-robos-de-convertidores-cataliticos","status":"publish","type":"post","link":"http:\/\/www.pasadenahoy.com\/primero\/la-comunidad\/el-fiscal-del-condado-pide-a-la-legislatura-que-apruebe-una-nueva-ley-presentada-conjuntamente-por-el-senador-portantino-para-frenar-los-robos-de-convertidores-cataliticos\/","title":{"rendered":"El fiscal del condado pide a la legislatura que apruebe una nueva ley presentada conjuntamente por el senador Portantino para frenar los robos de convertidores catal\u00edticos"},"content":{"rendered":"\n<figure class=\"wp-block-image alignnone size-large\"><figure class=\"alignnone\"><img loading=\"lazy\" width=\"700\" height=\"378\" src=\"http:\/\/www.pasadenahoy.com\/primero\/wp-content\/uploads\/2022\/02\/pic-3-10.jpg\" alt=\"\" class=\"wp-image-14697\" srcset=\"http:\/\/www.pasadenahoy.com\/primero\/wp-content\/uploads\/2022\/02\/pic-3-10.jpg 700w, http:\/\/www.pasadenahoy.com\/primero\/wp-content\/uploads\/2022\/02\/pic-3-10-300x162.jpg 300w, http:\/\/www.pasadenahoy.com\/primero\/wp-content\/uploads\/2022\/02\/pic-3-10-241x130.jpg 241w, http:\/\/www.pasadenahoy.com\/primero\/wp-content\/uploads\/2022\/02\/pic-3-10-333x180.jpg 333w, http:\/\/www.pasadenahoy.com\/primero\/wp-content\/uploads\/2022\/02\/pic-3-10-360x194.jpg 360w\" sizes=\"100vw\" \/><figcaption><span class=\"caption-text\">El 10 de marzo de 2021, el Departamento del Sheriff del Condado de Los \u00c1ngeles recuper\u00f3 alrededor de 250 convertidores catal\u00edticos presuntamente robados de veh\u00edculos en todo el condado de Los \u00c1ngeles durante una serie de operaciones de orden judicial. (Cr\u00e9dito: Departamento del Sheriff del Condado de Los \u00c1ngeles)<\/span><\/figcaption><\/figure><\/figure>\n\n\n\n<p><br>El fiscal de distrito del condado de Los \u00c1ngeles, George Gasc\u00f3n, pidi\u00f3 a los legisladores estatales que aprueben una medida presentada conjuntamente por el senador estatal Anthony Portantino, dem\u00f3crata de Pasadena, destinada a frenar el robo de convertidores catal\u00edticos al exigir a los concesionarios de autom\u00f3viles que graben el n\u00famero de identificaci\u00f3n del veh\u00edculo en los dispositivos en veh\u00edculos nuevos y prohibiendo las ventas en efectivo de convertidores catal\u00edticos usados.<\/p>\n\n\n\n<p>El principal fiscal del condado, quien en octubre pasado pidi\u00f3 a los fabricantes de autom\u00f3viles que trabajaran con \u00e9l para desarrollar soluciones al creciente robo de convertidores catal\u00edticos, se\u00f1al\u00f3 que los robos de dispositivos han ido en aumento durante la pandemia de COVID-19 y que California se encuentra entre los los cinco primeros estados en este tipo de delitos.<\/p>\n\n\n\n<p>\u201cEstos delitos son costosos para los consumidores tanto en reparaciones como en costos de seguro. Tambi\u00e9n nos hacen sentir inseguros\u201d, dijo Gasc\u00f3n. \u201cLa soluci\u00f3n a este problema, curiosamente, es muy simple en gran medida. Cuando se roba un convertidor catal\u00edtico, no se puede rastrear. Eso significa que esos cr\u00edmenes no pueden resolverse a menos que alguien sea atrapado literalmente en el acto, algo que es muy dif\u00edcil de hacer para la polic\u00eda\u201d.<\/p>\n\n\n\n<p>La medida, respaldada por Portantino y el senador Thomas Umberg, dem\u00f3crata de Santa Ana, prohibir\u00eda a los concesionarios y minoristas de autom\u00f3viles vender veh\u00edculos nuevos a menos que el n\u00famero de identificaci\u00f3n del veh\u00edculo haya sido grabado en el convertidor catal\u00edtico, y prohibir\u00eda las ventas en efectivo de convertidores catal\u00edticos usados. al exigir a los recicladores que acepten solo m\u00e9todos de pago rastreables, como una tarjeta de cr\u00e9dito.<\/p>\n\n\n\n<p>\u201cNecesitamos intensificar y dar a las fuerzas del orden las herramientas que necesitan para rastrear estas partes y poner tras las rejas a las personas que las roban\u201d, dijo Portantino el martes.<\/p>\n\n\n\n<p>Umberg dijo que hab\u00eda participado durante el fin de semana en grabar n\u00fameros en convertidores catal\u00edticos en un esfuerzo que dijo que le tom\u00f3 40 segundos y que le tomar\u00eda a un profesional unos 10 segundos, y dijo que la medida parec\u00eda ser una &#8220;soluci\u00f3n de sentido com\u00fan&#8221; a la erupci\u00f3n de robos<\/p>\n\n\n\n<p>Moore se\u00f1al\u00f3 que uno de cada cinco robos de un veh\u00edculo en Los \u00c1ngeles es un convertidor catal\u00edtico, y se\u00f1al\u00f3 que se ha convertido en un &#8220;mercado muy atractivo&#8221; para los ladrones y un &#8220;desaf\u00edo dif\u00edcil&#8221; para las fuerzas del orden p\u00fablico para disuadir y responsabilizar a los responsables.<\/p>\n\n\n\n<p>Los convertidores catal\u00edticos, que se utilizan para convertir los gases de escape peligrosos de un veh\u00edculo en gases menos da\u00f1inos, est\u00e1n hechos de metales muy valiosos como platino, rodio y paladio y pueden costar hasta $1,200 cada uno, seg\u00fan la Oficina del Fiscal de Distrito.<\/p>\n","protected":false},"excerpt":{"rendered":"<p>El fiscal de distrito del condado de Los \u00c1ngeles, George Gasc\u00f3n, pidi\u00f3 a los legisladores estatales que aprueben una medida presentada conjuntamente por el senador estatal Anthony Portantino, dem\u00f3crata de Pasadena, destinada a frenar el robo de convertidores catal\u00edticos al exigir a los concesionarios de autom\u00f3viles que graben el n\u00famero de identificaci\u00f3n del veh\u00edculo en los dispositivos en veh\u00edculos nuevos y prohibiendo las ventas en efectivo de convertidores catal\u00edticos usados. El principal fiscal del condado, quien en octubre pasado pidi\u00f3 [&hellip;]<\/p>\n","protected":false},"author":4,"featured_media":14697,"comment_status":"open","ping_status":"closed","sticky":false,"template":"","format":"standard","meta":[],"categories":[4],"tags":[],"acf":[],"_links":{"self":[{"href":"http:\/\/www.pasadenahoy.com\/primero\/wp-json\/wp\/v2\/posts\/14696"}],"collection":[{"href":"http:\/\/www.pasadenahoy.com\/primero\/wp-json\/wp\/v2\/posts"}],"about":[{"href":"http:\/\/www.pasadenahoy.com\/primero\/wp-json\/wp\/v2\/types\/post"}],"author":[{"embeddable":true,"href":"http:\/\/www.pasadenahoy.com\/primero\/wp-json\/wp\/v2\/users\/4"}],"replies":[{"embeddable":true,"href":"http:\/\/www.pasadenahoy.com\/primero\/wp-json\/wp\/v2\/comments?post=14696"}],"version-history":[{"count":2,"href":"http:\/\/www.pasadenahoy.com\/primero\/wp-json\/wp\/v2\/posts\/14696\/revisions"}],"predecessor-version":[{"id":14699,"href":"http:\/\/www.pasadenahoy.com\/primero\/wp-json\/wp\/v2\/posts\/14696\/revisions\/14699"}],"wp:featuredmedia":[{"embeddable":true,"href":"http:\/\/www.pasadenahoy.com\/primero\/wp-json\/wp\/v2\/media\/14697"}],"wp:attachment":[{"href":"http:\/\/www.pasadenahoy.com\/primero\/wp-json\/wp\/v2\/media?parent=14696"}],"wp:term":[{"taxonomy":"category","embeddable":true,"href":"http:\/\/www.pasadenahoy.com\/primero\/wp-json\/wp\/v2\/categories?post=14696"},{"taxonomy":"post_tag","embeddable":true,"href":"http:\/\/www.pasadenahoy.com\/primero\/wp-json\/wp\/v2\/tags?post=14696"}],"curies":[{"name":"wp","href":"https:\/\/api.w.org\/{rel}","templated":true}]}}