{"id":14700,"date":"2022-02-23T15:12:01","date_gmt":"2022-02-23T15:12:01","guid":{"rendered":"http:\/\/www.pasadenahoy.com\/primero\/?p=14700"},"modified":"2022-02-23T15:12:02","modified_gmt":"2022-02-23T15:12:02","slug":"policia-de-pasadena-y-agentes-federales-incautan-nueve-armas-en-redada-de-armas","status":"publish","type":"post","link":"http:\/\/www.pasadenahoy.com\/primero\/la-comunidad\/policia-de-pasadena-y-agentes-federales-incautan-nueve-armas-en-redada-de-armas\/","title":{"rendered":"Polic\u00eda de Pasadena y agentes federales incautan nueve armas en redada de armas"},"content":{"rendered":"\n<figure class=\"wp-block-image alignnone size-large\"><figure class=\"alignnone\"><img loading=\"lazy\" width=\"700\" height=\"378\" src=\"http:\/\/www.pasadenahoy.com\/primero\/wp-content\/uploads\/2022\/02\/pic-4-13.jpg\" alt=\"\" class=\"wp-image-14701\" srcset=\"http:\/\/www.pasadenahoy.com\/primero\/wp-content\/uploads\/2022\/02\/pic-4-13.jpg 700w, http:\/\/www.pasadenahoy.com\/primero\/wp-content\/uploads\/2022\/02\/pic-4-13-300x162.jpg 300w, http:\/\/www.pasadenahoy.com\/primero\/wp-content\/uploads\/2022\/02\/pic-4-13-241x130.jpg 241w, http:\/\/www.pasadenahoy.com\/primero\/wp-content\/uploads\/2022\/02\/pic-4-13-333x180.jpg 333w, http:\/\/www.pasadenahoy.com\/primero\/wp-content\/uploads\/2022\/02\/pic-4-13-360x194.jpg 360w\" sizes=\"100vw\" \/><\/figure><\/figure>\n\n\n\n<p>Los oficiales de la polic\u00eda de Pasadena se unieron a los agentes del Departamento de Justicia durante una redada de cinco d\u00edas para quitarles las armas a las personas a las que legalmente se les prohib\u00eda poseerlas en el condado de Los \u00c1ngeles.<\/p>\n\n\n\n<p>A nivel local, se incautaron nueve armas de fuego durante el barrido de armas del DOJ la semana pasada. Los oficiales de Pasadena confiscaron siete armas de fuego adicionales durante la misma semana, lo que result\u00f3 en el retiro de 16 armas de fuego de las calles en una semana.<\/p>\n\n\n\n<p>\u201cEl Departamento de Polic\u00eda de Pasadena est\u00e1 ansioso por asociarse con el Departamento de Justicia de California en un esfuerzo por detener la violencia armada\u201d, dijo la jefa de polic\u00eda Cheryl Moody. \u201cEsta colaboraci\u00f3n sin duda beneficiar\u00e1 a las comunidades m\u00e1s afectadas por personas que poseen o usan armas de fuego ilegalmente\u201d.<\/p>\n\n\n\n<p>La redada result\u00f3 en 13 arrestos y la incautaci\u00f3n de 114 armas de fuego en todo el condado, anunci\u00f3 el martes el Departamento de Justicia de California.<\/p>\n\n\n\n<p>Las incautaciones incluyeron armas de asalto, \u201cpistolas fantasma\u201d, pistolas, rifles y escopetas.<\/p>\n\n\n\n<p>Tambi\u00e9n se incautaron m\u00e1s de 49.000 rondas de municiones y 87 cargadores de alta capacidad, dijeron las autoridades.<\/p>\n\n\n\n<p>Los agentes de la Oficina de Armas de Fuego del DOJ tambi\u00e9n se asociaron con personal del Departamento del Sheriff del Condado de Los \u00c1ngeles, el Departamento de Libertad Condicional del Condado de Los \u00c1ngeles y oficiales de los departamentos de polic\u00eda de Azusa, Los \u00c1ngeles y Pomona.<\/p>\n\n\n\n<p>La redada se centr\u00f3 en personas en 51 ciudades del condado que tienen prohibido poseer armas de fuego seg\u00fan el Sistema de personas armadas y prohibidas del Departamento de Justicia, dijo el fiscal general Rob Bonta.<\/p>\n\n\n\n<p>\u201cEl Sistema de Personas Armadas y Prohibidas de California es una herramienta cr\u00edtica que hace posible el trabajo de tomar medidas en\u00e9rgicas contra la propiedad y posesi\u00f3n ilegal de armas\u201d, dijo Bonta. \u201c\u2026 Esfuerzos de colaboraci\u00f3n como estos aumentan nuestro \u00e9xito en quitar las armas de las manos potencialmente peligrosas, reducir la violencia armada y mantener seguros a nuestros vecindarios\u201d, agreg\u00f3.<\/p>\n\n\n\n<p>En 2006, California se convirti\u00f3 en el \u00fanico estado de la naci\u00f3n en establecer un sistema para rastrear a los propietarios de armas de fuego que caen en un estado prohibido.<\/p>\n\n\n\n<p>La base de datos de APPS funciona para identificar a las personas que adquirieron armas de fuego legalmente y luego se les prohibi\u00f3 poseerlas o poseerlas. En general, las personas prohibidas en APPS incluyen personas que fueron condenadas por un delito grave o un delito menor violento, que fueron puestas bajo violencia dom\u00e9stica u otra orden de restricci\u00f3n, o que padecen una enfermedad mental grave.<\/p>\n","protected":false},"excerpt":{"rendered":"<p>Los oficiales de la polic\u00eda de Pasadena se unieron a los agentes del Departamento de Justicia durante una redada de cinco d\u00edas para quitarles las armas a las personas a las que legalmente se les prohib\u00eda poseerlas en el condado de Los \u00c1ngeles. A nivel local, se incautaron nueve armas de fuego durante el barrido de armas del DOJ la semana pasada. Los oficiales de Pasadena confiscaron siete armas de fuego adicionales durante la misma semana, lo que result\u00f3 en [&hellip;]<\/p>\n","protected":false},"author":4,"featured_media":0,"comment_status":"open","ping_status":"closed","sticky":false,"template":"","format":"standard","meta":[],"categories":[4],"tags":[],"acf":[],"_links":{"self":[{"href":"http:\/\/www.pasadenahoy.com\/primero\/wp-json\/wp\/v2\/posts\/14700"}],"collection":[{"href":"http:\/\/www.pasadenahoy.com\/primero\/wp-json\/wp\/v2\/posts"}],"about":[{"href":"http:\/\/www.pasadenahoy.com\/primero\/wp-json\/wp\/v2\/types\/post"}],"author":[{"embeddable":true,"href":"http:\/\/www.pasadenahoy.com\/primero\/wp-json\/wp\/v2\/users\/4"}],"replies":[{"embeddable":true,"href":"http:\/\/www.pasadenahoy.com\/primero\/wp-json\/wp\/v2\/comments?post=14700"}],"version-history":[{"count":2,"href":"http:\/\/www.pasadenahoy.com\/primero\/wp-json\/wp\/v2\/posts\/14700\/revisions"}],"predecessor-version":[{"id":14703,"href":"http:\/\/www.pasadenahoy.com\/primero\/wp-json\/wp\/v2\/posts\/14700\/revisions\/14703"}],"wp:attachment":[{"href":"http:\/\/www.pasadenahoy.com\/primero\/wp-json\/wp\/v2\/media?parent=14700"}],"wp:term":[{"taxonomy":"category","embeddable":true,"href":"http:\/\/www.pasadenahoy.com\/primero\/wp-json\/wp\/v2\/categories?post=14700"},{"taxonomy":"post_tag","embeddable":true,"href":"http:\/\/www.pasadenahoy.com\/primero\/wp-json\/wp\/v2\/tags?post=14700"}],"curies":[{"name":"wp","href":"https:\/\/api.w.org\/{rel}","templated":true}]}}