{"id":14708,"date":"2022-02-23T15:23:01","date_gmt":"2022-02-23T15:23:01","guid":{"rendered":"http:\/\/www.pasadenahoy.com\/primero\/?p=14708"},"modified":"2022-02-23T15:23:02","modified_gmt":"2022-02-23T15:23:02","slug":"la-tormenta-trae-condiciones-frias-y-ventosas-a-pasadena-con-probabilidad-de-lluvia-incluso-granizo-posible","status":"publish","type":"post","link":"http:\/\/www.pasadenahoy.com\/primero\/la-comunidad\/la-tormenta-trae-condiciones-frias-y-ventosas-a-pasadena-con-probabilidad-de-lluvia-incluso-granizo-posible\/","title":{"rendered":"La tormenta trae condiciones fr\u00edas y ventosas a Pasadena con probabilidad de lluvia, incluso granizo, posible"},"content":{"rendered":"\n<figure class=\"wp-block-image alignnone size-large\"><figure class=\"alignnone\"><img loading=\"lazy\" width=\"700\" height=\"378\" src=\"http:\/\/www.pasadenahoy.com\/primero\/wp-content\/uploads\/2022\/02\/pic6-2.jpg\" alt=\"\" class=\"wp-image-14709\" srcset=\"http:\/\/www.pasadenahoy.com\/primero\/wp-content\/uploads\/2022\/02\/pic6-2.jpg 700w, http:\/\/www.pasadenahoy.com\/primero\/wp-content\/uploads\/2022\/02\/pic6-2-300x162.jpg 300w, http:\/\/www.pasadenahoy.com\/primero\/wp-content\/uploads\/2022\/02\/pic6-2-241x130.jpg 241w, http:\/\/www.pasadenahoy.com\/primero\/wp-content\/uploads\/2022\/02\/pic6-2-333x180.jpg 333w, http:\/\/www.pasadenahoy.com\/primero\/wp-content\/uploads\/2022\/02\/pic6-2-360x194.jpg 360w\" sizes=\"100vw\" \/><\/figure><\/figure>\n\n\n\n<p>Las condiciones fr\u00edas y ocasionalmente h\u00famedas plagar\u00e1n Pasadena el mi\u00e9rcoles antes de que las cosas se calienten m\u00e1s adelante en la semana.<\/p>\n\n\n\n<p>\u201cUn sistema de tormentas muy fr\u00edas se mover\u00e1 a trav\u00e9s del \u00e1rea hasta el mi\u00e9rcoles, trayendo una amenaza de lluvia y chubascos de nieve de baja altura y r\u00e1fagas de viento junto con una ligera posibilidad de tormentas el\u00e9ctricas con granizo peque\u00f1o esta noche\u201d, seg\u00fan el Servicio Meteorol\u00f3gico Nacional.<\/p>\n\n\n\n<p>\u201cEsta ser\u00e1 la tormenta m\u00e1s fr\u00eda que hemos visto hasta ahora en esta temporada de invierno\u201d, seg\u00fan el NWS.<\/p>\n\n\n\n<p>Los meteor\u00f3logos dijeron que las condiciones fr\u00edas continuar\u00e1n hasta el mi\u00e9rcoles, y se espera un clima m\u00e1s seco el jueves, junto con una tendencia al calentamiento que durar\u00e1 hasta el fin de semana.<\/p>\n\n\n\n<p>Aqu\u00ed hay una mirada detallada al pron\u00f3stico:<\/p>\n\n\n\n<p>Mi\u00e9rcoles: 40 por ciento de probabilidad de lluvias antes de las 10 am. Mayormente soleado, la m\u00e1xima alrededor de 56. Viento del noroeste entre 10 y 15 mph, con r\u00e1fagas de hasta 20 mph.<\/p>\n\n\n\n<p>por la Noche: Mayormente despejado, la m\u00ednima alrededor de 36. Viento del nor noreste entre 5 y 10 mph, con r\u00e1fagas de hasta 15 mph.<\/p>\n\n\n\n<p>Jueves: Soleado, la m\u00e1xima alrededor de 61. Sensaci\u00f3n t\u00e9rmica tan baja como 30 temprano. Viento del noreste de 5 a 10 mph y luego llegar\u00e1 al suroeste por la tarde.<\/p>\n\n\n\n<p>por la Noche: Mayormente despejado, la m\u00ednima alrededor de 38. Viento del oeste noroeste alrededor de 5 mph y luego llegar\u00e1 del noreste despu\u00e9s de medianoche.<\/p>\n\n\n\n<p>Viernes: Soleado, la m\u00e1xima alrededor de 66.<\/p>\n\n\n\n<p>Viernes por la Noche: Despejado, con m\u00ednima alrededor de 40.<\/p>\n\n\n\n<p>S\u00e1bado: Soleado, la m\u00e1xima alrededor de 72.<\/p>\n\n\n\n<p>S\u00e1b. por la Noche: Mayormente despejado, la m\u00ednima alrededor de 44.<\/p>\n\n\n\n<p>Domingo: Mayormente soleado, la m\u00e1xima alrededor de 74.<\/p>\n\n\n\n<p>Dom. por la Noche: Medio nublado, la m\u00ednima alrededor de 47.<\/p>\n\n\n\n<p>Lunes: Soleado, la m\u00e1xima alrededor de 77.<\/p>\n\n\n\n<p>Lunes por la Noche: Mayormente despejado, la m\u00ednima alrededor de 50.<\/p>\n","protected":false},"excerpt":{"rendered":"<p>Las condiciones fr\u00edas y ocasionalmente h\u00famedas plagar\u00e1n Pasadena el mi\u00e9rcoles antes de que las cosas se calienten m\u00e1s adelante en la semana. \u201cUn sistema de tormentas muy fr\u00edas se mover\u00e1 a trav\u00e9s del \u00e1rea hasta el mi\u00e9rcoles, trayendo una amenaza de lluvia y chubascos de nieve de baja altura y r\u00e1fagas de viento junto con una ligera posibilidad de tormentas el\u00e9ctricas con granizo peque\u00f1o esta noche\u201d, seg\u00fan el Servicio Meteorol\u00f3gico Nacional. \u201cEsta ser\u00e1 la tormenta m\u00e1s fr\u00eda que hemos visto [&hellip;]<\/p>\n","protected":false},"author":4,"featured_media":0,"comment_status":"open","ping_status":"closed","sticky":false,"template":"","format":"standard","meta":[],"categories":[4],"tags":[],"acf":[],"_links":{"self":[{"href":"http:\/\/www.pasadenahoy.com\/primero\/wp-json\/wp\/v2\/posts\/14708"}],"collection":[{"href":"http:\/\/www.pasadenahoy.com\/primero\/wp-json\/wp\/v2\/posts"}],"about":[{"href":"http:\/\/www.pasadenahoy.com\/primero\/wp-json\/wp\/v2\/types\/post"}],"author":[{"embeddable":true,"href":"http:\/\/www.pasadenahoy.com\/primero\/wp-json\/wp\/v2\/users\/4"}],"replies":[{"embeddable":true,"href":"http:\/\/www.pasadenahoy.com\/primero\/wp-json\/wp\/v2\/comments?post=14708"}],"version-history":[{"count":2,"href":"http:\/\/www.pasadenahoy.com\/primero\/wp-json\/wp\/v2\/posts\/14708\/revisions"}],"predecessor-version":[{"id":14711,"href":"http:\/\/www.pasadenahoy.com\/primero\/wp-json\/wp\/v2\/posts\/14708\/revisions\/14711"}],"wp:attachment":[{"href":"http:\/\/www.pasadenahoy.com\/primero\/wp-json\/wp\/v2\/media?parent=14708"}],"wp:term":[{"taxonomy":"category","embeddable":true,"href":"http:\/\/www.pasadenahoy.com\/primero\/wp-json\/wp\/v2\/categories?post=14708"},{"taxonomy":"post_tag","embeddable":true,"href":"http:\/\/www.pasadenahoy.com\/primero\/wp-json\/wp\/v2\/tags?post=14708"}],"curies":[{"name":"wp","href":"https:\/\/api.w.org\/{rel}","templated":true}]}}