{"id":14719,"date":"2022-02-24T15:05:03","date_gmt":"2022-02-24T15:05:03","guid":{"rendered":"http:\/\/www.pasadenahoy.com\/primero\/?p=14719"},"modified":"2022-02-24T15:05:04","modified_gmt":"2022-02-24T15:05:04","slug":"hillary-clinton-se-dirigira-al-distrito-escolar-unificado-de-pasadena-en-un-mensaje-grabado-para-el-mes-de-la-historia-de-la-mujer","status":"publish","type":"post","link":"http:\/\/www.pasadenahoy.com\/primero\/la-comunidad\/hillary-clinton-se-dirigira-al-distrito-escolar-unificado-de-pasadena-en-un-mensaje-grabado-para-el-mes-de-la-historia-de-la-mujer\/","title":{"rendered":"Hillary Clinton se dirigir\u00e1 al Distrito Escolar Unificado de Pasadena en un mensaje grabado para el Mes de la Historia de la Mujer"},"content":{"rendered":"\n<div class=\"wp-block-image alignright\"><figure class=\"alignright size-large\"><img loading=\"lazy\" width=\"425\" height=\"550\" src=\"http:\/\/www.pasadenahoy.com\/primero\/wp-content\/uploads\/2022\/02\/pic2-1.jpg\" alt=\"\" class=\"wp-image-14720\" srcset=\"http:\/\/www.pasadenahoy.com\/primero\/wp-content\/uploads\/2022\/02\/pic2-1.jpg 425w, http:\/\/www.pasadenahoy.com\/primero\/wp-content\/uploads\/2022\/02\/pic2-1-232x300.jpg 232w, http:\/\/www.pasadenahoy.com\/primero\/wp-content\/uploads\/2022\/02\/pic2-1-100x130.jpg 100w, http:\/\/www.pasadenahoy.com\/primero\/wp-content\/uploads\/2022\/02\/pic2-1-139x180.jpg 139w, http:\/\/www.pasadenahoy.com\/primero\/wp-content\/uploads\/2022\/02\/pic2-1-360x466.jpg 360w\" sizes=\"100vw\" \/><\/figure><\/div>\n\n\n\n<p>El Distrito Escolar Unificado de Pasadena anunci\u00f3 que su asamblea anual del Mes de la Historia de la Mujer se llevar\u00e1 a cabo de 6 a 8 p.m. en Marshall Fundamental Secondary School, 990 N. Allen Ave el 23 de marzo.<\/p>\n\n\n\n<p>Pero el evento de este a\u00f1o contar\u00e1 con un importante orador principal.<\/p>\n\n\n\n<p>La ex primera dama y candidata presidencial dem\u00f3crata Hillary Rodham Clinton pronunciar\u00e1 un discurso de apertura personal pregrabado. Este evento tambi\u00e9n ser\u00e1 transmitido en vivo por KLRN.<\/p>\n\n\n\n<p>\u201cMe llena de esperanza para el futuro que te tomes el tiempo para estudiar y celebrar a las pioneras pioneras del movimiento de liberaci\u00f3n de la mujer\u201d, dijo Clinton en el discurso pregrabado.<\/p>\n\n\n\n<p>El superintendente del PUSD, Dr. Brian McDonald, la congresista Judy Chu, la concejala de la ciudad de Pasadena Felicia Williams, la concejala de la ciudad de Altadena, la Dra. Sandra E. Thomas y la directora acad\u00e9mica del PUSD, la Dra. Elizabeth Blanco, hablar\u00e1n en el evento.<\/p>\n\n\n\n<p>\u201cComo nueva directora de Marshall Fundamental, y para conmemorar nuestro quinto aniversario, yo, junto con el miembro de la junta Lee, quer\u00edamos ampliar nuestro evento para incluir de 6 a 12 estudiantes en PUSD\u201d, dijo la directora de Marshall, Lori Touloumian. \u201cNuestro objetivo es que la Historia de la Mujer y el movimiento de Liberaci\u00f3n de la Mujer se incluyan a gran escala en nuestro plan de estudios. Como dijo Hillary Rodham Clinton, la historia de la mujer es la historia estadounidense. Estoy encantado de que nuestro evento incluya la voz y el trabajo de muchos m\u00e1s estudiantes, y espero que siga creciendo\u201d.<\/p>\n\n\n\n<p>Un discurso en video de las estudiantes de la Universidad Isl\u00e1mica Internacional, Islamabad, se centrar\u00e1 en la historia de las mujeres y los derechos de las mujeres a nivel mundial.<\/p>\n\n\n\n<p>La s\u00edndica de la Junta Escolar del PUSD, Jennifer Hall Lee, dijo: \u201cPara nuestro quinto aniversario, parec\u00eda adecuado y apropiado pedirle a Hillary Rodham Clinton que se dirigiera al PUSD\u201d.<\/p>\n\n\n\n<p>\u201cCuando la directora Touloumian y yo comenzamos esta asamblea, quer\u00edamos reconocer los logros extraordinarios del Movimiento de Liberaci\u00f3n de la Mujer. Durante demasiado tiempo, este movimiento ha sido poco reconocido. Estamos cambiando eso\u201d, dijo Hall Lee.<\/p>\n\n\n\n<p>Hay estacionamiento en la calle y las puertas se abrir\u00e1n a las 5:45 pm. El cupo es primero llegado, primero servido. La asamblea ser\u00e1 transmitida en vivo por KLRN <a href=\"https:\/\/www.pusd.us\/whm2022\">https:\/\/www.pusd.us\/whm2022<\/a><\/p>\n","protected":false},"excerpt":{"rendered":"<p>El Distrito Escolar Unificado de Pasadena anunci\u00f3 que su asamblea anual del Mes de la Historia de la Mujer se llevar\u00e1 a cabo de 6 a 8 p.m. en Marshall Fundamental Secondary School, 990 N. Allen Ave el 23 de marzo. Pero el evento de este a\u00f1o contar\u00e1 con un importante orador principal. La ex primera dama y candidata presidencial dem\u00f3crata Hillary Rodham Clinton pronunciar\u00e1 un discurso de apertura personal pregrabado. Este evento tambi\u00e9n ser\u00e1 transmitido en vivo por KLRN. [&hellip;]<\/p>\n","protected":false},"author":4,"featured_media":14720,"comment_status":"open","ping_status":"closed","sticky":false,"template":"","format":"standard","meta":[],"categories":[4],"tags":[],"acf":[],"_links":{"self":[{"href":"http:\/\/www.pasadenahoy.com\/primero\/wp-json\/wp\/v2\/posts\/14719"}],"collection":[{"href":"http:\/\/www.pasadenahoy.com\/primero\/wp-json\/wp\/v2\/posts"}],"about":[{"href":"http:\/\/www.pasadenahoy.com\/primero\/wp-json\/wp\/v2\/types\/post"}],"author":[{"embeddable":true,"href":"http:\/\/www.pasadenahoy.com\/primero\/wp-json\/wp\/v2\/users\/4"}],"replies":[{"embeddable":true,"href":"http:\/\/www.pasadenahoy.com\/primero\/wp-json\/wp\/v2\/comments?post=14719"}],"version-history":[{"count":2,"href":"http:\/\/www.pasadenahoy.com\/primero\/wp-json\/wp\/v2\/posts\/14719\/revisions"}],"predecessor-version":[{"id":14722,"href":"http:\/\/www.pasadenahoy.com\/primero\/wp-json\/wp\/v2\/posts\/14719\/revisions\/14722"}],"wp:featuredmedia":[{"embeddable":true,"href":"http:\/\/www.pasadenahoy.com\/primero\/wp-json\/wp\/v2\/media\/14720"}],"wp:attachment":[{"href":"http:\/\/www.pasadenahoy.com\/primero\/wp-json\/wp\/v2\/media?parent=14719"}],"wp:term":[{"taxonomy":"category","embeddable":true,"href":"http:\/\/www.pasadenahoy.com\/primero\/wp-json\/wp\/v2\/categories?post=14719"},{"taxonomy":"post_tag","embeddable":true,"href":"http:\/\/www.pasadenahoy.com\/primero\/wp-json\/wp\/v2\/tags?post=14719"}],"curies":[{"name":"wp","href":"https:\/\/api.w.org\/{rel}","templated":true}]}}