{"id":14736,"date":"2022-02-24T15:24:30","date_gmt":"2022-02-24T15:24:30","guid":{"rendered":"http:\/\/www.pasadenahoy.com\/primero\/?p=14736"},"modified":"2022-02-24T15:24:31","modified_gmt":"2022-02-24T15:24:31","slug":"kristine-kwong-anuncia-campana-para-la-junta-directiva-de-pcc","status":"publish","type":"post","link":"http:\/\/www.pasadenahoy.com\/primero\/la-comunidad\/kristine-kwong-anuncia-campana-para-la-junta-directiva-de-pcc\/","title":{"rendered":"Kristine Kwong anuncia campa\u00f1a para la junta directiva de PCC"},"content":{"rendered":"\n<figure class=\"wp-block-image alignnone size-large\"><figure class=\"alignnone\"><img loading=\"lazy\" width=\"700\" height=\"378\" src=\"http:\/\/www.pasadenahoy.com\/primero\/wp-content\/uploads\/2022\/02\/pic-6-8.jpg\" alt=\"\" class=\"wp-image-14737\" srcset=\"http:\/\/www.pasadenahoy.com\/primero\/wp-content\/uploads\/2022\/02\/pic-6-8.jpg 700w, http:\/\/www.pasadenahoy.com\/primero\/wp-content\/uploads\/2022\/02\/pic-6-8-300x162.jpg 300w, http:\/\/www.pasadenahoy.com\/primero\/wp-content\/uploads\/2022\/02\/pic-6-8-241x130.jpg 241w, http:\/\/www.pasadenahoy.com\/primero\/wp-content\/uploads\/2022\/02\/pic-6-8-333x180.jpg 333w, http:\/\/www.pasadenahoy.com\/primero\/wp-content\/uploads\/2022\/02\/pic-6-8-360x194.jpg 360w\" sizes=\"100vw\" \/><figcaption><span class=\"caption-text\">Abogada de Educaci\u00f3n Kristine Kwong. [Foto cortes\u00eda]<\/span><\/figcaption><\/figure><\/figure>\n\n\n\n<p>La abogada de educaci\u00f3n Kristine Kwong anunci\u00f3 su campa\u00f1a para el puesto de la Junta de Fideicomisarios de Pasadena City College en el \u00c1rea 5 el mi\u00e9rcoles.<\/p>\n\n\n\n<p><br>\u201cPasadena City College sirve como la puerta principal, ya veces la \u00fanica, hacia la educaci\u00f3n superior para nuestros estudiantes. No podemos permitir que la apat\u00eda, la disfunci\u00f3n o la mala gesti\u00f3n impidan que los estudiantes tengan \u00e9xito. Es por eso que me postulo para la Junta Directiva de PCC. Me asegurar\u00e9 de que cada estudiante tenga la oportunidad de alcanzar sus sue\u00f1os\u201d.<\/p>\n\n\n\n<p>Kwong cuenta con el respaldo de la Asociaci\u00f3n de Facultad de Pasadena City College y Local 12 &#8211; Uni\u00f3n Internacional de Ingenieros Operativos.<\/p>\n\n\n\n<p>Tambi\u00e9n cuenta con el respaldo de varios miembros del consejo de la ciudad de Temple City y uno en South Pasadena.<\/p>\n\n\n\n<p>\u201cMe siento realmente bendecido y honrado de haber recibido este apoyo de tantos l\u00edderes comunitarios\u201d, dijo Kwong. \u201cSu confianza en m\u00ed ha inspirado nuestra campa\u00f1a y nos ha dado un verdadero impulso a medida que construimos nuestro movimiento\u201d.<\/p>\n\n\n\n<p>Kwong es residente de South Pasadena y se gradu\u00f3 de South Pasadena High School.<\/p>\n\n\n\n<p>Ella sirve en la Comisi\u00f3n de Parques y Recreaci\u00f3n en South Pasadena y anteriormente estuvo en la Comisi\u00f3n de Transporte. Adem\u00e1s, Kwong es miembro actual de la junta de diversidad de la Facultad de Derecho McGeorge de la Universidad del Pac\u00edfico.<\/p>\n\n\n\n<p>El sitio web de su campa\u00f1a es <a href=\"https:\/\/www.kwongforpcc.com\/\">https:\/\/www.kwongforpcc.com\/<\/a><\/p>\n","protected":false},"excerpt":{"rendered":"<p>La abogada de educaci\u00f3n Kristine Kwong anunci\u00f3 su campa\u00f1a para el puesto de la Junta de Fideicomisarios de Pasadena City College en el \u00c1rea 5 el mi\u00e9rcoles. \u201cPasadena City College sirve como la puerta principal, ya veces la \u00fanica, hacia la educaci\u00f3n superior para nuestros estudiantes. No podemos permitir que la apat\u00eda, la disfunci\u00f3n o la mala gesti\u00f3n impidan que los estudiantes tengan \u00e9xito. Es por eso que me postulo para la Junta Directiva de PCC. Me asegurar\u00e9 de que [&hellip;]<\/p>\n","protected":false},"author":4,"featured_media":0,"comment_status":"open","ping_status":"closed","sticky":false,"template":"","format":"standard","meta":[],"categories":[4],"tags":[],"acf":[],"_links":{"self":[{"href":"http:\/\/www.pasadenahoy.com\/primero\/wp-json\/wp\/v2\/posts\/14736"}],"collection":[{"href":"http:\/\/www.pasadenahoy.com\/primero\/wp-json\/wp\/v2\/posts"}],"about":[{"href":"http:\/\/www.pasadenahoy.com\/primero\/wp-json\/wp\/v2\/types\/post"}],"author":[{"embeddable":true,"href":"http:\/\/www.pasadenahoy.com\/primero\/wp-json\/wp\/v2\/users\/4"}],"replies":[{"embeddable":true,"href":"http:\/\/www.pasadenahoy.com\/primero\/wp-json\/wp\/v2\/comments?post=14736"}],"version-history":[{"count":2,"href":"http:\/\/www.pasadenahoy.com\/primero\/wp-json\/wp\/v2\/posts\/14736\/revisions"}],"predecessor-version":[{"id":14739,"href":"http:\/\/www.pasadenahoy.com\/primero\/wp-json\/wp\/v2\/posts\/14736\/revisions\/14739"}],"wp:attachment":[{"href":"http:\/\/www.pasadenahoy.com\/primero\/wp-json\/wp\/v2\/media?parent=14736"}],"wp:term":[{"taxonomy":"category","embeddable":true,"href":"http:\/\/www.pasadenahoy.com\/primero\/wp-json\/wp\/v2\/categories?post=14736"},{"taxonomy":"post_tag","embeddable":true,"href":"http:\/\/www.pasadenahoy.com\/primero\/wp-json\/wp\/v2\/tags?post=14736"}],"curies":[{"name":"wp","href":"https:\/\/api.w.org\/{rel}","templated":true}]}}