{"id":14744,"date":"2022-02-25T15:12:32","date_gmt":"2022-02-25T15:12:32","guid":{"rendered":"http:\/\/www.pasadenahoy.com\/primero\/?p=14744"},"modified":"2022-02-25T15:12:33","modified_gmt":"2022-02-25T15:12:33","slug":"la-ciudad-es-mas-fuerte-unida-dice-el-alcalde-gordo-en-su-discurso-anual","status":"publish","type":"post","link":"http:\/\/www.pasadenahoy.com\/primero\/el-gobierno-local\/la-ciudad-es-mas-fuerte-unida-dice-el-alcalde-gordo-en-su-discurso-anual\/","title":{"rendered":"La ciudad es &#8216;m\u00e1s fuerte unida&#8217;, dice el alcalde Gordo en su discurso anual"},"content":{"rendered":"\n<figure class=\"wp-block-image alignnone size-large\"><figure class=\"alignnone\"><img loading=\"lazy\" width=\"512\" height=\"277\" src=\"http:\/\/www.pasadenahoy.com\/primero\/wp-content\/uploads\/2022\/02\/pic-1-14.jpg\" alt=\"\" class=\"wp-image-14745\" srcset=\"http:\/\/www.pasadenahoy.com\/primero\/wp-content\/uploads\/2022\/02\/pic-1-14.jpg 512w, http:\/\/www.pasadenahoy.com\/primero\/wp-content\/uploads\/2022\/02\/pic-1-14-300x162.jpg 300w, http:\/\/www.pasadenahoy.com\/primero\/wp-content\/uploads\/2022\/02\/pic-1-14-240x130.jpg 240w, http:\/\/www.pasadenahoy.com\/primero\/wp-content\/uploads\/2022\/02\/pic-1-14-333x180.jpg 333w, http:\/\/www.pasadenahoy.com\/primero\/wp-content\/uploads\/2022\/02\/pic-1-14-360x195.jpg 360w\" sizes=\"100vw\" \/><figcaption><span class=\"caption-text\">El alcalde Victor M. Gordo pronuncia el discurso sobre el estado de la ciudad de Pasadenas 2022 el jueves 24 de febrero de 2022 en el Westerbeck Recital Hall de Pasadena City College [Foto de Eddie Rivera\/Pasadena Now]<\/span><\/figcaption><\/figure><\/figure>\n\n\n\n<p>Ante una audiencia invitada peque\u00f1a pero solidaria de funcionarios de la ciudad y l\u00edderes de la comunidad local, el alcalde de Pasadena, Victor Gordo, pronunci\u00f3 el segundo discurso sobre el estado de la ciudad de su mandato, pero el primero lo pronunci\u00f3 en persona, a ra\u00edz de la menguante amenaza diaria del COVID. -19 pandemia.<\/p>\n\n\n\n<p>El alcalde se dirigi\u00f3 a una audiencia enmascarada y socialmente distanciada limitada a poco menos de 100 en el Westerbeck Recital Hall en Pasadena City College. El discurso tambi\u00e9n se transmiti\u00f3 en vivo en YouTube. El evento comenz\u00f3 con el Himno Nacional y \u201cOh Sweet Day\u201d, cantado por los cantantes de c\u00e1mara de Pasadena City College.<\/p>\n\n\n\n<p>Gordo fue presentado por el vicealcalde Andy Wilson, quien tambi\u00e9n reconoci\u00f3 que no se postular\u00e1 para la reelecci\u00f3n este a\u00f1o y agradeci\u00f3 a la comunidad por su apoyo desde su elecci\u00f3n al concejo en 2015.<\/p>\n\n\n\n<p>Los miembros de la audiencia en persona incluyeron a los concejales Jessica Rivas y Felicia Williams, junto con la administradora de la ciudad Cynthia Kurtz, el jefe de bomberos Chad Augustin, la jefa de polic\u00eda interina Cheryl Moody, el ex alcalde Bill Bogaard y numerosos jefes de departamento de la ciudad.<\/p>\n\n\n\n<p>Tomando un tono optimista y cautelosamente victorioso, Gordo tematiz\u00f3 su discurso, \u201c\u00a1Juntos somos m\u00e1s fuertes!\u201d y enumer\u00f3 una serie de logros y logros que la Ciudad ha logrado durante el \u00faltimo a\u00f1o.<\/p>\n\n\n\n<p>&#8220;En 2021&#8221;, comenz\u00f3 Gordo, &#8220;nuestro tema para este Estado de la ciudad fue &#8216;Un momento como ning\u00fan otro&#8217;. En este momento el a\u00f1o pasado, junto con el resto del mundo, luchamos en todos los aspectos de nuestras vidas: personal, profesional, financiera, de salud y familiar\u2014con poco final a la vista.<\/p>\n\n\n\n<p>\u201cReci\u00e9n se estaban implementando las vacunas, nos comunicamos principalmente a trav\u00e9s de Zoom y vimos c\u00f3mo muchos de nuestros vecinos luchaban y lloraban por sus seres queridos\u201d, agreg\u00f3. \u201cEn ese momento, dije que al trabajar juntos, Pasadena saldr\u00eda m\u00e1s fuerte que cuando entramos en la pandemia.<\/p>\n\n\n\n<p>\u201cUn a\u00f1o despu\u00e9s\u201d, continu\u00f3, \u201chemos demostrado que Pasadena es resistente y somos m\u00e1s fuertes juntos\u201d.<\/p>\n\n\n\n<p>Gordo advirti\u00f3 que no estaba sugiriendo que \u201clos desaf\u00edos sin precedentes de la pandemia hayan quedado completamente atr\u00e1s, ya que siempre habr\u00e1 m\u00e1s pruebas\u201d, mientras hablaba de una serie de problemas y oportunidades en medio de los cuales se encuentra la Ciudad.<\/p>\n\n\n\n<p>Pidi\u00f3 un minuto de silencio por las v\u00edctimas de COVID-19, as\u00ed como por quienes puedan estar sufriendo actualmente. Extendi\u00f3 el momento de silencio por los ciudadanos de Kiev, Ucrania, que actualmente enfrentan una embestida del ej\u00e9rcito ruso.<\/p>\n\n\n\n<p>Gordo abord\u00f3 por primera vez la recuperaci\u00f3n de la Ciudad de la pandemia de COVID-19 reconociendo el trabajo del Departamento de Salud P\u00fablica de Pasadena.<\/p>\n\n\n\n<p>Le record\u00f3 a la audiencia en persona y en l\u00ednea que el 99,1 % de todos los residentes de Pasadena han recibido al menos una dosis de vacuna, y el 92,1 % de todos los residentes elegibles est\u00e1n completamente vacunados.<\/p>\n\n\n\n<p>Felicit\u00f3 al Director de Salud P\u00fablica y Oficial de Salud, Dr. Ying Ying Goh, Huntington Hospital, Day One, NAACP y Pasadena Community Job Center, quienes ayudaron a entregar vacunas en toda la ciudad durante el a\u00f1o pasado.<\/p>\n\n\n\n<p>\u201cNuestro Departamento de Salud tambi\u00e9n brind\u00f3 asistencia t\u00e9cnica a nuestras escuelas y comunidad empresarial, lo que nos permiti\u00f3 recuperarnos mejor y m\u00e1s fuertes\u201d, dijo, y agreg\u00f3: \u201cTodo esto ocurri\u00f3 en paralelo a la \u201crutina\u201d y el trabajo continuo del Departamento de Salud. , que continu\u00f3 sin cesar, y eso no es un logro peque\u00f1o.<\/p>\n\n\n\n<p>\u201cDebemos tener en cuenta los impactos en la salud mental provocados por esta experiencia global\u201d, dijo. \u201cEstoy convencido de que la pandemia ha marcado un cambio en todos nosotros, en todos los aspectos de nuestras vidas, y debemos reconocer el efecto que ha tenido en la salud mental de los m\u00e1s vulnerables, incluidos los ni\u00f1os y las personas mayores\u201d.<\/p>\n\n\n\n<p>Hablando de la condici\u00f3n financiera de la Ciudad, el alcalde Gordo dijo: \u201cSi bien el panorama general es positivo, el pron\u00f3stico financiero de la Ciudad seguir\u00e1 siendo cuestionado ya que algunos ingresos clave e industrias relacionadas tardar\u00e1n varios a\u00f1os en recuperarse.<\/p>\n\n\n\n<p>\u201cPor ejemplo\u201d, dijo, \u201cla industria de viajes espera una recuperaci\u00f3n lenta y no volver\u00e1 a los niveles previos a la pandemia hasta 2025. Los viajes de negocios, el sector que trae a la mayor\u00eda de los viajeros a Pasadena durante la semana, tambi\u00e9n son de particular importancia. interesar.<\/p>\n\n\n\n<p>\u201cLa inflaci\u00f3n, el \u00cdndice de Precios al Consumidor y el \u00cdndice de Precios al Productor tienen un tremendo impacto en los costos de la Ciudad en todos los sectores\u201d, continu\u00f3 Gordo. \u201cBajo la gu\u00eda del Comit\u00e9 de Finanzas, el concejal Williams, el concejal Kennedy, el vicealcalde Wilson y yo mismo, la ciudad continuar\u00e1 observando los pron\u00f3sticos econ\u00f3micos nacionales y mundiales a medida que se vean afectados los ingresos y gastos de Pasadena\u201d.<\/p>\n\n\n\n<p>Pero el panorama financiero general de Pasadena va en la direcci\u00f3n correcta, dijo Gordo. Dado que el impuesto a la propiedad es la mayor fuente de ingresos de la Ciudad, el fuerte mercado de bienes ra\u00edces ha brindado resiliencia al Fondo General de la Ciudad, se\u00f1al\u00f3. Tanto el impuesto sobre las ventas como el Meas <\/p>\n\n\n\n<p>Los ingresos fiscales de la zona I tambi\u00e9n han obtenido resultados s\u00f3lidos, dijo, y la recaudaci\u00f3n tanto del impuesto sobre las ventas como de la Medida I en la mayor\u00eda de las ventas en l\u00ednea ha sido &#8220;una gracia salvadora&#8221;, agreg\u00f3.<\/p>\n\n\n\n<p>Gordo tambi\u00e9n reconoci\u00f3 el trabajo del Grupo de Trabajo de Vivienda, presidido por el exalcalde Bogaard, con el exalcalde Rick Cole como asesor.<\/p>\n\n\n\n<p>El grupo de 17 miembros gui\u00f3 dos presentaciones del Elemento de Vivienda al Estado, que incluyeron pol\u00edticas m\u00e1s s\u00f3lidas relacionadas con la producci\u00f3n de viviendas asequibles, dijo el alcalde, y trabajar\u00e1 con el personal de la Ciudad en cualquier revisi\u00f3n final antes de la adopci\u00f3n del Elemento de Vivienda por parte del Consejo a finales de este a\u00f1o.<\/p>\n\n\n\n<p>El grupo de trabajo contin\u00faa enfoc\u00e1ndose en la reutilizaci\u00f3n adaptativa de edificios comerciales, bas\u00e1ndose en el \u00e9xito del programa de la Unidad de Vivienda Accesoria de la Ciudad, la priorizaci\u00f3n de viviendas en terrenos p\u00fablicos y la investigaci\u00f3n de estructuras financieras alternativas para la producci\u00f3n de viviendas asequibles, dijo.<\/p>\n\n\n\n<p>Gordo destac\u00f3 el programa de la Unidad de Vivienda Accesoria de la Ciudad y dijo que se han adquirido casi 1,000 unidades de apartamentos de lujo para viviendas de alquiler de ingresos bajos y moderados, y se ha iniciado la construcci\u00f3n de m\u00e1s de 500 unidades de viviendas asequibles, incluido el Centro Hope del Ej\u00e9rcito de Salvaci\u00f3n, un edificio de 64 unidades desarrollo de vivienda de apoyo permanente<\/p>\n\n\n\n<p>Adem\u00e1s, inform\u00f3 el alcalde, se obtuvieron 184 nuevos vales de alquiler para proporcionar vivienda de apoyo permanente a los miembros de la comunidad, y se proporcionaron vales de motel a m\u00e1s de 200 personas sin hogar. Otras 500 unidades est\u00e1n esperando la financiaci\u00f3n total, incluidos dos proyectos de vivienda de apoyo permanente que se necesitan con urgencia para personas que sufren de falta de vivienda cr\u00f3nica.<\/p>\n\n\n\n<p>Pasando al Rose Bowl, Gordo se\u00f1al\u00f3 que, despu\u00e9s de un 2020 problem\u00e1tico, el estadio se convirti\u00f3 en el lugar n\u00famero uno para el entretenimiento en el sur de California, mientras que otros lugares de su tama\u00f1o permanecieron inactivos, y tambi\u00e9n sirvi\u00f3 como un sitio de prueba de COVID durante el punto \u00e1lgido de la pandemia, realizando m\u00e1s de 9500 pruebas para los residentes de Pasadena y los trabajadores esenciales.<\/p>\n\n\n\n<p>La Rose Bowl Legacy Foundation tambi\u00e9n recaud\u00f3 fondos para proporcionar 75,000 comidas a las familias del PUSD, el estadio fue sede de las graduaciones de las escuelas secundarias locales cuando solo se permit\u00edan las actividades al aire libre de grandes reuniones, y se convirti\u00f3 en el estadio de f\u00fatbol local tanto de la escuela secundaria Pasadena High School como de la escuela secundaria John Muir.<\/p>\n\n\n\n<p>La Rose Bowl Legacy Foundation tambi\u00e9n ha mejorado su posici\u00f3n financiera en m\u00e1s de $25 millones en los \u00faltimos nueve meses, dijo Gordo.<\/p>\n\n\n\n<p>Tras se\u00f1alar que el Rose Bowl est\u00e1 celebrando su a\u00f1o n\u00famero 100, Gordo dijo:<br>\u201cEstoy seguro de que en los pr\u00f3ximos 100 a\u00f1os, el Rose Bowl pasar\u00e1 del &#8216;Estadio de Estados Unidos&#8217; al &#8216;Estadio del mundo&#8217;.<\/p>\n\n\n\n<p>Gordo elogi\u00f3 efusivamente el trabajo del sistema de bibliotecas p\u00fablicas de la Ciudad, informando que el sistema de bibliotecas \u201cnos uni\u00f3 de nuevo\u201d a trav\u00e9s de programas virtuales que saludaron a m\u00e1s de 49,000 asistentes y dio la bienvenida a un aumento en las visitas al sitio web que super\u00f3 los 430,000 visitantes. Se llevaron a cabo m\u00e1s de 38 000 sesiones de investigaci\u00f3n en las bases de datos de nuestra biblioteca, m\u00e1s de 3000 personas obtuvieron una nueva tarjeta de biblioteca y el personal dedicado de la biblioteca nos mantuvo informados, educados y entretenidos con la circulaci\u00f3n de casi 615 000 libros, DVD y otras colecciones.<\/p>\n\n\n\n<p>Gordo tambi\u00e9n elogi\u00f3 el trabajo de los departamentos de polic\u00eda y bomberos y se\u00f1al\u00f3:<\/p>\n\n\n\n<p>Durante el a\u00f1o pasado, el Departamento de Bomberos respondi\u00f3 a m\u00e1s de 17,000 llamadas de emergencia, de las cuales casi 3,200 estaban relacionadas con incendios y un poco m\u00e1s de 13,000 estaban relacionadas con servicios m\u00e9dicos. El Departamento ayud\u00f3 en 16 incidentes de ayuda mutua en todo el estado durante la segunda mitad de 2021, implement\u00f3 una Unidad de Normas Profesionales y la tasa de vacantes del Departamento es la m\u00e1s baja en 15 a\u00f1os.<\/p>\n\n\n\n<p>El Centro de Despacho del Departamento de Polic\u00eda respondi\u00f3 a 235,000 llamadas; 62.000 de las cuales fueron al 911 y 115.000 llamadas de servicio. El Departamento de Polic\u00eda realiz\u00f3 cerca de 3,000 esfuerzos de divulgaci\u00f3n para personas sin hogar y retir\u00f3 336 armas de fuego de las calles.<\/p>\n\n\n\n<p>Pasadena tambi\u00e9n dar\u00e1 la bienvenida a nuevas inversiones de nuevos negocios el pr\u00f3ximo a\u00f1o, dijo, con la reapertura del Constance Hotel bajo nuevos due\u00f1os en mayo, as\u00ed como la llegada de Motiv Space Systems, dise\u00f1adores y constructores de brazos rob\u00f3ticos, motor controladores y mecanismos para la NASA y JPL, y Miso Robotics, un desarrollador de robots impulsados \u200b\u200bpor inteligencia artificial para ayudar a los chefs en la preparaci\u00f3n de alimentos.<\/p>\n\n\n\n<p>Xencor, una compa\u00f1\u00eda biofarmac\u00e9utica en etapa cl\u00ednica que est\u00e1 desarrollando prote\u00ednas y anticuerpos monoclonales dise\u00f1ados para combatir el c\u00e1ncer y las enfermedades autoinmunes, tambi\u00e9n se mudar\u00e1 a Pasadena, dijo, al igual que el fabricante de veh\u00edculos el\u00e9ctricos Lucid Motors.<\/p>\n\n\n\n<p>Gordo dijo que tambi\u00e9n recomienda la formaci\u00f3n de un grupo de trabajo para trabajar con el personal de la Ciudad para revisar la implementaci\u00f3n actual de la pol\u00edtica de Desarrollo Infantil Temprano. Los miembros del grupo de trabajo representar\u00e1n una amplia muestra representativa de expertos en la primera infancia, defensores de la comunidad, l\u00edderes en salud p\u00fablica y padres de todo Pasadena que representan las diversas necesidades de los padres, brindando su primera actualizaci\u00f3n al Concejo Municipal para junio de este a\u00f1o.<\/p>\n\n\n\n<p>Adem\u00e1s, traer recursos de la ciudad, como PCC, PUSD y Lab<\/p>\n\n\n\n<p>o socios juntos, Gordo tiene como objetivo crear un comit\u00e9 ad hoc del Concejo Municipal\u2014los concejales Hampton, Rivas y Kennedy\u2014para encabezar un esfuerzo para aumentar las oportunidades de capacitaci\u00f3n vocacional para los j\u00f3venes en Pasadena.<\/p>\n\n\n\n<p>\u201cPuede esperar escuchar m\u00e1s sobre este esfuerzo en las pr\u00f3ximas semanas\u201d, dijo.<\/p>\n\n\n\n<p>Movi\u00e9ndose hacia el futuro del &#8220;taloncillo&#8221; 710, la ciudad tambi\u00e9n complet\u00f3 con \u00e9xito su an\u00e1lisis de factibilidad t\u00e9cnica en 2021, dijo Gordo, y ahora ha iniciado el proceso para que Caltrans ceda el trozo norte de la SR 710 a Pasadena.<\/p>\n\n\n\n<p>\u201cUna vez que se complete el proceso de cesi\u00f3n\u201d, dijo Gordo, \u201cel pr\u00f3ximo desaf\u00edo es volver a imaginar esta parte de nuestra ciudad. El corredor no solo es una entrada importante a West Pasadena, sino tambi\u00e9n a Old Pasadena, al Huntington Hospital para ambulancias y socorristas, y para el tr\u00e1fico\u201d.<\/p>\n\n\n\n<p>Antes de la construcci\u00f3n de la 710 en Pasadena hace d\u00e9cadas, el \u00e1rea hab\u00eda sido un vecindario residencial pr\u00f3spero, y la reconstrucci\u00f3n del \u00e1rea ha sido un tema candente desde que se elimin\u00f3 el proyecto de extensi\u00f3n de la 710 en 2018.<\/p>\n\n\n\n<p>Gordo tambi\u00e9n present\u00f3 la idea de un proceso presupuestario de la Ciudad renovado, y explic\u00f3 que el proceso presupuestario de 2022 ser\u00e1 diferente, ya que los comit\u00e9s del consejo con responsabilidad sobre un departamento revisar\u00e1n los presupuestos respectivos y podr\u00e1n profundizar en sus programas.<\/p>\n\n\n\n<p>El Comit\u00e9 de Seguridad P\u00fablica, por ejemplo, revisar\u00e1 los presupuestos del Departamento de Polic\u00eda y Bomberos, y el Comit\u00e9 de Servicios Municipales revisar\u00e1 el presupuesto de Agua y Energ\u00eda de Pasadena, explic\u00f3.<\/p>\n\n\n\n<p>Gordo dijo que esperaba que el nuevo proceso \u201cpermita una mejor supervisi\u00f3n por parte de los funcionarios electos de Pasadena de los preciosos d\u00f3lares y recursos de la Ciudad, y brinde al p\u00fablico una mejor oportunidad para revisar no solo las cifras presupuestarias, sino tambi\u00e9n la eficacia y eficiencia de nuestros programas y gastos relacionados. .\u201d<\/p>\n\n\n\n<p>Al concluir su discurso, el alcalde Gordo dijo: \u201cSi bien tenemos mucho que mejorar y mucho trabajo por hacer, hoy Pasadena es \u201cm\u00e1s fuerte juntos porque hemos trabajado y crecido juntos durante los momentos m\u00e1s dif\u00edciles. Tenga la seguridad de que su Concejo Municipal est\u00e1 comprometido a continuar construyendo nuestra comunidad y, con suerte, el tema del pr\u00f3ximo a\u00f1o ser\u00e1 la recuperaci\u00f3n y salir adelante de la pandemia, juntos\u201d.<\/p>\n\n\n\n<p><\/p>\n\n\n\n<p><\/p>\n","protected":false},"excerpt":{"rendered":"<p>Ante una audiencia invitada peque\u00f1a pero solidaria de funcionarios de la ciudad y l\u00edderes de la comunidad local, el alcalde de Pasadena, Victor Gordo, pronunci\u00f3 el segundo discurso sobre el estado de la ciudad de su mandato, pero el primero lo pronunci\u00f3 en persona, a ra\u00edz de la menguante amenaza diaria del COVID. -19 pandemia. El alcalde se dirigi\u00f3 a una audiencia enmascarada y socialmente distanciada limitada a poco menos de 100 en el Westerbeck Recital Hall en Pasadena City [&hellip;]<\/p>\n","protected":false},"author":4,"featured_media":14745,"comment_status":"open","ping_status":"closed","sticky":false,"template":"","format":"standard","meta":[],"categories":[6],"tags":[],"acf":[],"_links":{"self":[{"href":"http:\/\/www.pasadenahoy.com\/primero\/wp-json\/wp\/v2\/posts\/14744"}],"collection":[{"href":"http:\/\/www.pasadenahoy.com\/primero\/wp-json\/wp\/v2\/posts"}],"about":[{"href":"http:\/\/www.pasadenahoy.com\/primero\/wp-json\/wp\/v2\/types\/post"}],"author":[{"embeddable":true,"href":"http:\/\/www.pasadenahoy.com\/primero\/wp-json\/wp\/v2\/users\/4"}],"replies":[{"embeddable":true,"href":"http:\/\/www.pasadenahoy.com\/primero\/wp-json\/wp\/v2\/comments?post=14744"}],"version-history":[{"count":2,"href":"http:\/\/www.pasadenahoy.com\/primero\/wp-json\/wp\/v2\/posts\/14744\/revisions"}],"predecessor-version":[{"id":14747,"href":"http:\/\/www.pasadenahoy.com\/primero\/wp-json\/wp\/v2\/posts\/14744\/revisions\/14747"}],"wp:featuredmedia":[{"embeddable":true,"href":"http:\/\/www.pasadenahoy.com\/primero\/wp-json\/wp\/v2\/media\/14745"}],"wp:attachment":[{"href":"http:\/\/www.pasadenahoy.com\/primero\/wp-json\/wp\/v2\/media?parent=14744"}],"wp:term":[{"taxonomy":"category","embeddable":true,"href":"http:\/\/www.pasadenahoy.com\/primero\/wp-json\/wp\/v2\/categories?post=14744"},{"taxonomy":"post_tag","embeddable":true,"href":"http:\/\/www.pasadenahoy.com\/primero\/wp-json\/wp\/v2\/tags?post=14744"}],"curies":[{"name":"wp","href":"https:\/\/api.w.org\/{rel}","templated":true}]}}