{"id":14752,"date":"2022-02-25T15:26:53","date_gmt":"2022-02-25T15:26:53","guid":{"rendered":"http:\/\/www.pasadenahoy.com\/primero\/?p=14752"},"modified":"2022-02-25T15:26:54","modified_gmt":"2022-02-25T15:26:54","slug":"pasadena-permitira-que-las-personas-vacunadas-se-quiten-las-mascaras-en-muchos-entornos-interiores-a-partir-del-sabado","status":"publish","type":"post","link":"http:\/\/www.pasadenahoy.com\/primero\/la-comunidad\/pasadena-permitira-que-las-personas-vacunadas-se-quiten-las-mascaras-en-muchos-entornos-interiores-a-partir-del-sabado\/","title":{"rendered":"Pasadena permitir\u00e1 que las personas vacunadas se quiten las m\u00e1scaras en muchos entornos interiores a partir del s\u00e1bado"},"content":{"rendered":"\n<figure class=\"wp-block-image alignnone size-large\"><figure class=\"alignnone\"><img loading=\"lazy\" width=\"700\" height=\"378\" src=\"http:\/\/www.pasadenahoy.com\/primero\/wp-content\/uploads\/2022\/02\/pic-3-12.jpg\" alt=\"\" class=\"wp-image-14753\" srcset=\"http:\/\/www.pasadenahoy.com\/primero\/wp-content\/uploads\/2022\/02\/pic-3-12.jpg 700w, http:\/\/www.pasadenahoy.com\/primero\/wp-content\/uploads\/2022\/02\/pic-3-12-300x162.jpg 300w, http:\/\/www.pasadenahoy.com\/primero\/wp-content\/uploads\/2022\/02\/pic-3-12-241x130.jpg 241w, http:\/\/www.pasadenahoy.com\/primero\/wp-content\/uploads\/2022\/02\/pic-3-12-333x180.jpg 333w, http:\/\/www.pasadenahoy.com\/primero\/wp-content\/uploads\/2022\/02\/pic-3-12-360x194.jpg 360w\" sizes=\"100vw\" \/><\/figure><\/figure>\n\n\n\n<p>Pasadena emiti\u00f3 una orden de salud actualizada a partir del s\u00e1bado que brindar\u00e1 a las personas completamente vacunadas la opci\u00f3n de usar o quitarse las m\u00e1scaras en muchos entornos interiores de acuerdo con la orden reciente del Oficial de Salud del Estado.<\/p>\n\n\n\n<p>La ciudad dijo en un comunicado el jueves que la orden revisada difiere ligeramente del enfoque del condado porque es menos restrictivo al permitir opciones adicionales para la verificaci\u00f3n de vacunas, incluida la autocertificaci\u00f3n, en la mayor\u00eda de las empresas y \u00e1reas p\u00fablicas.<\/p>\n\n\n\n<p>Actualmente, la Orden del Oficial de Salud del Estado requiere que cualquier persona que no est\u00e9 completamente vacunada use mascarilla en todos los entornos p\u00fablicos y negocios cerrados (incluidos, entre otros, tiendas minoristas, restaurantes, teatros, centros de entretenimiento familiar, lugares de trabajo y oficinas gubernamentales estatales y locales que atienden a la p\u00fablico).<\/p>\n\n\n\n<p>No se puede impedir que una persona use una m\u00e1scara como condici\u00f3n para participar en una actividad o ingresar a un negocio.<\/p>\n\n\n\n<p>El viernes, se espera que los Centros para el Control y la Prevenci\u00f3n de Enfermedades de EE. UU. emitan pautas revisadas en una variedad de frentes de prevenci\u00f3n de COVID, incluida una flexibilizaci\u00f3n anticipada de las reglas de uso de mascarillas.<\/p>\n\n\n\n<p>La Orden de Salud del Estado y las regulaciones federales contin\u00faan requiriendo m\u00e1scaras, independientemente del estado de vacunaci\u00f3n, en los siguientes entornos interiores:<\/p>\n\n\n\n<p>En transporte p\u00fablico (ejemplos: aviones, barcos, transbordadores, trenes, subterr\u00e1neos, autobuses, taxis y viajes compartidos) y en centros de transporte (ejemplos: aeropuerto, terminal de autobuses, puerto deportivo, estaci\u00f3n de tren, puerto mar\u00edtimo u otro puerto, estaci\u00f3n de metro o cualquier otra \u00e1rea que proporcione transporte)<br>Interiores en escuelas K-12 y en guarder\u00edas<br>Refugios de emergencia y centros de refrigeraci\u00f3n y calefacci\u00f3n<br>Entornos sanitarios<br>Instalaciones correccionales y centros de detenci\u00f3n estatales y locales<br>Refugios para desamparados<br>Centros de atenci\u00f3n a largo plazo e instalaciones de atenci\u00f3n para adultos y personas mayores<br>El Departamento de Salud P\u00fablica de Pasadena recomienda encarecidamente que las empresas, los lugares de trabajo, los operadores de lugares o los anfitriones sigan la gu\u00eda del CDPH que brinda opciones para reducir el riesgo de transmisi\u00f3n de COVID-19, que incluyen:<\/p>\n\n\n\n<p>Requerir que todos los clientes usen m\u00e1scaras; O<br>Implementar la verificaci\u00f3n de vacunas para determinar si las personas deben usar una m\u00e1scara; O<br>Proporcione informaci\u00f3n a todos los clientes, invitados y asistentes sobre los requisitos de vacunaci\u00f3n y permita que las personas vacunadas autocertifiquen que cumplen antes de ingresar.<br>Hasta que los casos de COVID-19 alcancen el nivel moderado del marco de los CDC, que se espera para fines de marzo, se alienta a las empresas\/operadores a tomar medidas para proteger a los empleados y clientes implementando la verificaci\u00f3n de vacunas y, para aquellos que no est\u00e1n completamente vacunados , verificaci\u00f3n de una prueba COVID-19 negativa (dentro de 2 d\u00edas si es PCR y 1 d\u00eda si es ant\u00edgeno).<\/p>\n\n\n\n<p>Las personas que est\u00e1n enfermas con s\u00edntomas de COVID-19 deben usar una m\u00e1scara independientemente del estado de vacunaci\u00f3n, hacerse la prueba y quedarse en casa. Las personas a\u00fan deben usar m\u00e1scara, independientemente del estado de vacunaci\u00f3n, si se encuentran dentro de los 10 d\u00edas posteriores al inicio de los s\u00edntomas de una infecci\u00f3n por COVID-19 (o una prueba positiva si son asintom\u00e1ticos) o si est\u00e1n en cuarentena despu\u00e9s de la exposici\u00f3n a COVID-19.<\/p>\n\n\n\n<p>Se recomienda que las personas con todas las vacunas contin\u00faen con el uso de m\u00e1scaras en interiores cuando el riesgo de transmisi\u00f3n de COVID-19 o enfermedad grave pueda ser alto. El PPHD recomienda encarecidamente las m\u00e1scaras quir\u00fargicas o respiradores bien ajustados, conocidos como N95, KN95, KF94.<\/p>\n\n\n\n<p>Las vacunas actualizadas (incluidas las dosis de refuerzo cuando sean elegibles) son muy recomendables para todas las personas mayores de 5 a\u00f1os como la forma segura y eficaz de protegerse contra la enfermedad grave de COVID-19, incluidas la hospitalizaci\u00f3n y la muerte.<\/p>\n\n\n\n<p>Adem\u00e1s, el Departamento de Salud P\u00fablica de Pasadena recomienda enf\u00e1ticamente a las personas que contin\u00faen usando mascarillas en el interior y sigan otras estrategias de seguridad de sentido com\u00fan para el COVID-19, como quedarse en casa cuando est\u00e1n enfermos; lavado frecuente de manos; y pruebas de COVID-19 cuando est\u00e1 en contacto con alguien que tiene el virus o cuando experimenta s\u00edntomas similares a los de COVID.<\/p>\n\n\n\n<p>La Orden de Salud del Estado contin\u00faa ordenando el uso de m\u00e1scaras en el interior de las escuelas K-12 y en los centros de cuidado infantil. Las jurisdicciones de salud locales no tienen la autoridad para relajar ese requisito.<\/p>\n\n\n\n<p>Para conocer los recursos locales de COVID-19, incluidos los lugares de prueba y vacunaci\u00f3n, visite:<a href=\"https:\/\/www.cityofpasadena.net\/covid-19\/.\">https:\/\/www.cityofpasadena.net\/covid-19\/.<\/a><\/p>\n","protected":false},"excerpt":{"rendered":"<p>Pasadena emiti\u00f3 una orden de salud actualizada a partir del s\u00e1bado que brindar\u00e1 a las personas completamente vacunadas la opci\u00f3n de usar o quitarse las m\u00e1scaras en muchos entornos interiores de acuerdo con la orden reciente del Oficial de Salud del Estado. La ciudad dijo en un comunicado el jueves que la orden revisada difiere ligeramente del enfoque del condado porque es menos restrictivo al permitir opciones adicionales para la verificaci\u00f3n de vacunas, incluida la autocertificaci\u00f3n, en la mayor\u00eda de [&hellip;]<\/p>\n","protected":false},"author":4,"featured_media":14753,"comment_status":"open","ping_status":"closed","sticky":false,"template":"","format":"standard","meta":[],"categories":[4],"tags":[],"acf":[],"_links":{"self":[{"href":"http:\/\/www.pasadenahoy.com\/primero\/wp-json\/wp\/v2\/posts\/14752"}],"collection":[{"href":"http:\/\/www.pasadenahoy.com\/primero\/wp-json\/wp\/v2\/posts"}],"about":[{"href":"http:\/\/www.pasadenahoy.com\/primero\/wp-json\/wp\/v2\/types\/post"}],"author":[{"embeddable":true,"href":"http:\/\/www.pasadenahoy.com\/primero\/wp-json\/wp\/v2\/users\/4"}],"replies":[{"embeddable":true,"href":"http:\/\/www.pasadenahoy.com\/primero\/wp-json\/wp\/v2\/comments?post=14752"}],"version-history":[{"count":2,"href":"http:\/\/www.pasadenahoy.com\/primero\/wp-json\/wp\/v2\/posts\/14752\/revisions"}],"predecessor-version":[{"id":14755,"href":"http:\/\/www.pasadenahoy.com\/primero\/wp-json\/wp\/v2\/posts\/14752\/revisions\/14755"}],"wp:featuredmedia":[{"embeddable":true,"href":"http:\/\/www.pasadenahoy.com\/primero\/wp-json\/wp\/v2\/media\/14753"}],"wp:attachment":[{"href":"http:\/\/www.pasadenahoy.com\/primero\/wp-json\/wp\/v2\/media?parent=14752"}],"wp:term":[{"taxonomy":"category","embeddable":true,"href":"http:\/\/www.pasadenahoy.com\/primero\/wp-json\/wp\/v2\/categories?post=14752"},{"taxonomy":"post_tag","embeddable":true,"href":"http:\/\/www.pasadenahoy.com\/primero\/wp-json\/wp\/v2\/tags?post=14752"}],"curies":[{"name":"wp","href":"https:\/\/api.w.org\/{rel}","templated":true}]}}