{"id":14756,"date":"2022-02-25T15:30:31","date_gmt":"2022-02-25T15:30:31","guid":{"rendered":"http:\/\/www.pasadenahoy.com\/primero\/?p=14756"},"modified":"2022-02-25T15:30:34","modified_gmt":"2022-02-25T15:30:34","slug":"las-mascaras-faciales-seguiran-siendo-obligatorias-en-el-juzgado-de-pasadena","status":"publish","type":"post","link":"http:\/\/www.pasadenahoy.com\/primero\/la-comunidad\/las-mascaras-faciales-seguiran-siendo-obligatorias-en-el-juzgado-de-pasadena\/","title":{"rendered":"Las m\u00e1scaras faciales seguir\u00e1n siendo obligatorias en el juzgado de Pasadena"},"content":{"rendered":"\n<figure class=\"wp-block-image alignnone size-large\"><figure class=\"alignnone\"><img loading=\"lazy\" width=\"700\" height=\"378\" src=\"http:\/\/www.pasadenahoy.com\/primero\/wp-content\/uploads\/2022\/02\/pic-4-14.jpg\" alt=\"\" class=\"wp-image-14757\" srcset=\"http:\/\/www.pasadenahoy.com\/primero\/wp-content\/uploads\/2022\/02\/pic-4-14.jpg 700w, http:\/\/www.pasadenahoy.com\/primero\/wp-content\/uploads\/2022\/02\/pic-4-14-300x162.jpg 300w, http:\/\/www.pasadenahoy.com\/primero\/wp-content\/uploads\/2022\/02\/pic-4-14-241x130.jpg 241w, http:\/\/www.pasadenahoy.com\/primero\/wp-content\/uploads\/2022\/02\/pic-4-14-333x180.jpg 333w, http:\/\/www.pasadenahoy.com\/primero\/wp-content\/uploads\/2022\/02\/pic-4-14-360x194.jpg 360w\" sizes=\"100vw\" \/><\/figure><\/figure>\n\n\n\n<p>Las m\u00e1scaras faciales seguir\u00e1n siendo obligatorias en todos los juzgados del condado de Los \u00c1ngeles a pesar de que el condado alivi\u00f3 el mandato de m\u00e1scaras en interiores a partir del viernes para las personas vacunadas contra COVID-19, dijeron funcionarios judiciales el jueves.<\/p>\n\n\n\n<p>Todas las personas mayores de 2 a\u00f1os e independientemente de su estado de vacunaci\u00f3n seguir\u00e1n estando obligadas a usar m\u00e1scaras faciales sobre la nariz y la boca mientras est\u00e9n en un juzgado, seg\u00fan el tribunal.<\/p>\n\n\n\n<p>\u201cSi bien hay se\u00f1ales esperanzadoras de que el aumento invernal ha disminuido con una disminuci\u00f3n en los casos de Omicron, la positividad de las pruebas y las hospitalizaciones, el tribunal se mantendr\u00e1 alerta para brindar acceso seguro a la justicia en el tribunal de primera instancia m\u00e1s grande del pa\u00eds\u201d, dijo el juez presidente Eric C. Taylor. en una oracion. \u201cCuando venga a nuestros juzgados, debe usar una m\u00e1scara facial. Sin embargo, el tribunal no requiere que el p\u00fablico proporcione prueba de vacunaci\u00f3n o una prueba negativa para acceder a la justicia\u201d.<\/p>\n\n\n\n<p>Los empleados de la corte y los funcionarios judiciales est\u00e1n incluidos en la orden.<\/p>\n\n\n\n<p>Los funcionarios de la corte instaron a las personas con discapacidades que les impiden usar m\u00e1scaras faciales a buscar una adaptaci\u00f3n seg\u00fan las Reglas de la Corte de California antes de su comparecencia o cita en la corte.<\/p>\n","protected":false},"excerpt":{"rendered":"<p>Las m\u00e1scaras faciales seguir\u00e1n siendo obligatorias en todos los juzgados del condado de Los \u00c1ngeles a pesar de que el condado alivi\u00f3 el mandato de m\u00e1scaras en interiores a partir del viernes para las personas vacunadas contra COVID-19, dijeron funcionarios judiciales el jueves. Todas las personas mayores de 2 a\u00f1os e independientemente de su estado de vacunaci\u00f3n seguir\u00e1n estando obligadas a usar m\u00e1scaras faciales sobre la nariz y la boca mientras est\u00e9n en un juzgado, seg\u00fan el tribunal. \u201cSi bien [&hellip;]<\/p>\n","protected":false},"author":4,"featured_media":0,"comment_status":"open","ping_status":"closed","sticky":false,"template":"","format":"standard","meta":[],"categories":[4],"tags":[],"acf":[],"_links":{"self":[{"href":"http:\/\/www.pasadenahoy.com\/primero\/wp-json\/wp\/v2\/posts\/14756"}],"collection":[{"href":"http:\/\/www.pasadenahoy.com\/primero\/wp-json\/wp\/v2\/posts"}],"about":[{"href":"http:\/\/www.pasadenahoy.com\/primero\/wp-json\/wp\/v2\/types\/post"}],"author":[{"embeddable":true,"href":"http:\/\/www.pasadenahoy.com\/primero\/wp-json\/wp\/v2\/users\/4"}],"replies":[{"embeddable":true,"href":"http:\/\/www.pasadenahoy.com\/primero\/wp-json\/wp\/v2\/comments?post=14756"}],"version-history":[{"count":2,"href":"http:\/\/www.pasadenahoy.com\/primero\/wp-json\/wp\/v2\/posts\/14756\/revisions"}],"predecessor-version":[{"id":14759,"href":"http:\/\/www.pasadenahoy.com\/primero\/wp-json\/wp\/v2\/posts\/14756\/revisions\/14759"}],"wp:attachment":[{"href":"http:\/\/www.pasadenahoy.com\/primero\/wp-json\/wp\/v2\/media?parent=14756"}],"wp:term":[{"taxonomy":"category","embeddable":true,"href":"http:\/\/www.pasadenahoy.com\/primero\/wp-json\/wp\/v2\/categories?post=14756"},{"taxonomy":"post_tag","embeddable":true,"href":"http:\/\/www.pasadenahoy.com\/primero\/wp-json\/wp\/v2\/tags?post=14756"}],"curies":[{"name":"wp","href":"https:\/\/api.w.org\/{rel}","templated":true}]}}