{"id":14778,"date":"2022-02-28T15:19:04","date_gmt":"2022-02-28T15:19:04","guid":{"rendered":"http:\/\/www.pasadenahoy.com\/primero\/?p=14778"},"modified":"2022-02-28T15:19:05","modified_gmt":"2022-02-28T15:19:05","slug":"alcalde-gordo-recomienda-nuevo-grupo-de-trabajo","status":"publish","type":"post","link":"http:\/\/www.pasadenahoy.com\/primero\/el-gobierno-local\/alcalde-gordo-recomienda-nuevo-grupo-de-trabajo\/","title":{"rendered":"Alcalde Gordo recomienda nuevo grupo de trabajo"},"content":{"rendered":"\n<figure class=\"wp-block-image alignnone size-large\"><figure class=\"alignnone\"><img loading=\"lazy\" width=\"700\" height=\"378\" src=\"http:\/\/www.pasadenahoy.com\/primero\/wp-content\/uploads\/2022\/02\/pic-2-11.jpg\" alt=\"\" class=\"wp-image-14779\" srcset=\"http:\/\/www.pasadenahoy.com\/primero\/wp-content\/uploads\/2022\/02\/pic-2-11.jpg 700w, http:\/\/www.pasadenahoy.com\/primero\/wp-content\/uploads\/2022\/02\/pic-2-11-300x162.jpg 300w, http:\/\/www.pasadenahoy.com\/primero\/wp-content\/uploads\/2022\/02\/pic-2-11-241x130.jpg 241w, http:\/\/www.pasadenahoy.com\/primero\/wp-content\/uploads\/2022\/02\/pic-2-11-333x180.jpg 333w, http:\/\/www.pasadenahoy.com\/primero\/wp-content\/uploads\/2022\/02\/pic-2-11-360x194.jpg 360w\" sizes=\"100vw\" \/><\/figure><\/figure>\n\n\n\n<p>El Concejo Municipal considerar\u00e1 el lunes un grupo de trabajo sobre Desarrollo Infantil Temprano y Aprendizaje Temprano.<\/p>\n\n\n\n<p>Seg\u00fan un informe del personal en la agenda del lunes, el alcalde V\u00edctor Gordo recomienda que el Concejo Municipal designe un nuevo grupo de trabajo con el fin de trabajar con el personal para revisar el estado de la implementaci\u00f3n de la pol\u00edtica de desarrollo infantil temprano adoptada por el Concejo Municipal en 2015.<\/p>\n\n\n\n<p>Gordo anunci\u00f3 sus intenciones de formar el grupo de trabajo durante el discurso anual del Estado de la Ciudad de la semana pasada.<\/p>\n\n\n\n<p>\u201cCuando ocurren las crisis, el desarrollo infantil no se detiene. Como tal, es imperativo que nuestros ni\u00f1os peque\u00f1os y sus familias reciban recursos cr\u00edticos para sobrevivir a esta pandemia y prosperar en los a\u00f1os posteriores.<\/p>\n\n\n\n<p>\u201cHace ocho a\u00f1os, nuestra ex superintendente del PUSD, la Dra. Vera Vignes, lider\u00f3 el esfuerzo para desarrollar nuestra Pol\u00edtica de desarrollo infantil temprano y Plan maestro para ni\u00f1os peque\u00f1os, que une programas y servicios para mejorar las vidas de los ni\u00f1os desde el nacimiento hasta los cinco a\u00f1os en nuestra comunidad. \u201d, dijo Gordo. \u201cLa Ciudad estableci\u00f3 la Oficina del Ni\u00f1o Peque\u00f1o en 2016 para llevar a cabo este importante trabajo, y ahora que nos enfrentamos a los impactos de la pandemia, la injusticia racial, los ciclos de violencia y la inestabilidad econ\u00f3mica, me preocupa c\u00f3mo nuestro los ni\u00f1os m\u00e1s peque\u00f1os y sus familias est\u00e1n haciendo\u201d.<\/p>\n\n\n\n<p>El grupo de trabajo estar\u00eda compuesto por 14 miembros que representar\u00edan una amplia muestra representativa de la comunidad de expertos, profesionales y defensores de la primera infancia y el aprendizaje temprano; liderazgo y personal de primera infancia del Distrito Escolar Unificado de Pasadena (PUSD); padres de ni\u00f1os peque\u00f1os del PUSD; profesionales del cuidado infantil: expertos en ciencias del cerebro y l\u00edderes de la fuerza laboral, la salud p\u00fablica y la atenci\u00f3n materna.<\/p>\n\n\n\n<p>El grupo de trabajo informar\u00eda al concejo sobre el estado actual de implementaci\u00f3n de la pol\u00edtica, la alineaci\u00f3n de la pol\u00edtica con la ciencia m\u00e1s reciente con respecto a las mejores pr\u00e1cticas para implementar programas para la primera infancia y cualquier cambio de pol\u00edtica necesario para apoyar a los ni\u00f1os m\u00e1s peque\u00f1os y las familias de la ciudad que mueren para problemas inmediatos, incluida la pandemia, la injusticia racial, los ciclos de violencia y la inestabilidad econ\u00f3mica.<\/p>\n\n\n\n<p>En 2014, el Concejo Municipal solicit\u00f3 que se presentara una actualizaci\u00f3n de la Pol\u00edtica de cuidado infantil de 1994 junto con opciones de financiaci\u00f3n para restablecer el puesto de coordinador de cuidado infantil.<\/p>\n\n\n\n<p>Un Comit\u00e9 Ad Hoc de la Comisi\u00f3n de Servicios Humanos se reuni\u00f3 durante m\u00e1s de 6 meses para revisar la pol\u00edtica de 1994.<\/p>\n\n\n\n<p>\u201cLa pol\u00edtica actualizada pas\u00f3 a llamarse pol\u00edtica de desarrollo infantil temprano\u201d, seg\u00fan el informe del personal del lunes. \u201cEl comit\u00e9 continu\u00f3 su trabajo implementando la nueva pol\u00edtica y desarroll\u00f3 el Plan Maestro para el Ni\u00f1o Peque\u00f1o, para reunir una variedad de servicios y programas con resultados medibles en la poblaci\u00f3n. La ciudad estableci\u00f3 la Oficina del Ni\u00f1o Peque\u00f1o en 2016 para llevar a cabo la implementaci\u00f3n del importante trabajo de la pol\u00edtica\u201d.<\/p>\n\n\n\n<p>El grupo de trabajo comenzar\u00eda su trabajo a m\u00e1s tardar el 15 de marzo y se reunir\u00eda dos veces al mes.<\/p>\n\n\n\n<p>Todas las reuniones ser\u00e1n notificadas al p\u00fablico de acuerdo con la Ley Brown.<\/p>\n\n\n\n<p>El grupo de trabajo presentar\u00eda una actualizaci\u00f3n al Concejo Municipal a m\u00e1s tardar el 11 de junio y enviar\u00eda un informe final al Concejo Municipal el 12 de septiembre o antes y al atardecer en ese momento.<\/p>\n","protected":false},"excerpt":{"rendered":"<p>El Concejo Municipal considerar\u00e1 el lunes un grupo de trabajo sobre Desarrollo Infantil Temprano y Aprendizaje Temprano. Seg\u00fan un informe del personal en la agenda del lunes, el alcalde V\u00edctor Gordo recomienda que el Concejo Municipal designe un nuevo grupo de trabajo con el fin de trabajar con el personal para revisar el estado de la implementaci\u00f3n de la pol\u00edtica de desarrollo infantil temprano adoptada por el Concejo Municipal en 2015. Gordo anunci\u00f3 sus intenciones de formar el grupo de [&hellip;]<\/p>\n","protected":false},"author":4,"featured_media":14779,"comment_status":"open","ping_status":"closed","sticky":false,"template":"","format":"standard","meta":[],"categories":[6],"tags":[],"acf":[],"_links":{"self":[{"href":"http:\/\/www.pasadenahoy.com\/primero\/wp-json\/wp\/v2\/posts\/14778"}],"collection":[{"href":"http:\/\/www.pasadenahoy.com\/primero\/wp-json\/wp\/v2\/posts"}],"about":[{"href":"http:\/\/www.pasadenahoy.com\/primero\/wp-json\/wp\/v2\/types\/post"}],"author":[{"embeddable":true,"href":"http:\/\/www.pasadenahoy.com\/primero\/wp-json\/wp\/v2\/users\/4"}],"replies":[{"embeddable":true,"href":"http:\/\/www.pasadenahoy.com\/primero\/wp-json\/wp\/v2\/comments?post=14778"}],"version-history":[{"count":2,"href":"http:\/\/www.pasadenahoy.com\/primero\/wp-json\/wp\/v2\/posts\/14778\/revisions"}],"predecessor-version":[{"id":14781,"href":"http:\/\/www.pasadenahoy.com\/primero\/wp-json\/wp\/v2\/posts\/14778\/revisions\/14781"}],"wp:featuredmedia":[{"embeddable":true,"href":"http:\/\/www.pasadenahoy.com\/primero\/wp-json\/wp\/v2\/media\/14779"}],"wp:attachment":[{"href":"http:\/\/www.pasadenahoy.com\/primero\/wp-json\/wp\/v2\/media?parent=14778"}],"wp:term":[{"taxonomy":"category","embeddable":true,"href":"http:\/\/www.pasadenahoy.com\/primero\/wp-json\/wp\/v2\/categories?post=14778"},{"taxonomy":"post_tag","embeddable":true,"href":"http:\/\/www.pasadenahoy.com\/primero\/wp-json\/wp\/v2\/tags?post=14778"}],"curies":[{"name":"wp","href":"https:\/\/api.w.org\/{rel}","templated":true}]}}