{"id":14782,"date":"2022-02-28T15:23:20","date_gmt":"2022-02-28T15:23:20","guid":{"rendered":"http:\/\/www.pasadenahoy.com\/primero\/?p=14782"},"modified":"2022-02-28T15:51:49","modified_gmt":"2022-02-28T15:51:49","slug":"las-hospitalizaciones-por-covid-en-el-condado-de-los-angeles-caen-por-debajo-de-1000","status":"publish","type":"post","link":"http:\/\/www.pasadenahoy.com\/primero\/la-comunidad\/las-hospitalizaciones-por-covid-en-el-condado-de-los-angeles-caen-por-debajo-de-1000\/","title":{"rendered":"Las hospitalizaciones por COVID en el condado de Los \u00c1ngeles caen por debajo de 1,000"},"content":{"rendered":"\n<figure class=\"wp-block-image alignnone size-large\"><figure class=\"alignnone\"><img loading=\"lazy\" width=\"700\" height=\"390\" src=\"http:\/\/www.pasadenahoy.com\/primero\/wp-content\/uploads\/2022\/02\/pic-3-13.jpg\" alt=\"\" class=\"wp-image-14783\" srcset=\"http:\/\/www.pasadenahoy.com\/primero\/wp-content\/uploads\/2022\/02\/pic-3-13.jpg 700w, http:\/\/www.pasadenahoy.com\/primero\/wp-content\/uploads\/2022\/02\/pic-3-13-300x167.jpg 300w, http:\/\/www.pasadenahoy.com\/primero\/wp-content\/uploads\/2022\/02\/pic-3-13-233x130.jpg 233w, http:\/\/www.pasadenahoy.com\/primero\/wp-content\/uploads\/2022\/02\/pic-3-13-323x180.jpg 323w, http:\/\/www.pasadenahoy.com\/primero\/wp-content\/uploads\/2022\/02\/pic-3-13-360x201.jpg 360w\" sizes=\"100vw\" \/><\/figure><\/figure>\n\n\n\n<p>La cantidad de pacientes con COVID positivo en los hospitales del condado de Los \u00c1ngeles ha ca\u00eddo por debajo de 1,000 por primera vez desde diciembre, seg\u00fan las \u00faltimas cifras estatales publicadas el domingo.<\/p>\n\n\n\n<p>Hay 975 personas con COVID-19 en los hospitales del condado, frente a las 1071 del s\u00e1bado. De esos pacientes, 188 est\u00e1n en cuidados intensivos, frente a los 220 del d\u00eda anterior.<\/p>\n\n\n\n<p>El n\u00famero de pacientes hospitalizados con COVID en el condado ha sido tan alto como 8,098 y tan bajo como 213 durante los dos a\u00f1os de pandemia. R\u00e1pidamente se dispar\u00f3 a m\u00e1s de 4800 en enero en medio de un aumento invernal de casos alimentados por la variante Omicron, y ha ido disminuyendo constantemente desde entonces. Los funcionarios tambi\u00e9n dicen que algunos pacientes ingresan al hospital por otras razones y descubren que tienen COVID despu\u00e9s de una prueba obligatoria.<\/p>\n\n\n\n<p>Los \u00faltimos n\u00fameros llegan un d\u00eda despu\u00e9s de que los funcionarios de salud locales informaran 64 muertes adicionales asociadas con COVID-19 y 2,275 nuevas pruebas positivas, lo que eleva el total del condado a 2,793,776 casos y 30,650 muertes desde que comenz\u00f3 la pandemia.<\/p>\n\n\n\n<p>Seg\u00fan el Departamento de Salud P\u00fablica del condado de Los \u00c1ngeles, la tasa diaria promedio m\u00f3vil de personas que se hicieron la prueba del virus fue del 1,4% hasta el s\u00e1bado, por debajo del 1,6% del viernes y del 2% del domingo pasado.<\/p>\n\n\n\n<p>A ra\u00edz de la mejora de las m\u00e9tricas, los funcionarios relajaron el mandato de uso de mascarillas en interiores del condado de Los \u00c1ngeles, lo que permite que las personas vacunadas contra el COVID-19 se quiten las cubiertas faciales en el interior de los establecimientos que verifican el estado de vacunaci\u00f3n de los clientes. Pasadena, que opera su propio departamento de salud y emite sus propias \u00f3rdenes de enmascaramiento, hizo lo mismo, pero su orden difiere en que permite a las personas ingresar a los negocios simplemente diciendo que est\u00e1n vacunadas sin necesariamente mostrar pruebas.<\/p>\n\n\n\n<p>El cambio entr\u00f3 en vigencia a las 12:01 a. m. del viernes. Horas m\u00e1s tarde, los Centros para el Control y la Prevenci\u00f3n de Enfermedades de EE. UU. anunciaron pautas COVID enmendadas que eliminaron su recomendaci\u00f3n para el uso de m\u00e1scaras en interiores en gran parte del pa\u00eds.<\/p>\n\n\n\n<p>Las nuevas pautas de los CDC cambiaron el \u00e9nfasis de la agencia de las tasas de infecci\u00f3n por COVID para centrarse en cambio en las cifras de hospitalizaci\u00f3n. La medida se produjo en reconocimiento del hecho de que con m\u00e1s personas vacunadas, muchas personas que se infectan con el virus no requerir\u00e1n hospitalizaci\u00f3n, lo que reduce la probabilidad de que los hospitales se llenen de pacientes.<\/p>\n\n\n\n<p>Tampoco estaba claro si el condado seguir\u00e1 las nuevas pautas de los CDC o se apegar\u00e1 a sus m\u00e9tricas anteriores para determinar cu\u00e1ndo levantar el resto del mandato de uso de m\u00e1scaras en interiores. La directora de salud p\u00fablica del condado, Barbara Ferrer, dijo a los periodistas el jueves que los funcionarios de salud revisar\u00edan las nuevas medidas de los CDC y probablemente presentar\u00edan algunas opciones a la Junta de Supervisores esta semana.<\/p>\n\n\n\n<p>Mientras tanto, el mandato de uso de m\u00e1scaras en interiores seguir\u00e1 vigente para la mayor\u00eda de los lugares del condado. Pero seg\u00fan las reglas relajadas que entraron en vigencia el viernes, las personas vacunadas podr\u00e1n quitarse las m\u00e1scaras en los negocios cerrados que verifican el estado de vacunaci\u00f3n de todos los clientes. La regla impone a las empresas individuales la carga de verificar que todos los clientes permitidos en el interior est\u00e9n completamente vacunados o puedan proporcionar prueba de una prueba COVID negativa reciente.<\/p>\n\n\n\n<p>Incluso despu\u00e9s de que se lleva a cabo esa verificaci\u00f3n, solo los clientes completamente vacunados pueden quitarse las m\u00e1scaras en el interior, a pesar de que las personas vacunadas a\u00fan pueden contraer y transmitir el virus. Los clientes no vacunados deben continuar usando m\u00e1scaras en el interior, incluso despu\u00e9s de mostrar un resultado negativo en la prueba de COVID, a menos que est\u00e9n comiendo o bebiendo activamente.<\/p>\n\n\n\n<p>Las mismas reglas b\u00e1sicas se aplicar\u00e1n a los trabajadores de establecimientos cerrados.<\/p>\n\n\n\n<p>El cambio sigui\u00f3 a la creciente presi\u00f3n de dos miembros de la Junta de Supervisores del condado para aflojar el mandato de m\u00e1scara para alinearse m\u00e1s estrechamente con el estado, que elimin\u00f3 su mandato de m\u00e1scara interior a partir del 16 de febrero.<\/p>\n\n\n\n<p>El condado de Los \u00c1ngeles, sin embargo, mantuvo su mandato y estableci\u00f3 par\u00e1metros para finalizar el requisito que probablemente no se cumplir\u00e1 hasta fines de marzo.<\/p>\n\n\n\n<p>La supervisora \u200b\u200bKathryn Barger ha estado presionando para que el condado se alinee con el estado, diciendo que los requisitos contradictorios estaban generando apat\u00eda y un cumplimiento poco estricto entre los residentes. La supervisora \u200b\u200bJanice Hahn se uni\u00f3 a Barger en esa llamada a principios de este mes, se\u00f1alando el Super Bowl LVI en Inglewood el 13 de febrero como un ejemplo de personas que ignoran deliberadamente las pautas de uso de mascarillas del condado.<\/p>\n\n\n\n<p>Hahn calific\u00f3 la relajaci\u00f3n del mandato del condado el viernes como un \u201cpaso en la direcci\u00f3n correcta\u201d.<\/p>\n\n\n\n<p>\u201cSigo pensando que el enfoque mejor y menos confuso ser\u00eda alinearme completamente con el estado de California, pero este es un paso bienvenido en la direcci\u00f3n correcta a medida que nuestros casos disminuyen y aprendemos a vivir con este virus\u201d, dijo en un comunicado. declaraci\u00f3n.<\/p>\n\n\n\n<p>Barger dijo el martes que estaba \u201ccontenta de escuchar\u201d sobre el cambio de pol\u00edtica pendiente, pero dijo que todav\u00eda quiere que el condado haga m\u00e1s y se alinee completamente con la decisi\u00f3n del estado de eliminar el requisito de uso de m\u00e1scaras en interiores para las personas vacunadas.<\/p>\n\n\n\n<p>Long Beach y Pasadena, que tanto haTener sus propios departamentos de salud separados del condado, alivi\u00f3 sus requisitos de uso de m\u00e1scaras en interiores el s\u00e1bado, generalmente en alineaci\u00f3n con el estado. En esas ciudades, a\u00fan se requerir\u00e1n m\u00e1scaras en el interior para las personas no vacunadas. Sin embargo, las empresas pueden permitir que los clientes simplemente autocertifiquen su estado de vacunaci\u00f3n, sin ning\u00fan proceso de verificaci\u00f3n formal.<\/p>\n\n\n\n<p>Las empresas tambi\u00e9n tendr\u00e1n la opci\u00f3n de verificar el estado de vacunaci\u00f3n de todos, o simplemente exigir que todos los clientes usen m\u00e1scaras.<\/p>\n\n\n\n<p>Por ahora, el resto del mandato de uso de mascarillas en interiores del condado de Los \u00c1ngeles sigue vigente en los establecimientos que no verifican el estado de vacunaci\u00f3n de los clientes. Seg\u00fan el plan actual, Ferrer dijo que el mandato permanecer\u00e1 en vigor hasta que:<\/p>\n\n\n\n<p>el nivel de tasa de transmisi\u00f3n de COVID del condado cae al nivel &#8220;moderado&#8221; seg\u00fan lo definido por los CDC y permanece all\u00ed durante dos semanas; O<br>Las vacunas COVID han estado disponibles para residentes menores de 5 a\u00f1os durante al menos ocho semanas; Y<br>no se han identificado &#8220;variantes de preocupaci\u00f3n&#8221; emergentes de COVID que puedan provocar otro aumento en los casos.<br>Seg\u00fan Ferrer, alcanzar el nivel de transmisi\u00f3n &#8220;moderado&#8221; de los CDC requiere que el condado tenga una tasa de infecci\u00f3n acumulada de siete d\u00edas de menos de 50 por cada 100,000 residentes. Ferrer dijo que se espera que eso suceda el 16 de marzo, lo que significa que el mandato de uso de mascarillas en interiores se levantar\u00e1 por completo el 30 de marzo.<\/p>\n\n\n\n<p>El condado de Los \u00c1ngeles levant\u00f3 el 16 de febrero su mandato de uso de m\u00e1scaras para exteriores en lugares de eventos grandes, escuelas y centros de cuidado infantil. Las m\u00e1scaras seguir\u00e1n siendo requeridas en el interior de las escuelas seg\u00fan un requisito estatal que se espera que se reeval\u00fae el lunes.<\/p>\n\n\n\n<p>LA Metro record\u00f3 a los pasajeros el s\u00e1bado que a\u00fan deben usar m\u00e1scaras faciales mientras viajan en autobuses o trenes, seg\u00fan un mandato federal que se aplica a todos los sistemas de tr\u00e1nsito. Seg\u00fan las normas federales, se siguen exigiendo mascarillas en interiores en aeropuertos, centros de tr\u00e1nsito, a bordo del transporte p\u00fablico, en centros de atenci\u00f3n m\u00e9dica y en refugios para personas sin hogar, centros de atenci\u00f3n a largo plazo y refugios de emergencia.<\/p>\n","protected":false},"excerpt":{"rendered":"<p>La cantidad de pacientes con COVID positivo en los hospitales del condado de Los \u00c1ngeles ha ca\u00eddo por debajo de 1,000 por primera vez desde diciembre, seg\u00fan las \u00faltimas cifras estatales publicadas el domingo. Hay 975 personas con COVID-19 en los hospitales del condado, frente a las 1071 del s\u00e1bado. De esos pacientes, 188 est\u00e1n en cuidados intensivos, frente a los 220 del d\u00eda anterior. El n\u00famero de pacientes hospitalizados con COVID en el condado ha sido tan alto como [&hellip;]<\/p>\n","protected":false},"author":4,"featured_media":14783,"comment_status":"open","ping_status":"closed","sticky":false,"template":"","format":"standard","meta":[],"categories":[4],"tags":[],"acf":[],"_links":{"self":[{"href":"http:\/\/www.pasadenahoy.com\/primero\/wp-json\/wp\/v2\/posts\/14782"}],"collection":[{"href":"http:\/\/www.pasadenahoy.com\/primero\/wp-json\/wp\/v2\/posts"}],"about":[{"href":"http:\/\/www.pasadenahoy.com\/primero\/wp-json\/wp\/v2\/types\/post"}],"author":[{"embeddable":true,"href":"http:\/\/www.pasadenahoy.com\/primero\/wp-json\/wp\/v2\/users\/4"}],"replies":[{"embeddable":true,"href":"http:\/\/www.pasadenahoy.com\/primero\/wp-json\/wp\/v2\/comments?post=14782"}],"version-history":[{"count":2,"href":"http:\/\/www.pasadenahoy.com\/primero\/wp-json\/wp\/v2\/posts\/14782\/revisions"}],"predecessor-version":[{"id":14785,"href":"http:\/\/www.pasadenahoy.com\/primero\/wp-json\/wp\/v2\/posts\/14782\/revisions\/14785"}],"wp:featuredmedia":[{"embeddable":true,"href":"http:\/\/www.pasadenahoy.com\/primero\/wp-json\/wp\/v2\/media\/14783"}],"wp:attachment":[{"href":"http:\/\/www.pasadenahoy.com\/primero\/wp-json\/wp\/v2\/media?parent=14782"}],"wp:term":[{"taxonomy":"category","embeddable":true,"href":"http:\/\/www.pasadenahoy.com\/primero\/wp-json\/wp\/v2\/categories?post=14782"},{"taxonomy":"post_tag","embeddable":true,"href":"http:\/\/www.pasadenahoy.com\/primero\/wp-json\/wp\/v2\/tags?post=14782"}],"curies":[{"name":"wp","href":"https:\/\/api.w.org\/{rel}","templated":true}]}}