{"id":14786,"date":"2022-02-28T15:26:37","date_gmt":"2022-02-28T15:26:37","guid":{"rendered":"http:\/\/www.pasadenahoy.com\/primero\/?p=14786"},"modified":"2022-02-28T15:26:38","modified_gmt":"2022-02-28T15:26:38","slug":"consejo-realizara-la-primera-lectura-de-la-ordenanza-de-reciclaje-de-productos-organicos","status":"publish","type":"post","link":"http:\/\/www.pasadenahoy.com\/primero\/el-gobierno-local\/consejo-realizara-la-primera-lectura-de-la-ordenanza-de-reciclaje-de-productos-organicos\/","title":{"rendered":"Consejo realizar\u00e1 la primera lectura de la ordenanza de reciclaje de productos org\u00e1nicos"},"content":{"rendered":"\n<figure class=\"wp-block-image alignnone size-large\"><figure class=\"alignnone\"><img loading=\"lazy\" width=\"700\" height=\"378\" src=\"http:\/\/www.pasadenahoy.com\/primero\/wp-content\/uploads\/2022\/02\/pic-4-15.jpg\" alt=\"\" class=\"wp-image-14787\" srcset=\"http:\/\/www.pasadenahoy.com\/primero\/wp-content\/uploads\/2022\/02\/pic-4-15.jpg 700w, http:\/\/www.pasadenahoy.com\/primero\/wp-content\/uploads\/2022\/02\/pic-4-15-300x162.jpg 300w, http:\/\/www.pasadenahoy.com\/primero\/wp-content\/uploads\/2022\/02\/pic-4-15-241x130.jpg 241w, http:\/\/www.pasadenahoy.com\/primero\/wp-content\/uploads\/2022\/02\/pic-4-15-333x180.jpg 333w, http:\/\/www.pasadenahoy.com\/primero\/wp-content\/uploads\/2022\/02\/pic-4-15-360x194.jpg 360w\" sizes=\"100vw\" \/><\/figure><\/figure>\n\n\n\n<p>El Concejo Municipal llevar\u00e1 a cabo el lunes la primera lectura de una ordenanza dise\u00f1ada para que la ciudad cumpla con una nueva ley de reciclaje de org\u00e1nicos.<\/p>\n\n\n\n<p>SB 1383 requiere que las jurisdicciones ampl\u00eden el reciclaje de desechos org\u00e1nicos, reduzcan la cantidad de material org\u00e1nico que va a los vertederos y, por lo tanto, reduzcan los gases de efecto invernadero como el metano que contribuyen significativamente al cambio clim\u00e1tico.<\/p>\n\n\n\n<p>La nueva ley tambi\u00e9n requiere una reducci\u00f3n del 75 % en los desechos org\u00e1nicos para 2025. Seg\u00fan la nueva ley, las ciudades de California deben brindar un servicio de recolecci\u00f3n de desechos org\u00e1nicos a todos los residentes y empresas.<\/p>\n\n\n\n<p>Seg\u00fan la ley, la ciudad debe proporcionar recursos adecuados para la implementaci\u00f3n del servicio de recolecci\u00f3n de desechos org\u00e1nicos para todos los residentes y negocios, establecer programas de donaci\u00f3n y recuperaci\u00f3n de alimentos comestibles para supermercados, vendedores mayoristas de alimentos, hospitales, grandes lugares, grandes restaurantes, generadores comerciales de alimentos comestibles. .<\/p>\n\n\n\n<p>La ciudad tambi\u00e9n debe realizar actividades de educaci\u00f3n y divulgaci\u00f3n para todos los generadores de desechos org\u00e1nicos; procurar ciertos niveles de productos org\u00e1nicos reciclables y recuperados; y monitorear el cumplimiento y, a partir del 1 de enero de 2024, llevar a cabo la aplicaci\u00f3n.<\/p>\n\n\n\n<p>\u201cCon esta acci\u00f3n, se prev\u00e9 que el impacto fiscal en el Fondo de Residuos de la Ciudad sea de aproximadamente $400,000 por a\u00f1o\u201d, seg\u00fan un informe del personal de la ciudad. \u201cActualmente, hay fondos suficientes en la cuenta del fondo de basura 40622088 para absorber estos costos durante el pr\u00f3ximo a\u00f1o fiscal\u201d.<\/p>\n\n\n\n<p>Se realizar\u00e1 un estudio de tarifas completo en 2022 para determinar el costo total de brindar el servicio y los ajustes de tarifas correspondientes para cubrir los costos operativos continuos y las reservas seg\u00fan sea necesario. El \u00faltimo estudio de tasas de desechos s\u00f3lidos se realiz\u00f3 en 2010, y las tasas se actualizaron por \u00faltima vez en 2012. El personal utilizar\u00e1 el presupuesto existente para brindar asistencia t\u00e9cnica a las empresas afectadas y realizar actividades de divulgaci\u00f3n comunitaria y educar al p\u00fablico a trav\u00e9s de anuncios impresos que publicitan la nueva ordenanza y el nuevo programa. practicas<\/p>\n\n\n\n<p>A principios de este a\u00f1o, los residentes de Pasadena deb\u00edan embolsar sus desechos de alimentos y colocarlos en el contenedor de desechos verdes existente a partir del 1 de enero despu\u00e9s de que la Ciudad lanzara un nuevo Programa obligatorio de reciclaje de desechos de alimentos de acuerdo con la ley.<\/p>\n\n\n\n<p>En una carta enviada anteriormente, la Ciudad les record\u00f3 a los residentes sobre su nuevo Programa de Reciclaje de Desperdicios de Alimentos y les aconsej\u00f3 que no coloquen los desperdicios de alimentos directamente en el contenedor de desechos verdes &#8220;para evitar la contaminaci\u00f3n de desechos verdes y evitar costos de procesamiento adicionales&#8221;.<\/p>\n\n\n\n<p>&#8220;Se recomiendan las bolsas de pl\u00e1stico transparente, pero no son obligatorias, y est\u00e1n disponibles en los minoristas locales y en los puntos de venta en l\u00ednea&#8221;. dec\u00eda la carta. \u201cLos desechos org\u00e1nicos se componen principalmente de restos de comida y desechos de jard\u00edn, como desechos de jardiner\u00eda, desechos verdes y desechos de poda\u201d.<\/p>\n","protected":false},"excerpt":{"rendered":"<p>El Concejo Municipal llevar\u00e1 a cabo el lunes la primera lectura de una ordenanza dise\u00f1ada para que la ciudad cumpla con una nueva ley de reciclaje de org\u00e1nicos. SB 1383 requiere que las jurisdicciones ampl\u00eden el reciclaje de desechos org\u00e1nicos, reduzcan la cantidad de material org\u00e1nico que va a los vertederos y, por lo tanto, reduzcan los gases de efecto invernadero como el metano que contribuyen significativamente al cambio clim\u00e1tico. La nueva ley tambi\u00e9n requiere una reducci\u00f3n del 75 % [&hellip;]<\/p>\n","protected":false},"author":4,"featured_media":0,"comment_status":"open","ping_status":"closed","sticky":false,"template":"","format":"standard","meta":[],"categories":[6],"tags":[],"acf":[],"_links":{"self":[{"href":"http:\/\/www.pasadenahoy.com\/primero\/wp-json\/wp\/v2\/posts\/14786"}],"collection":[{"href":"http:\/\/www.pasadenahoy.com\/primero\/wp-json\/wp\/v2\/posts"}],"about":[{"href":"http:\/\/www.pasadenahoy.com\/primero\/wp-json\/wp\/v2\/types\/post"}],"author":[{"embeddable":true,"href":"http:\/\/www.pasadenahoy.com\/primero\/wp-json\/wp\/v2\/users\/4"}],"replies":[{"embeddable":true,"href":"http:\/\/www.pasadenahoy.com\/primero\/wp-json\/wp\/v2\/comments?post=14786"}],"version-history":[{"count":2,"href":"http:\/\/www.pasadenahoy.com\/primero\/wp-json\/wp\/v2\/posts\/14786\/revisions"}],"predecessor-version":[{"id":14789,"href":"http:\/\/www.pasadenahoy.com\/primero\/wp-json\/wp\/v2\/posts\/14786\/revisions\/14789"}],"wp:attachment":[{"href":"http:\/\/www.pasadenahoy.com\/primero\/wp-json\/wp\/v2\/media?parent=14786"}],"wp:term":[{"taxonomy":"category","embeddable":true,"href":"http:\/\/www.pasadenahoy.com\/primero\/wp-json\/wp\/v2\/categories?post=14786"},{"taxonomy":"post_tag","embeddable":true,"href":"http:\/\/www.pasadenahoy.com\/primero\/wp-json\/wp\/v2\/tags?post=14786"}],"curies":[{"name":"wp","href":"https:\/\/api.w.org\/{rel}","templated":true}]}}