{"id":14794,"date":"2022-02-28T15:33:37","date_gmt":"2022-02-28T15:33:37","guid":{"rendered":"http:\/\/www.pasadenahoy.com\/primero\/?p=14794"},"modified":"2022-02-28T15:33:38","modified_gmt":"2022-02-28T15:33:38","slug":"la-policia-encuentra-2-pistolas-fantasma-cargadas-y-arresta-a-2-sospechosos-en-2-incidentes-durante-2-horas","status":"publish","type":"post","link":"http:\/\/www.pasadenahoy.com\/primero\/la-comunidad\/la-policia-encuentra-2-pistolas-fantasma-cargadas-y-arresta-a-2-sospechosos-en-2-incidentes-durante-2-horas\/","title":{"rendered":"La polic\u00eda encuentra 2 pistolas fantasma cargadas y arresta a 2 sospechosos en 2 incidentes durante 2 horas"},"content":{"rendered":"\n<figure class=\"wp-block-image alignnone size-large\"><figure class=\"alignnone\"><img loading=\"lazy\" width=\"700\" height=\"378\" src=\"http:\/\/www.pasadenahoy.com\/primero\/wp-content\/uploads\/2022\/02\/pic-6-10.jpg\" alt=\"\" class=\"wp-image-14795\" srcset=\"http:\/\/www.pasadenahoy.com\/primero\/wp-content\/uploads\/2022\/02\/pic-6-10.jpg 700w, http:\/\/www.pasadenahoy.com\/primero\/wp-content\/uploads\/2022\/02\/pic-6-10-300x162.jpg 300w, http:\/\/www.pasadenahoy.com\/primero\/wp-content\/uploads\/2022\/02\/pic-6-10-241x130.jpg 241w, http:\/\/www.pasadenahoy.com\/primero\/wp-content\/uploads\/2022\/02\/pic-6-10-333x180.jpg 333w, http:\/\/www.pasadenahoy.com\/primero\/wp-content\/uploads\/2022\/02\/pic-6-10-360x194.jpg 360w\" sizes=\"100vw\" \/><figcaption><span class=\"caption-text\">Foto de archivo de un arma fantasma incautada en 2020 por la polic\u00eda de Pasadena. (Cr\u00e9dito: Departamento de Polic\u00eda de Pasadena)<\/span><\/figcaption><\/figure><\/figure>\n\n\n\n<p>La polic\u00eda de Pasadena arrest\u00f3 a dos hombres en dos horas en dos incidentes separados cuando supuestamente encontraron &#8220;armas fantasmas&#8221; cargadas con cargadores extendidos en veh\u00edculos la noche del s\u00e1bado y la madrugada del domingo.<\/p>\n\n\n\n<p>El primer incidente ocurri\u00f3 el s\u00e1bado por la noche cuando los residentes llamaron a la polic\u00eda a las 11:21 p.m. para informar un disturbio que parec\u00eda ser un hombre y una mujer peleando en la cuadra 1100 de Summit Ave. Antes de que llegaran los oficiales, se vio un autom\u00f3vil saliendo a toda velocidad de la escena.<\/p>\n\n\n\n<p>Los oficiales encontraron y detuvieron el autom\u00f3vil, seg\u00fan la teniente Marcia Taglioretti. El conductor no ten\u00eda licencia, dijo.<\/p>\n\n\n\n<p>Durante una b\u00fasqueda en el autom\u00f3vil, los agentes encontraron una pistola fantasma no serializada y un cargador extendido que conten\u00eda 22 rondas, dijo Taglioretti. Un hombre de 50 a\u00f1os de Chino fue arrestado.<\/p>\n\n\n\n<p>Unas dos horas despu\u00e9s, a la 1:29 a. m., los agentes detuvieron un autom\u00f3vil en el que viajaban tres hombres cerca de la intersecci\u00f3n de Claremont Street y Fair Oaks Avenue, dijo Taglioretti. Uno de los hombres estaba en libertad condicional, el segundo estaba en libertad condicional y el tercero inicialmente les dio a los oficiales un nombre falso, dijo.<\/p>\n\n\n\n<p>Una b\u00fasqueda del autom\u00f3vil por parte de los oficiales supuestamente result\u00f3 en el descubrimiento de una pistola fantasma no serializada de nueve mil\u00edmetros con un cargador extendido, en el \u00e1rea del asiento trasero cerca del hombre que hab\u00eda proporcionado una identificaci\u00f3n falsa, dijo Taglioretti.<\/p>\n\n\n\n<p>El hombre, luego identificado como David Kim, de 24 a\u00f1os, de Los \u00c1ngeles, buscado por una orden de arresto por violaci\u00f3n de la libertad condicional, fue arrestado por sospecha de posesi\u00f3n ilegal de armas de fuego, dijo Taglioretti.<\/p>\n\n\n\n<p>Kim permanece encarcelada en la C\u00e1rcel Central del Departamento del Sheriff en Los \u00c1ngeles sin derecho a fianza.<\/p>\n","protected":false},"excerpt":{"rendered":"<p>La polic\u00eda de Pasadena arrest\u00f3 a dos hombres en dos horas en dos incidentes separados cuando supuestamente encontraron &#8220;armas fantasmas&#8221; cargadas con cargadores extendidos en veh\u00edculos la noche del s\u00e1bado y la madrugada del domingo. El primer incidente ocurri\u00f3 el s\u00e1bado por la noche cuando los residentes llamaron a la polic\u00eda a las 11:21 p.m. para informar un disturbio que parec\u00eda ser un hombre y una mujer peleando en la cuadra 1100 de Summit Ave. Antes de que llegaran los [&hellip;]<\/p>\n","protected":false},"author":4,"featured_media":0,"comment_status":"open","ping_status":"closed","sticky":false,"template":"","format":"standard","meta":[],"categories":[4],"tags":[],"acf":[],"_links":{"self":[{"href":"http:\/\/www.pasadenahoy.com\/primero\/wp-json\/wp\/v2\/posts\/14794"}],"collection":[{"href":"http:\/\/www.pasadenahoy.com\/primero\/wp-json\/wp\/v2\/posts"}],"about":[{"href":"http:\/\/www.pasadenahoy.com\/primero\/wp-json\/wp\/v2\/types\/post"}],"author":[{"embeddable":true,"href":"http:\/\/www.pasadenahoy.com\/primero\/wp-json\/wp\/v2\/users\/4"}],"replies":[{"embeddable":true,"href":"http:\/\/www.pasadenahoy.com\/primero\/wp-json\/wp\/v2\/comments?post=14794"}],"version-history":[{"count":2,"href":"http:\/\/www.pasadenahoy.com\/primero\/wp-json\/wp\/v2\/posts\/14794\/revisions"}],"predecessor-version":[{"id":14797,"href":"http:\/\/www.pasadenahoy.com\/primero\/wp-json\/wp\/v2\/posts\/14794\/revisions\/14797"}],"wp:attachment":[{"href":"http:\/\/www.pasadenahoy.com\/primero\/wp-json\/wp\/v2\/media?parent=14794"}],"wp:term":[{"taxonomy":"category","embeddable":true,"href":"http:\/\/www.pasadenahoy.com\/primero\/wp-json\/wp\/v2\/categories?post=14794"},{"taxonomy":"post_tag","embeddable":true,"href":"http:\/\/www.pasadenahoy.com\/primero\/wp-json\/wp\/v2\/tags?post=14794"}],"curies":[{"name":"wp","href":"https:\/\/api.w.org\/{rel}","templated":true}]}}