{"id":14798,"date":"2022-02-28T15:36:42","date_gmt":"2022-02-28T15:36:42","guid":{"rendered":"http:\/\/www.pasadenahoy.com\/primero\/?p=14798"},"modified":"2022-02-28T15:36:43","modified_gmt":"2022-02-28T15:36:43","slug":"mujer-baleada-despues-de-una-pelea-en-pasadena-sospechoso-profugo","status":"publish","type":"post","link":"http:\/\/www.pasadenahoy.com\/primero\/la-comunidad\/mujer-baleada-despues-de-una-pelea-en-pasadena-sospechoso-profugo\/","title":{"rendered":"Mujer baleada despu\u00e9s de una pelea en Pasadena, sospechoso pr\u00f3fugo"},"content":{"rendered":"\n<figure class=\"wp-block-image alignnone size-large\"><figure class=\"alignnone\"><img loading=\"lazy\" width=\"700\" height=\"378\" src=\"http:\/\/www.pasadenahoy.com\/primero\/wp-content\/uploads\/2022\/02\/pic-7.png\" alt=\"\" class=\"wp-image-14799\" srcset=\"http:\/\/www.pasadenahoy.com\/primero\/wp-content\/uploads\/2022\/02\/pic-7.png 700w, http:\/\/www.pasadenahoy.com\/primero\/wp-content\/uploads\/2022\/02\/pic-7-300x162.png 300w, http:\/\/www.pasadenahoy.com\/primero\/wp-content\/uploads\/2022\/02\/pic-7-241x130.png 241w, http:\/\/www.pasadenahoy.com\/primero\/wp-content\/uploads\/2022\/02\/pic-7-333x180.png 333w, http:\/\/www.pasadenahoy.com\/primero\/wp-content\/uploads\/2022\/02\/pic-7-360x194.png 360w\" sizes=\"100vw\" \/><\/figure><\/figure>\n\n\n\n<p>Una mujer de Pasadena de 25 a\u00f1os recibi\u00f3 varios disparos en la parte inferior del cuerpo y las piernas el domingo y la polic\u00eda buscaba al tirador.<\/p>\n\n\n\n<p>El hecho ocurri\u00f3 a las 16:53 horas. Los oficiales que \u201cestaban literalmente a la vuelta de la esquina cuando ocurri\u00f3 el tiroteo\u201d escucharon los disparos e inmediatamente se dirigieron al lugar cerca de la intersecci\u00f3n de Washington Boulevard y Fair Oaks Avenue, seg\u00fan el teniente Rudy Lemos.<\/p>\n\n\n\n<p>Los oficiales fueron alertados simult\u00e1neamente por el nuevo sistema de detecci\u00f3n de disparos ShotSpotter del Departamento, dijo Lemos.<\/p>\n\n\n\n<p>Dijo que los disparos hab\u00edan estallado poco despu\u00e9s de que los transe\u00fantes detuvieran un altercado f\u00edsico entre la v\u00edctima y una ni\u00f1a de 17 a\u00f1os, quien, durante la pelea, hab\u00eda experimentado una aparente convulsi\u00f3n.<\/p>\n\n\n\n<p>Tanto la mujer como el adolescente fueron trasladados a un hospital, donde sus condiciones no estaban disponibles, dijo Lemos.<\/p>\n\n\n\n<p>Lemos dijo que los testigos no cooperaron.<\/p>\n\n\n\n<p>No se identific\u00f3 ni arrest\u00f3 a ning\u00fan sospechoso y se desconoc\u00eda el motivo del tiroteo. No hab\u00eda ninguna descripci\u00f3n del sospechoso disponible.<\/p>\n","protected":false},"excerpt":{"rendered":"<p>Una mujer de Pasadena de 25 a\u00f1os recibi\u00f3 varios disparos en la parte inferior del cuerpo y las piernas el domingo y la polic\u00eda buscaba al tirador. El hecho ocurri\u00f3 a las 16:53 horas. Los oficiales que \u201cestaban literalmente a la vuelta de la esquina cuando ocurri\u00f3 el tiroteo\u201d escucharon los disparos e inmediatamente se dirigieron al lugar cerca de la intersecci\u00f3n de Washington Boulevard y Fair Oaks Avenue, seg\u00fan el teniente Rudy Lemos. Los oficiales fueron alertados simult\u00e1neamente por [&hellip;]<\/p>\n","protected":false},"author":4,"featured_media":0,"comment_status":"open","ping_status":"closed","sticky":false,"template":"","format":"standard","meta":[],"categories":[4],"tags":[],"acf":[],"_links":{"self":[{"href":"http:\/\/www.pasadenahoy.com\/primero\/wp-json\/wp\/v2\/posts\/14798"}],"collection":[{"href":"http:\/\/www.pasadenahoy.com\/primero\/wp-json\/wp\/v2\/posts"}],"about":[{"href":"http:\/\/www.pasadenahoy.com\/primero\/wp-json\/wp\/v2\/types\/post"}],"author":[{"embeddable":true,"href":"http:\/\/www.pasadenahoy.com\/primero\/wp-json\/wp\/v2\/users\/4"}],"replies":[{"embeddable":true,"href":"http:\/\/www.pasadenahoy.com\/primero\/wp-json\/wp\/v2\/comments?post=14798"}],"version-history":[{"count":2,"href":"http:\/\/www.pasadenahoy.com\/primero\/wp-json\/wp\/v2\/posts\/14798\/revisions"}],"predecessor-version":[{"id":14801,"href":"http:\/\/www.pasadenahoy.com\/primero\/wp-json\/wp\/v2\/posts\/14798\/revisions\/14801"}],"wp:attachment":[{"href":"http:\/\/www.pasadenahoy.com\/primero\/wp-json\/wp\/v2\/media?parent=14798"}],"wp:term":[{"taxonomy":"category","embeddable":true,"href":"http:\/\/www.pasadenahoy.com\/primero\/wp-json\/wp\/v2\/categories?post=14798"},{"taxonomy":"post_tag","embeddable":true,"href":"http:\/\/www.pasadenahoy.com\/primero\/wp-json\/wp\/v2\/tags?post=14798"}],"curies":[{"name":"wp","href":"https:\/\/api.w.org\/{rel}","templated":true}]}}