{"id":14802,"date":"2022-02-28T15:39:54","date_gmt":"2022-02-28T15:39:54","guid":{"rendered":"http:\/\/www.pasadenahoy.com\/primero\/?p=14802"},"modified":"2022-02-28T15:39:55","modified_gmt":"2022-02-28T15:39:55","slug":"bullpen-del-lunes-por-la-manana-cup-sopladores-de-hojas-hasta-batear","status":"publish","type":"post","link":"http:\/\/www.pasadenahoy.com\/primero\/la-comunidad\/bullpen-del-lunes-por-la-manana-cup-sopladores-de-hojas-hasta-batear\/","title":{"rendered":"Bullpen del lunes por la ma\u00f1ana: CUP, sopladores de hojas hasta batear"},"content":{"rendered":"\n<figure class=\"wp-block-image alignnone size-large\"><figure class=\"alignnone\"><img loading=\"lazy\" width=\"700\" height=\"378\" src=\"http:\/\/www.pasadenahoy.com\/primero\/wp-content\/uploads\/2022\/02\/pic-8-3.jpg\" alt=\"\" class=\"wp-image-14803\" srcset=\"http:\/\/www.pasadenahoy.com\/primero\/wp-content\/uploads\/2022\/02\/pic-8-3.jpg 700w, http:\/\/www.pasadenahoy.com\/primero\/wp-content\/uploads\/2022\/02\/pic-8-3-300x162.jpg 300w, http:\/\/www.pasadenahoy.com\/primero\/wp-content\/uploads\/2022\/02\/pic-8-3-241x130.jpg 241w, http:\/\/www.pasadenahoy.com\/primero\/wp-content\/uploads\/2022\/02\/pic-8-3-333x180.jpg 333w, http:\/\/www.pasadenahoy.com\/primero\/wp-content\/uploads\/2022\/02\/pic-8-3-360x194.jpg 360w\" sizes=\"100vw\" \/><\/figure><\/figure>\n\n\n\n<p>No est\u00e1n sucediendo muchas cosas en el camino de las comisiones y comit\u00e9s esta semana.<\/p>\n\n\n\n<p>El Oficial de Audiencia tendr\u00e1 su opini\u00f3n sobre un pu\u00f1ado de art\u00edculos a partir de las 5:30 p.m. los jueves.<\/p>\n\n\n\n<p>El tema principal de la agenda es la audiencia p\u00fablica iniciada por la Ciudad para considerar la modificaci\u00f3n de las condiciones del permiso de uso condicional de Der Wolfskopf.<\/p>\n\n\n\n<p>La ciudad se ha reunido con los abogados que representan al due\u00f1o del restaurante para trabajar en nuevas condiciones para la CUP.<\/p>\n\n\n\n<p>Anteriormente se habl\u00f3 de revocar el permiso, pero parece que ahora est\u00e1 fuera de la mesa.<\/p>\n\n\n\n<p>La polic\u00eda y los oficiales de la Divisi\u00f3n de Cumplimiento del C\u00f3digo de la ciudad alegan que la empresa ha violado una serie de t\u00e9rminos establecidos por el Permiso de Uso Condicional de la ubicaci\u00f3n.<\/p>\n\n\n\n<p>Bajo las condiciones de la CUP, el establecimiento debe operar desde las 9:00 am hasta la 1:30 am, los siete d\u00edas de la semana. Debe dejar de vender bebidas alcoh\u00f3licas a la 1 a.m.<\/p>\n\n\n\n<p>El a\u00f1o pasado, la polic\u00eda de Pasadena respondi\u00f3 a dos llamadas de servicio para disolver grandes peleas despu\u00e9s de la hora de cierre prescrita.<\/p>\n\n\n\n<p>Seg\u00fan algunas quejas, el lugar ha permanecido abierto hasta las 5 a.m.<\/p>\n\n\n\n<p>Veremos que pasa.<\/p>\n\n\n\n<p>Recuerde, la reuni\u00f3n del Concejo Municipal del lunes comenzar\u00e1 a las 4 p.m.<\/p>\n\n\n\n<p>La reuni\u00f3n especial incluir\u00e1 audiencias p\u00fablicas sobre el Plan Espec\u00edfico de East Colorado Boulevard y los cambios a la Ordenanza de Preservaci\u00f3n Hist\u00f3rica de la ciudad.<\/p>\n\n\n\n<p>El Ayuntamiento tambi\u00e9n deliberar\u00e1 sobre la prohibici\u00f3n de los sopladores de hojas a gas.<\/p>\n\n\n\n<p>Debo decir que esta es una de las mejores agendas del Concejo Municipal en la memoria reciente.<\/p>\n\n\n\n<p>Se trata solo de hacer los negocios de la ciudad.<\/p>\n\n\n\n<p>Debido a que es una reuni\u00f3n especial, el Concejo Municipal no escuchar\u00e1 comentarios sobre asuntos que no est\u00e9n en la agenda.<\/p>\n\n\n\n<p>Hay un par de art\u00edculos interesantes aqu\u00ed. El primero son los sopladores de hojas.<\/p>\n\n\n\n<p>Los motores de dos tiempos da\u00f1an demasiado el medio ambiente y, en algunos casos, emiten m\u00e1s mon\u00f3xido de carbono que los autom\u00f3viles.<\/p>\n\n\n\n<p>Cuando el mon\u00f3xido de carbono ingresa a la atm\u00f3sfera, afecta los gases de efecto invernadero, que est\u00e1n relacionados con el cambio clim\u00e1tico y el calentamiento global.<\/p>\n\n\n\n<p>Es hora de que la ciudad proh\u00edba estas m\u00e1quinas con la implementaci\u00f3n adecuada de pol\u00edticas que incluyan un elemento educativo, todo lo cual est\u00e1 contenido en la recomendaci\u00f3n del personal.<\/p>\n\n\n\n<p>Por supuesto, se permitir\u00e1n excepciones para emergencias y el Rose Bowl.<\/p>\n\n\n\n<p>El alcalde Gordo est\u00e1 cumpliendo con su llamado para un grupo de trabajo sobre el desarrollo de la primera infancia. El art\u00edculo fue parte de su discurso anual sobre el estado de la ciudad la semana pasada.<\/p>\n\n\n\n<p>Me gusta esta idea. La Oficina del Ni\u00f1o Peque\u00f1o puede hacer mucho bien si se le dedica tiempo y esfuerzo.<\/p>\n","protected":false},"excerpt":{"rendered":"<p>No est\u00e1n sucediendo muchas cosas en el camino de las comisiones y comit\u00e9s esta semana. El Oficial de Audiencia tendr\u00e1 su opini\u00f3n sobre un pu\u00f1ado de art\u00edculos a partir de las 5:30 p.m. los jueves. El tema principal de la agenda es la audiencia p\u00fablica iniciada por la Ciudad para considerar la modificaci\u00f3n de las condiciones del permiso de uso condicional de Der Wolfskopf. La ciudad se ha reunido con los abogados que representan al due\u00f1o del restaurante para trabajar [&hellip;]<\/p>\n","protected":false},"author":4,"featured_media":0,"comment_status":"open","ping_status":"closed","sticky":false,"template":"","format":"standard","meta":[],"categories":[4],"tags":[],"acf":[],"_links":{"self":[{"href":"http:\/\/www.pasadenahoy.com\/primero\/wp-json\/wp\/v2\/posts\/14802"}],"collection":[{"href":"http:\/\/www.pasadenahoy.com\/primero\/wp-json\/wp\/v2\/posts"}],"about":[{"href":"http:\/\/www.pasadenahoy.com\/primero\/wp-json\/wp\/v2\/types\/post"}],"author":[{"embeddable":true,"href":"http:\/\/www.pasadenahoy.com\/primero\/wp-json\/wp\/v2\/users\/4"}],"replies":[{"embeddable":true,"href":"http:\/\/www.pasadenahoy.com\/primero\/wp-json\/wp\/v2\/comments?post=14802"}],"version-history":[{"count":2,"href":"http:\/\/www.pasadenahoy.com\/primero\/wp-json\/wp\/v2\/posts\/14802\/revisions"}],"predecessor-version":[{"id":14805,"href":"http:\/\/www.pasadenahoy.com\/primero\/wp-json\/wp\/v2\/posts\/14802\/revisions\/14805"}],"wp:attachment":[{"href":"http:\/\/www.pasadenahoy.com\/primero\/wp-json\/wp\/v2\/media?parent=14802"}],"wp:term":[{"taxonomy":"category","embeddable":true,"href":"http:\/\/www.pasadenahoy.com\/primero\/wp-json\/wp\/v2\/categories?post=14802"},{"taxonomy":"post_tag","embeddable":true,"href":"http:\/\/www.pasadenahoy.com\/primero\/wp-json\/wp\/v2\/tags?post=14802"}],"curies":[{"name":"wp","href":"https:\/\/api.w.org\/{rel}","templated":true}]}}