{"id":14810,"date":"2022-02-28T15:46:57","date_gmt":"2022-02-28T15:46:57","guid":{"rendered":"http:\/\/www.pasadenahoy.com\/primero\/?p=14810"},"modified":"2022-02-28T15:46:59","modified_gmt":"2022-02-28T15:46:59","slug":"audiencia-publica-sobre-el-plan-especifico-de-east-colorado-boulevard-programada-para-la-reunion-del-consejo-del-lunes","status":"publish","type":"post","link":"http:\/\/www.pasadenahoy.com\/primero\/el-gobierno-local\/audiencia-publica-sobre-el-plan-especifico-de-east-colorado-boulevard-programada-para-la-reunion-del-consejo-del-lunes\/","title":{"rendered":"Audiencia p\u00fablica sobre el plan espec\u00edfico de East Colorado Boulevard programada para la reuni\u00f3n del consejo del lunes"},"content":{"rendered":"\n<figure class=\"wp-block-image alignnone size-large\"><figure class=\"alignnone\"><img loading=\"lazy\" width=\"700\" height=\"378\" src=\"http:\/\/www.pasadenahoy.com\/primero\/wp-content\/uploads\/2022\/02\/pic-10-3.jpg\" alt=\"\" class=\"wp-image-14811\" srcset=\"http:\/\/www.pasadenahoy.com\/primero\/wp-content\/uploads\/2022\/02\/pic-10-3.jpg 700w, http:\/\/www.pasadenahoy.com\/primero\/wp-content\/uploads\/2022\/02\/pic-10-3-300x162.jpg 300w, http:\/\/www.pasadenahoy.com\/primero\/wp-content\/uploads\/2022\/02\/pic-10-3-241x130.jpg 241w, http:\/\/www.pasadenahoy.com\/primero\/wp-content\/uploads\/2022\/02\/pic-10-3-333x180.jpg 333w, http:\/\/www.pasadenahoy.com\/primero\/wp-content\/uploads\/2022\/02\/pic-10-3-360x194.jpg 360w\" sizes=\"100vw\" \/><\/figure><\/figure>\n\n\n\n<p>El Concejo Municipal llevar\u00e1 a cabo una Audiencia P\u00fablica sobre el Plan Espec\u00edfico de East Colorado Boulevard durante la reuni\u00f3n del lunes.<\/p>\n\n\n\n<p>La ciudad est\u00e1 actualizando sus ocho planes espec\u00edficos como parte del programa Our Pasadena 2018, lanzado como un paso hacia la implementaci\u00f3n del Plan General de la ciudad, que gu\u00eda el crecimiento y desarrollo futuros en general.<\/p>\n\n\n\n<p>El \u00e1rea del plan incluye todas las parcelas con frente a East Colorado Boulevard entre Catalina Avenue y el l\u00edmite este de la ciudad y todas las parcelas con frente a Allen Avenue entre Colorado Boulevard. y la autopista 210.<\/p>\n\n\n\n<p>\u201cEl Plan Espec\u00edfico del Este de Colorado Boulevard fue creado para fomentar una combinaci\u00f3n vibrante de usos de la tierra, un paisaje urbano unificado y una serie de lugares distintivos a lo largo de una parte de Colorado Boulevard, de aproximadamente tres millas de largo, que se extiende hacia el este desde Catalina Avenue hasta los l\u00edmites del este de la ciudad. en Sycamore Avenue\u201d, seg\u00fan el sitio web de la ciudad.<\/p>\n\n\n\n<p>La Comisi\u00f3n de Planificaci\u00f3n aprob\u00f3 por unanimidad la actualizaci\u00f3n propuesta del Plan Espec\u00edfico del Este de Colorado el a\u00f1o pasado, pero no antes de implementar enmiendas clave para permitir restaurantes de autoservicio, la reducci\u00f3n de espacios de estacionamiento requeridos en \u00e1reas seleccionadas alrededor de Pasadena City College y un retroceso de tres pies a lo largo Bulevar Colorado.<\/p>\n\n\n\n<p>El plan tambi\u00e9n incluye usos de densidad.<\/p>\n\n\n\n<p>El plan tambi\u00e9n aumentar\u00eda los requisitos de espacios abiertos para proyectos residenciales y no residenciales.<\/p>\n\n\n\n<p>Para usos residenciales, el plan actualizar\u00eda el requisito de espacio abierto privado y com\u00fan combinado de 150 pies cuadrados por unidad a un requisito por dormitorio que oscila entre 200 y 275 pies cuadrados por dormitorio, en consonancia con las pr\u00e1cticas de construcci\u00f3n recientes.<\/p>\n\n\n\n<p>\u201cPor ejemplo, un edificio de 24 unidades con una combinaci\u00f3n uniforme de estudios, unidades de una, dos y tres habitaciones, este requisito aumentar\u00eda el espacio abierto requerido de un total de 3600 pies cuadrados a 5700 pies cuadrados, o alrededor de 238 pies cuadrados. por unidad. El requisito actualizado alinea mejor la cantidad de espacio abierto con la cantidad de personas que viven en un edificio con el objetivo de mejorar la calidad de vida y el acceso a espacios abiertos para los residentes\u201d, seg\u00fan un informe del personal de la ciudad.<\/p>\n\n\n\n<p>Mayores requisitos de espacios abiertos tambi\u00e9n crear\u00edan oportunidades de modulaci\u00f3n de edificios a trav\u00e9s de balcones, terrazas, patios y patios. El ECSP recomendado tambi\u00e9n incluye nuevos requisitos comunes de dise\u00f1o de espacios abiertos relacionados con el espacio interior\/exterior, la ubicaci\u00f3n, el paisaje, el paisajismo y los \u00e1rboles para fomentar el dise\u00f1o de espacios abiertos utilizables y exitosos.<\/p>\n\n\n\n<p>El desarrollo del plan incluy\u00f3 reuniones comunitarias y presentaciones. Adem\u00e1s, un grupo de vecinos y comerciantes locales particip\u00f3 en reuniones mensuales de un Comit\u00e9 Coordinador para guiar la direcci\u00f3n del Plan.<\/p>\n\n\n\n<p>El Plan Espec\u00edfico de East Colorado Boulevard fue aprobado originalmente por el Concejo Municipal de Pasadena el 12 de mayo de 2003.<\/p>\n","protected":false},"excerpt":{"rendered":"<p>El Concejo Municipal llevar\u00e1 a cabo una Audiencia P\u00fablica sobre el Plan Espec\u00edfico de East Colorado Boulevard durante la reuni\u00f3n del lunes. La ciudad est\u00e1 actualizando sus ocho planes espec\u00edficos como parte del programa Our Pasadena 2018, lanzado como un paso hacia la implementaci\u00f3n del Plan General de la ciudad, que gu\u00eda el crecimiento y desarrollo futuros en general. El \u00e1rea del plan incluye todas las parcelas con frente a East Colorado Boulevard entre Catalina Avenue y el l\u00edmite este [&hellip;]<\/p>\n","protected":false},"author":4,"featured_media":0,"comment_status":"open","ping_status":"closed","sticky":false,"template":"","format":"standard","meta":[],"categories":[6],"tags":[],"acf":[],"_links":{"self":[{"href":"http:\/\/www.pasadenahoy.com\/primero\/wp-json\/wp\/v2\/posts\/14810"}],"collection":[{"href":"http:\/\/www.pasadenahoy.com\/primero\/wp-json\/wp\/v2\/posts"}],"about":[{"href":"http:\/\/www.pasadenahoy.com\/primero\/wp-json\/wp\/v2\/types\/post"}],"author":[{"embeddable":true,"href":"http:\/\/www.pasadenahoy.com\/primero\/wp-json\/wp\/v2\/users\/4"}],"replies":[{"embeddable":true,"href":"http:\/\/www.pasadenahoy.com\/primero\/wp-json\/wp\/v2\/comments?post=14810"}],"version-history":[{"count":2,"href":"http:\/\/www.pasadenahoy.com\/primero\/wp-json\/wp\/v2\/posts\/14810\/revisions"}],"predecessor-version":[{"id":14813,"href":"http:\/\/www.pasadenahoy.com\/primero\/wp-json\/wp\/v2\/posts\/14810\/revisions\/14813"}],"wp:attachment":[{"href":"http:\/\/www.pasadenahoy.com\/primero\/wp-json\/wp\/v2\/media?parent=14810"}],"wp:term":[{"taxonomy":"category","embeddable":true,"href":"http:\/\/www.pasadenahoy.com\/primero\/wp-json\/wp\/v2\/categories?post=14810"},{"taxonomy":"post_tag","embeddable":true,"href":"http:\/\/www.pasadenahoy.com\/primero\/wp-json\/wp\/v2\/tags?post=14810"}],"curies":[{"name":"wp","href":"https:\/\/api.w.org\/{rel}","templated":true}]}}