{"id":14817,"date":"2022-03-01T15:00:14","date_gmt":"2022-03-01T15:00:14","guid":{"rendered":"http:\/\/www.pasadenahoy.com\/primero\/?p=14817"},"modified":"2022-03-01T15:00:15","modified_gmt":"2022-03-01T15:00:15","slug":"pasadena-levanta-el-martes-el-mandato-de-mascara-interior-para-personas-no-vacunadas","status":"publish","type":"post","link":"http:\/\/www.pasadenahoy.com\/primero\/la-comunidad\/pasadena-levanta-el-martes-el-mandato-de-mascara-interior-para-personas-no-vacunadas\/","title":{"rendered":"Pasadena levanta el martes el mandato de m\u00e1scara interior para personas no vacunadas"},"content":{"rendered":"\n<figure class=\"wp-block-image alignnone size-large\"><figure class=\"alignnone\"><img loading=\"lazy\" width=\"700\" height=\"378\" src=\"http:\/\/www.pasadenahoy.com\/primero\/wp-content\/uploads\/2022\/03\/pic-1.jpg\" alt=\"\" class=\"wp-image-14818\" srcset=\"http:\/\/www.pasadenahoy.com\/primero\/wp-content\/uploads\/2022\/03\/pic-1.jpg 700w, http:\/\/www.pasadenahoy.com\/primero\/wp-content\/uploads\/2022\/03\/pic-1-300x162.jpg 300w, http:\/\/www.pasadenahoy.com\/primero\/wp-content\/uploads\/2022\/03\/pic-1-241x130.jpg 241w, http:\/\/www.pasadenahoy.com\/primero\/wp-content\/uploads\/2022\/03\/pic-1-333x180.jpg 333w, http:\/\/www.pasadenahoy.com\/primero\/wp-content\/uploads\/2022\/03\/pic-1-360x194.jpg 360w\" sizes=\"100vw\" \/><\/figure><\/figure>\n\n\n\n<p>A partir del martes, Pasadena elimin\u00f3 su requisito de que las personas no vacunadas usen m\u00e1scaras en la mayor\u00eda de los entornos interiores, uni\u00e9ndose a la poblaci\u00f3n vacunada a la que se le levant\u00f3 el mandato hace dos semanas.<\/p>\n\n\n\n<p>Pero los revestimientos faciales siguen siendo \u201cfuertemente recomendados\u201d en interiores, dijeron funcionarios del Departamento de Salud P\u00fablica de Pasadena.<\/p>\n\n\n\n<p>Las m\u00e1scaras siguen siendo necesarias para todos en entornos interiores, incluidos centros de atenci\u00f3n m\u00e9dica, centros de tr\u00e1nsito, aeropuertos, a bordo del transporte p\u00fablico, en instalaciones correccionales y en refugios para personas sin hogar e instalaciones de atenci\u00f3n a largo plazo.<\/p>\n\n\n\n<p>La medida de Pasadena no ha sido copiada por el Departamento de Salud del Condado de Los \u00c1ngeles, que contin\u00faa imponiendo un mandato de uso de m\u00e1scaras en interiores para todos en la mayor\u00eda de los lugares, una regla que ha sido objeto de crecientes cr\u00edticas por parte de dos miembros de la Junta de Supervisores del Condado.<\/p>\n\n\n\n<p>Uno de los dos es Kathryn Barger, quien representa a Pasadena en la Junta.<\/p>\n\n\n\n<p>El condado recientemente suaviz\u00f3 su requisito, permitiendo que las personas vacunadas se quiten las m\u00e1scaras en lugares cerrados donde se verifica a todos los clientes para detectar una vacuna COVID o una prueba negativa reciente.<\/p>\n\n\n\n<p>Seg\u00fan el Departamento de Salud P\u00fablica del condado, la agencia &#8220;revisar\u00e1 cualquier cambio adicional en la orientaci\u00f3n estatal y proporcionar\u00e1 una actualizaci\u00f3n sobre modificaciones adicionales a las medidas de seguridad del condado de Los \u00c1ngeles durante la reuni\u00f3n de la Junta de Supervisores (del martes)&#8221;.<\/p>\n\n\n\n<p>Ha habido un impulso creciente por parte de dos supervisores del condado para poner fin al mandato de uso de m\u00e1scaras del condado. Los supervisores Barger y Janice Hahn han dicho que el condado deber\u00eda alinear completamente sus reglas con las del estado para evitar la confusi\u00f3n y la frustraci\u00f3n entre los residentes.<\/p>\n\n\n\n<p>Barger elogi\u00f3 el lunes el anuncio del estado de que est\u00e1 flexibilizando las reglas de enmascaramiento y nuevamente pidi\u00f3 el fin del requisito del condado.<\/p>\n\n\n\n<p>\u201cDurante la reuni\u00f3n de la Junta de Supervisores del Condado de Los \u00c1ngeles (del martes), el director de salud p\u00fablica de nuestro condado se comprometi\u00f3 a articular un plan sobre c\u00f3mo el Condado de Los \u00c1ngeles ajustar\u00e1 sus mandatos y restricciones de uso de m\u00e1scaras\u201d, dijo Barger en un comunicado. \u201cEspero con ansias esa discusi\u00f3n y continuar\u00e9 pidiendo claridad y coherencia con las pautas estatales y federales.<\/p>\n\n\n\n<p>\u201cPara m\u00ed est\u00e1 claro que, a medida que el aumento de Omicron contin\u00faa disminuyendo en el condado de Los \u00c1ngeles, debemos implementar pol\u00edticas flexibles de control de infecciones por COVID-19 y alejarnos de los enfoques r\u00edgidos. El tiempo de los mandatos de enmascaramiento obligatorio ha llegado a su fin\u201d.<\/p>\n\n\n\n<p>El viernes, los Centros para el Control y la Prevenci\u00f3n de Enfermedades de EE. UU. anunciaron nuevos est\u00e1ndares que se basan en gran medida en los n\u00fameros de hospital de COVID para determinar si se deben usar m\u00e1scaras. Esos nuevos est\u00e1ndares, si bien dieron como resultado que se levantaran las recomendaciones de m\u00e1scaras para gran parte del pa\u00eds, a\u00fan clasificaron a los condados de Los \u00c1ngeles y San Diego como con una actividad de virus &#8220;alta&#8221; e instaron a las personas a continuar usando m\u00e1scaras.<\/p>\n\n\n\n<p>Seg\u00fan la nueva gu\u00eda de los CDC, los condados de Orange y Riverside se encuentran en la categor\u00eda &#8220;mediana&#8221;, por lo que la gu\u00eda federal no requiere el uso de m\u00e1scaras.<\/p>\n\n\n\n<p>La directora de salud p\u00fablica del condado de Los \u00c1ngeles, Barbara Ferrer, ha dicho que la regla de uso de m\u00e1scaras en interiores del condado permanecer\u00e1 vigente hasta que:<\/p>\n\n\n\n<p>el nivel de tasa de transmisi\u00f3n de COVID del condado cae al nivel &#8220;moderado&#8221; seg\u00fan lo definido por los CDC y permanece all\u00ed durante dos semanas; O<\/p>\n\n\n\n<p>Las vacunas COVID han estado disponibles para residentes menores de 5 a\u00f1os durante al menos ocho semanas; Y<\/p>\n\n\n\n<p>no se han identificado &#8220;variantes de preocupaci\u00f3n&#8221; emergentes de COVID que puedan provocar otro aumento en los casos.<\/p>\n\n\n\n<p>Seg\u00fan Ferrer, alcanzar el nivel de transmisi\u00f3n &#8220;moderado&#8221; de los CDC requiere que el condado tenga una tasa de infecci\u00f3n acumulada de siete d\u00edas de menos de 50 por cada 100,000 residentes. Ferrer dijo que se espera que eso suceda el 16 de marzo, lo que significa que el mandato de uso de mascarillas en interiores se levantar\u00e1 por completo el 30 de marzo.<\/p>\n\n\n\n<p>El condado de Los \u00c1ngeles levant\u00f3 el 16 de febrero su mandato de uso de m\u00e1scaras al aire libre para lugares de eventos grandes, escuelas y centros de cuidado infantil.<\/p>\n","protected":false},"excerpt":{"rendered":"<p>A partir del martes, Pasadena elimin\u00f3 su requisito de que las personas no vacunadas usen m\u00e1scaras en la mayor\u00eda de los entornos interiores, uni\u00e9ndose a la poblaci\u00f3n vacunada a la que se le levant\u00f3 el mandato hace dos semanas. Pero los revestimientos faciales siguen siendo \u201cfuertemente recomendados\u201d en interiores, dijeron funcionarios del Departamento de Salud P\u00fablica de Pasadena. Las m\u00e1scaras siguen siendo necesarias para todos en entornos interiores, incluidos centros de atenci\u00f3n m\u00e9dica, centros de tr\u00e1nsito, aeropuertos, a bordo del [&hellip;]<\/p>\n","protected":false},"author":4,"featured_media":14818,"comment_status":"open","ping_status":"closed","sticky":false,"template":"","format":"standard","meta":[],"categories":[4],"tags":[],"acf":[],"_links":{"self":[{"href":"http:\/\/www.pasadenahoy.com\/primero\/wp-json\/wp\/v2\/posts\/14817"}],"collection":[{"href":"http:\/\/www.pasadenahoy.com\/primero\/wp-json\/wp\/v2\/posts"}],"about":[{"href":"http:\/\/www.pasadenahoy.com\/primero\/wp-json\/wp\/v2\/types\/post"}],"author":[{"embeddable":true,"href":"http:\/\/www.pasadenahoy.com\/primero\/wp-json\/wp\/v2\/users\/4"}],"replies":[{"embeddable":true,"href":"http:\/\/www.pasadenahoy.com\/primero\/wp-json\/wp\/v2\/comments?post=14817"}],"version-history":[{"count":2,"href":"http:\/\/www.pasadenahoy.com\/primero\/wp-json\/wp\/v2\/posts\/14817\/revisions"}],"predecessor-version":[{"id":14820,"href":"http:\/\/www.pasadenahoy.com\/primero\/wp-json\/wp\/v2\/posts\/14817\/revisions\/14820"}],"wp:featuredmedia":[{"embeddable":true,"href":"http:\/\/www.pasadenahoy.com\/primero\/wp-json\/wp\/v2\/media\/14818"}],"wp:attachment":[{"href":"http:\/\/www.pasadenahoy.com\/primero\/wp-json\/wp\/v2\/media?parent=14817"}],"wp:term":[{"taxonomy":"category","embeddable":true,"href":"http:\/\/www.pasadenahoy.com\/primero\/wp-json\/wp\/v2\/categories?post=14817"},{"taxonomy":"post_tag","embeddable":true,"href":"http:\/\/www.pasadenahoy.com\/primero\/wp-json\/wp\/v2\/tags?post=14817"}],"curies":[{"name":"wp","href":"https:\/\/api.w.org\/{rel}","templated":true}]}}