{"id":14821,"date":"2022-03-01T15:06:20","date_gmt":"2022-03-01T15:06:20","guid":{"rendered":"http:\/\/www.pasadenahoy.com\/primero\/?p=14821"},"modified":"2022-03-01T15:06:22","modified_gmt":"2022-03-01T15:06:22","slug":"el-mandato-estatal-de-uso-de-mascarillas-en-interiores-finaliza-para-las-escuelas-el-11-de-marzo-pasadena-para-formular-respuesta-local","status":"publish","type":"post","link":"http:\/\/www.pasadenahoy.com\/primero\/la-comunidad\/el-mandato-estatal-de-uso-de-mascarillas-en-interiores-finaliza-para-las-escuelas-el-11-de-marzo-pasadena-para-formular-respuesta-local\/","title":{"rendered":"El mandato estatal de uso de mascarillas en interiores finaliza para las escuelas el 11 de marzo; Pasadena para formular respuesta local"},"content":{"rendered":"\n<figure class=\"wp-block-image alignnone size-large\"><figure class=\"alignnone\"><img loading=\"lazy\" width=\"700\" height=\"378\" src=\"http:\/\/www.pasadenahoy.com\/primero\/wp-content\/uploads\/2022\/03\/pic-2.png\" alt=\"\" class=\"wp-image-14822\" srcset=\"http:\/\/www.pasadenahoy.com\/primero\/wp-content\/uploads\/2022\/03\/pic-2.png 700w, http:\/\/www.pasadenahoy.com\/primero\/wp-content\/uploads\/2022\/03\/pic-2-300x162.png 300w, http:\/\/www.pasadenahoy.com\/primero\/wp-content\/uploads\/2022\/03\/pic-2-241x130.png 241w, http:\/\/www.pasadenahoy.com\/primero\/wp-content\/uploads\/2022\/03\/pic-2-333x180.png 333w, http:\/\/www.pasadenahoy.com\/primero\/wp-content\/uploads\/2022\/03\/pic-2-360x194.png 360w\" sizes=\"100vw\" \/><figcaption><span class=\"caption-text\">Estudiantes de primer grado levantan la mano en la clase de primer grado de Julie Silk durante el primer d\u00eda de clases en Jackson Magnet Dual Language Academy en Altadena, el jueves 12 de agosto de 2021. (Foto de James Carbone)<\/span><\/figcaption><\/figure><\/figure>\n\n\n\n<p>California eliminar\u00e1 su requisito de que los estudiantes y el personal usen m\u00e1scaras en el interior de las escuelas a las 11:59 p.m. el 11 de marzo, haciendo que los revestimientos faciales sean &#8220;fuertemente recomendados&#8221; pero no obligatorios, anunci\u00f3 el gobernador Gavin Newsom el lunes. El Departamento de Salud P\u00fablica de Pasadena a\u00fan no ha determinado si Pasadena har\u00e1 lo mismo.<\/p>\n\n\n\n<p>Al se\u00f1alar que las jurisdicciones locales tienen autoridad para exigir requisitos m\u00e1s estrictos que los m\u00ednimos estatales, el PPHD dijo el lunes que \u201crevisar\u00e1 los datos en cuanto a tendencias locales de vacunaci\u00f3n y COVID-19, considerar\u00e1 nuevas m\u00e9tricas de los CDC y trabajar\u00e1 con el condado de Los \u00c1ngeles para proporcionar un cronograma para una nueva gu\u00eda para las escuelas basada en un menor riesgo\u201d.<\/p>\n\n\n\n<p>En una declaraci\u00f3n de la vocera de la ciudad, Lisa Derderian, el Departamento dijo que &#8220;ser\u00e1 importante&#8221; que la respuesta de la ciudad se coordine con los funcionarios de salud del condado de Los \u00c1ngeles porque del 30 al 50 por ciento de los maestros y estudiantes de las escuelas privadas de Pasadena no son residentes de la ciudad y porque varios Las escuelas del Distrito Escolar Unificado de Pasadena est\u00e1n ubicadas fuera del l\u00edmite geogr\u00e1fico de Salud P\u00fablica de Pasadena para la jurisdicci\u00f3n.<\/p>\n\n\n\n<p>El superintendente del PUSD, el Dr. Brian McDonald, le dijo a Pasadena Now el lunes que el Distrito \u201cseguir\u00e1 los protocolos de PPHD sobre este asunto, lo que significa que si hacen que el enmascaramiento sea opcional en las escuelas, cambiaremos de inmediato nuestros protocolos para alinearnos con los de ellos\u201d.<\/p>\n\n\n\n<p>El condado de Los \u00c1ngeles, que ha adoptado un enfoque conservador durante la pandemia para flexibilizar las normas de salud p\u00fablica, emiti\u00f3 un comunicado en el que dice que se alinear\u00e1 con el estado y eliminar\u00e1 el requisito de usar cubrebocas en las escuelas a partir del 12 de marzo.<\/p>\n\n\n\n<p>Pero el Departamento de Salud P\u00fablica del condado se\u00f1al\u00f3: \u201cLos distritos escolares pueden exigir el uso de m\u00e1scaras en las escuelas y durante las actividades escolares y se les anima a consultar con los maestros, el personal, los padres y los estudiantes mientras consideran las protecciones de seguridad adecuadas para su comunidad escolar, reconociendo que muchas personas Es posible que desee continuar con las protecciones adicionales\u201d.<\/p>\n\n\n\n<p>El Partido Republicano de California emiti\u00f3 un comunicado el lunes diciendo que la regla de la m\u00e1scara escolar deber\u00eda terminar de inmediato, no en dos semanas.<\/p>\n\n\n\n<p>\u201cCuando se trata de nuestros hijos, Newsom lider\u00f3 desde atr\u00e1s durante la pandemia, inclin\u00e1ndose ante el poder pol\u00edtico de los sindicatos de maestros\u201d, seg\u00fan la presidenta del Partido Republicano del estado, Jessica Millan Patterson. \u201cLos impactos causados \u200b\u200bpor su falta de coraje y decisiones pol\u00edticamente calculadas mantuvieron a los ni\u00f1os de California fuera de la escuela por m\u00e1s tiempo que cualquier otro estado y se sentir\u00e1n en los a\u00f1os venideros. No estoy seguro de si pedirle a Newsom o a los sindicatos que respeten los derechos de los padres a tomar decisiones en el mejor inter\u00e9s de sus hijos, pero el mandato de las mascarillas escolares deber\u00eda terminar hoy\u201d.<\/p>\n\n\n\n<p>\u201cCalifornia contin\u00faa ajustando nuestras pol\u00edticas en funci\u00f3n de los datos y la ciencia m\u00e1s recientes, aplicando lo que hemos aprendido en los \u00faltimos dos a\u00f1os para guiar nuestra respuesta a la pandemia\u201d, dijo Newsom en un comunicado. \u201cLas m\u00e1scaras son una herramienta eficaz para minimizar la propagaci\u00f3n del virus y sus futuras variantes, especialmente cuando las tasas de transmisi\u00f3n son altas. No podemos predecir el futuro del virus, pero estamos mejor preparados para \u00e9l y continuaremos tomando medidas basadas en la ciencia para que California siga avanzando\u201d.<\/p>\n\n\n\n<p>Los gobernadores de Oregon y Washington se unieron a Newsom en el anuncio del lunes, y esos estados tambi\u00e9n anunciaron el levantamiento de los requisitos de m\u00e1scaras para interiores a partir de las 11:59 p.m. 11 de marzo: fin efectivo de las reglas de cobertura facial para toda la costa oeste.<\/p>\n\n\n\n<p>El anuncio se produce despu\u00e9s del cambio de orientaci\u00f3n del viernes de los Centros para el Control y la Prevenci\u00f3n de Enfermedades de EE. UU., que adoptaron nuevos est\u00e1ndares que se basan en gran medida en los n\u00fameros de hospitales de COVID para determinar si se deben usar m\u00e1scaras. Esos nuevos est\u00e1ndares, si bien dieron como resultado que se levantaran las recomendaciones de m\u00e1scaras para gran parte del pa\u00eds, a\u00fan clasificaron a los condados de Los \u00c1ngeles y San Diego como con una actividad de virus &#8220;alta&#8221; e instaron a las personas a continuar usando m\u00e1scaras.<\/p>\n\n\n\n<p>A pesar de que California elimin\u00f3 los requisitos de uso de m\u00e1scaras en interiores, el condado de Los \u00c1ngeles contin\u00faa requiriendo cubiertas faciales en la mayor\u00eda de los entornos interiores. Sin embargo, el condado permite que las personas vacunadas se quiten las m\u00e1scaras en lugares cerrados donde se verifica a todos los clientes para detectar una vacuna COVID o una prueba negativa reciente.<\/p>\n\n\n\n<p>Seg\u00fan el Departamento de Salud P\u00fablica del condado, la agencia &#8220;revisar\u00e1 cualquier cambio adicional en la orientaci\u00f3n estatal y proporcionar\u00e1 una actualizaci\u00f3n sobre modificaciones adicionales a las medidas de seguridad del condado de Los \u00c1ngeles durante la reuni\u00f3n de la Junta de Supervisores (del martes)&#8221;.<\/p>\n\n\n\n<p>Ha habido un impulso creciente por parte de dos supervisores del condado para poner fin al mandato de uso de m\u00e1scaras del condado. Los supervisores Kathryn Barger y Janice Hahn han dicho que el condado debe alinearse completamente con el estado para evitar la confusi\u00f3n y la frustraci\u00f3n entre los residentes. <\/p>\n\n\n\n<p>entes<\/p>\n\n\n\n<p>Barger elogi\u00f3 el lunes el anuncio del estado que flexibiliz\u00f3 las reglas de enmascaramiento y nuevamente pidi\u00f3 el fin del requisito.<\/p>\n\n\n\n<p>\u201cDurante la reuni\u00f3n de la Junta de Supervisores del Condado de Los \u00c1ngeles de ma\u00f1ana (martes), el director de salud p\u00fablica de nuestro condado se comprometi\u00f3 a articular un plan sobre c\u00f3mo el Condado de Los \u00c1ngeles ajustar\u00e1 sus mandatos y restricciones de uso de mascarillas\u201d, dijo Barger en un comunicado. \u201cEspero con ansias esa discusi\u00f3n y continuar\u00e9 pidiendo claridad y coherencia con las pautas estatales y federales.<\/p>\n\n\n\n<p>\u201cPara m\u00ed est\u00e1 claro que, a medida que el aumento de Omicron contin\u00faa disminuyendo en el condado de Los \u00c1ngeles, debemos implementar pol\u00edticas flexibles de control de infecciones por COVID-19 y alejarnos de los enfoques r\u00edgidos. El tiempo de los mandatos de enmascaramiento obligatorio ha llegado a su fin\u201d.<\/p>\n\n\n\n<p><\/p>\n","protected":false},"excerpt":{"rendered":"<p>California eliminar\u00e1 su requisito de que los estudiantes y el personal usen m\u00e1scaras en el interior de las escuelas a las 11:59 p.m. el 11 de marzo, haciendo que los revestimientos faciales sean &#8220;fuertemente recomendados&#8221; pero no obligatorios, anunci\u00f3 el gobernador Gavin Newsom el lunes. El Departamento de Salud P\u00fablica de Pasadena a\u00fan no ha determinado si Pasadena har\u00e1 lo mismo. Al se\u00f1alar que las jurisdicciones locales tienen autoridad para exigir requisitos m\u00e1s estrictos que los m\u00ednimos estatales, el PPHD [&hellip;]<\/p>\n","protected":false},"author":4,"featured_media":14822,"comment_status":"open","ping_status":"closed","sticky":false,"template":"","format":"standard","meta":[],"categories":[4],"tags":[],"acf":[],"_links":{"self":[{"href":"http:\/\/www.pasadenahoy.com\/primero\/wp-json\/wp\/v2\/posts\/14821"}],"collection":[{"href":"http:\/\/www.pasadenahoy.com\/primero\/wp-json\/wp\/v2\/posts"}],"about":[{"href":"http:\/\/www.pasadenahoy.com\/primero\/wp-json\/wp\/v2\/types\/post"}],"author":[{"embeddable":true,"href":"http:\/\/www.pasadenahoy.com\/primero\/wp-json\/wp\/v2\/users\/4"}],"replies":[{"embeddable":true,"href":"http:\/\/www.pasadenahoy.com\/primero\/wp-json\/wp\/v2\/comments?post=14821"}],"version-history":[{"count":2,"href":"http:\/\/www.pasadenahoy.com\/primero\/wp-json\/wp\/v2\/posts\/14821\/revisions"}],"predecessor-version":[{"id":14824,"href":"http:\/\/www.pasadenahoy.com\/primero\/wp-json\/wp\/v2\/posts\/14821\/revisions\/14824"}],"wp:featuredmedia":[{"embeddable":true,"href":"http:\/\/www.pasadenahoy.com\/primero\/wp-json\/wp\/v2\/media\/14822"}],"wp:attachment":[{"href":"http:\/\/www.pasadenahoy.com\/primero\/wp-json\/wp\/v2\/media?parent=14821"}],"wp:term":[{"taxonomy":"category","embeddable":true,"href":"http:\/\/www.pasadenahoy.com\/primero\/wp-json\/wp\/v2\/categories?post=14821"},{"taxonomy":"post_tag","embeddable":true,"href":"http:\/\/www.pasadenahoy.com\/primero\/wp-json\/wp\/v2\/tags?post=14821"}],"curies":[{"name":"wp","href":"https:\/\/api.w.org\/{rel}","templated":true}]}}