{"id":14830,"date":"2022-03-01T15:13:57","date_gmt":"2022-03-01T15:13:57","guid":{"rendered":"http:\/\/www.pasadenahoy.com\/primero\/?p=14830"},"modified":"2022-03-01T15:13:58","modified_gmt":"2022-03-01T15:13:58","slug":"incendio-en-cocina-de-pasadena-bajo-investigacion","status":"publish","type":"post","link":"http:\/\/www.pasadenahoy.com\/primero\/la-comunidad\/incendio-en-cocina-de-pasadena-bajo-investigacion\/","title":{"rendered":"Incendio en cocina de Pasadena bajo investigaci\u00f3n"},"content":{"rendered":"\n<figure class=\"wp-block-image alignnone size-large\"><figure class=\"alignnone\"><img loading=\"lazy\" width=\"700\" height=\"378\" src=\"http:\/\/www.pasadenahoy.com\/primero\/wp-content\/uploads\/2022\/03\/pic-4.png\" alt=\"\" class=\"wp-image-14831\" srcset=\"http:\/\/www.pasadenahoy.com\/primero\/wp-content\/uploads\/2022\/03\/pic-4.png 700w, http:\/\/www.pasadenahoy.com\/primero\/wp-content\/uploads\/2022\/03\/pic-4-300x162.png 300w, http:\/\/www.pasadenahoy.com\/primero\/wp-content\/uploads\/2022\/03\/pic-4-241x130.png 241w, http:\/\/www.pasadenahoy.com\/primero\/wp-content\/uploads\/2022\/03\/pic-4-333x180.png 333w, http:\/\/www.pasadenahoy.com\/primero\/wp-content\/uploads\/2022\/03\/pic-4-360x194.png 360w\" sizes=\"100vw\" \/><figcaption><span class=\"caption-text\">\u00a9 Colaboradores de OpenStreetMap<\/span><\/figcaption><\/figure><\/figure>\n\n\n\n<p>Se est\u00e1 investigando un incendio en la cocina de una vivienda multifamiliar en la cuadra 100 de North Parkwood Avenue el lunes por la noche.<\/p>\n\n\n\n<p>Los bomberos llegaron poco despu\u00e9s de las 8:21 p.m. llamada para encontrar humo denso saliendo de las ventanas de un edificio de apartamentos de tres pisos.<\/p>\n\n\n\n<p>El fuego fue sofocado y controlado en 13 minutos, seg\u00fan la portavoz de la ciudad, Lisa Derderian.<\/p>\n\n\n\n<p>Se determin\u00f3 que comenz\u00f3 en el \u00e1rea de la cocina en el primer piso de una unidad de dos pisos en el edificio.<\/p>\n\n\n\n<p>Los bomberos impidieron la propagaci\u00f3n del incendio a las unidades cercanas, dijo.<\/p>\n\n\n\n<p>Despu\u00e9s de que se ventil\u00f3 el humo y se consider\u00f3 seguro regresar al edificio, se permiti\u00f3 que todos los ocupantes regresaran, seg\u00fan Derderian.<\/p>\n\n\n\n<p>No se reportaron heridos.<\/p>\n","protected":false},"excerpt":{"rendered":"<p>Se est\u00e1 investigando un incendio en la cocina de una vivienda multifamiliar en la cuadra 100 de North Parkwood Avenue el lunes por la noche. Los bomberos llegaron poco despu\u00e9s de las 8:21 p.m. llamada para encontrar humo denso saliendo de las ventanas de un edificio de apartamentos de tres pisos. El fuego fue sofocado y controlado en 13 minutos, seg\u00fan la portavoz de la ciudad, Lisa Derderian. Se determin\u00f3 que comenz\u00f3 en el \u00e1rea de la cocina en el [&hellip;]<\/p>\n","protected":false},"author":4,"featured_media":0,"comment_status":"open","ping_status":"closed","sticky":false,"template":"","format":"standard","meta":[],"categories":[4],"tags":[],"acf":[],"_links":{"self":[{"href":"http:\/\/www.pasadenahoy.com\/primero\/wp-json\/wp\/v2\/posts\/14830"}],"collection":[{"href":"http:\/\/www.pasadenahoy.com\/primero\/wp-json\/wp\/v2\/posts"}],"about":[{"href":"http:\/\/www.pasadenahoy.com\/primero\/wp-json\/wp\/v2\/types\/post"}],"author":[{"embeddable":true,"href":"http:\/\/www.pasadenahoy.com\/primero\/wp-json\/wp\/v2\/users\/4"}],"replies":[{"embeddable":true,"href":"http:\/\/www.pasadenahoy.com\/primero\/wp-json\/wp\/v2\/comments?post=14830"}],"version-history":[{"count":2,"href":"http:\/\/www.pasadenahoy.com\/primero\/wp-json\/wp\/v2\/posts\/14830\/revisions"}],"predecessor-version":[{"id":14833,"href":"http:\/\/www.pasadenahoy.com\/primero\/wp-json\/wp\/v2\/posts\/14830\/revisions\/14833"}],"wp:attachment":[{"href":"http:\/\/www.pasadenahoy.com\/primero\/wp-json\/wp\/v2\/media?parent=14830"}],"wp:term":[{"taxonomy":"category","embeddable":true,"href":"http:\/\/www.pasadenahoy.com\/primero\/wp-json\/wp\/v2\/categories?post=14830"},{"taxonomy":"post_tag","embeddable":true,"href":"http:\/\/www.pasadenahoy.com\/primero\/wp-json\/wp\/v2\/tags?post=14830"}],"curies":[{"name":"wp","href":"https:\/\/api.w.org\/{rel}","templated":true}]}}