{"id":14834,"date":"2022-03-01T15:18:29","date_gmt":"2022-03-01T15:18:29","guid":{"rendered":"http:\/\/www.pasadenahoy.com\/primero\/?p=14834"},"modified":"2022-03-01T15:18:30","modified_gmt":"2022-03-01T15:18:30","slug":"ayuntamiento-reconoce-el-mes-de-la-historia-de-la-mujer","status":"publish","type":"post","link":"http:\/\/www.pasadenahoy.com\/primero\/la-comunidad\/ayuntamiento-reconoce-el-mes-de-la-historia-de-la-mujer\/","title":{"rendered":"Ayuntamiento reconoce el Mes de la Historia de la Mujer"},"content":{"rendered":"\n<figure class=\"wp-block-image alignnone size-large\"><figure class=\"alignnone\"><img loading=\"lazy\" width=\"700\" height=\"378\" src=\"http:\/\/www.pasadenahoy.com\/primero\/wp-content\/uploads\/2022\/03\/pic-5.jpg\" alt=\"\" class=\"wp-image-14835\" srcset=\"http:\/\/www.pasadenahoy.com\/primero\/wp-content\/uploads\/2022\/03\/pic-5.jpg 700w, http:\/\/www.pasadenahoy.com\/primero\/wp-content\/uploads\/2022\/03\/pic-5-300x162.jpg 300w, http:\/\/www.pasadenahoy.com\/primero\/wp-content\/uploads\/2022\/03\/pic-5-241x130.jpg 241w, http:\/\/www.pasadenahoy.com\/primero\/wp-content\/uploads\/2022\/03\/pic-5-333x180.jpg 333w, http:\/\/www.pasadenahoy.com\/primero\/wp-content\/uploads\/2022\/03\/pic-5-360x194.jpg 360w\" sizes=\"100vw\" \/><\/figure><\/figure>\n\n\n\n<p>El Concejo Municipal emiti\u00f3 una proclamaci\u00f3n reconociendo a marzo como el Mes de la Historia de la Mujer durante su reuni\u00f3n del lunes.<\/p>\n\n\n\n<p>La proclamaci\u00f3n le\u00edda por el alcalde Victor Gordo reconoce el papel y las contribuciones de las mujeres a la ciudad de Pasadena ya la sociedad a lo largo de la historia.<\/p>\n\n\n\n<p>\u201cConsiderando que las mujeres de todas las razas, clases y or\u00edgenes \u00e9tnicos han hecho contribuciones hist\u00f3ricas al crecimiento y la fortaleza de Pasadena en innumerables formas registradas y no registradas\u201d.<\/p>\n\n\n\n<p>\u201cConsiderando que las mujeres desempe\u00f1an un papel econ\u00f3mico, cultural y social fundamental en todas las esferas de la vida en Pasadena\u201d.<\/p>\n\n\n\n<p>La proclamaci\u00f3n declar\u00f3 que, a pesar de la participaci\u00f3n de las mujeres en todas las facetas de la sociedad, su papel ha sido consistentemente &#8220;infravalorado&#8221; en la literatura, el liderazgo, la ense\u00f1anza y el estudio de la historia estadounidense; por lo tanto, es apropiado que la ciudad &#8220;reconozca sus numerosos logros&#8221;. \u201d<\/p>\n\n\n\n<p>Beverley Morgan-Sandoz, presidenta de la Comisi\u00f3n de la Condici\u00f3n Jur\u00eddica y Social de la Mujer de Pasadena, elogi\u00f3 al Concejo Municipal por su acci\u00f3n.<\/p>\n\n\n\n<p>La comisionada dijo que al reconocer a las mujeres del pasado, la ciudad est\u00e1 sentando las bases para que las mujeres y las ni\u00f1as logren hoy.<\/p>\n\n\n\n<p>\u201cEn alg\u00fan momento, es probable que no necesitemos un Mes de la Historia de la Mujer, que no necesitemos un momento espec\u00edfico para reconocer las contribuciones de un grupo de personas que representan m\u00e1s del 50 por ciento de nuestra poblaci\u00f3n, pero ese momento no es ahora\u201d.<\/p>\n\n\n\n<p>\u201cEntonces, la comisi\u00f3n aplaude la acci\u00f3n del alcalde y el Concejo Municipal al reconocer las contribuciones de las mujeres a trav\u00e9s de esta proclamaci\u00f3n del Mes de la Historia de la Mujer\u201d, dijo Morgan-Sandoz.<\/p>\n","protected":false},"excerpt":{"rendered":"<p>El Concejo Municipal emiti\u00f3 una proclamaci\u00f3n reconociendo a marzo como el Mes de la Historia de la Mujer durante su reuni\u00f3n del lunes. La proclamaci\u00f3n le\u00edda por el alcalde Victor Gordo reconoce el papel y las contribuciones de las mujeres a la ciudad de Pasadena ya la sociedad a lo largo de la historia. \u201cConsiderando que las mujeres de todas las razas, clases y or\u00edgenes \u00e9tnicos han hecho contribuciones hist\u00f3ricas al crecimiento y la fortaleza de Pasadena en innumerables formas [&hellip;]<\/p>\n","protected":false},"author":4,"featured_media":0,"comment_status":"open","ping_status":"closed","sticky":false,"template":"","format":"standard","meta":[],"categories":[4],"tags":[],"acf":[],"_links":{"self":[{"href":"http:\/\/www.pasadenahoy.com\/primero\/wp-json\/wp\/v2\/posts\/14834"}],"collection":[{"href":"http:\/\/www.pasadenahoy.com\/primero\/wp-json\/wp\/v2\/posts"}],"about":[{"href":"http:\/\/www.pasadenahoy.com\/primero\/wp-json\/wp\/v2\/types\/post"}],"author":[{"embeddable":true,"href":"http:\/\/www.pasadenahoy.com\/primero\/wp-json\/wp\/v2\/users\/4"}],"replies":[{"embeddable":true,"href":"http:\/\/www.pasadenahoy.com\/primero\/wp-json\/wp\/v2\/comments?post=14834"}],"version-history":[{"count":2,"href":"http:\/\/www.pasadenahoy.com\/primero\/wp-json\/wp\/v2\/posts\/14834\/revisions"}],"predecessor-version":[{"id":14837,"href":"http:\/\/www.pasadenahoy.com\/primero\/wp-json\/wp\/v2\/posts\/14834\/revisions\/14837"}],"wp:attachment":[{"href":"http:\/\/www.pasadenahoy.com\/primero\/wp-json\/wp\/v2\/media?parent=14834"}],"wp:term":[{"taxonomy":"category","embeddable":true,"href":"http:\/\/www.pasadenahoy.com\/primero\/wp-json\/wp\/v2\/categories?post=14834"},{"taxonomy":"post_tag","embeddable":true,"href":"http:\/\/www.pasadenahoy.com\/primero\/wp-json\/wp\/v2\/tags?post=14834"}],"curies":[{"name":"wp","href":"https:\/\/api.w.org\/{rel}","templated":true}]}}