{"id":14838,"date":"2022-03-01T15:21:26","date_gmt":"2022-03-01T15:21:26","guid":{"rendered":"http:\/\/www.pasadenahoy.com\/primero\/?p=14838"},"modified":"2022-03-01T15:21:27","modified_gmt":"2022-03-01T15:21:27","slug":"formacion-del-grupo-de-trabajo-sobre-desarrollo-infantil-temprano-y-aprendizaje-temprano-aprobado-por-el-concejo","status":"publish","type":"post","link":"http:\/\/www.pasadenahoy.com\/primero\/el-gobierno-local\/formacion-del-grupo-de-trabajo-sobre-desarrollo-infantil-temprano-y-aprendizaje-temprano-aprobado-por-el-concejo\/","title":{"rendered":"Formaci\u00f3n del Grupo de Trabajo sobre Desarrollo Infantil Temprano y Aprendizaje Temprano aprobado por el Concejo"},"content":{"rendered":"\n<figure class=\"wp-block-image alignnone size-large\"><figure class=\"alignnone\"><img loading=\"lazy\" width=\"700\" height=\"378\" src=\"http:\/\/www.pasadenahoy.com\/primero\/wp-content\/uploads\/2022\/03\/pic6.jpg\" alt=\"\" class=\"wp-image-14839\" srcset=\"http:\/\/www.pasadenahoy.com\/primero\/wp-content\/uploads\/2022\/03\/pic6.jpg 700w, http:\/\/www.pasadenahoy.com\/primero\/wp-content\/uploads\/2022\/03\/pic6-300x162.jpg 300w, http:\/\/www.pasadenahoy.com\/primero\/wp-content\/uploads\/2022\/03\/pic6-241x130.jpg 241w, http:\/\/www.pasadenahoy.com\/primero\/wp-content\/uploads\/2022\/03\/pic6-333x180.jpg 333w, http:\/\/www.pasadenahoy.com\/primero\/wp-content\/uploads\/2022\/03\/pic6-360x194.jpg 360w\" sizes=\"100vw\" \/><\/figure><\/figure>\n\n\n\n<p>El Concejo Municipal aprob\u00f3 el lunes por unanimidad un grupo de trabajo de Desarrollo Infantil Temprano y Aprendizaje Temprano el lunes.<\/p>\n\n\n\n<p>El grupo de trabajo trabajar\u00e1 con el personal para revisar el estado de la implementaci\u00f3n de la pol\u00edtica de desarrollo infantil temprano adoptada por el Ayuntamiento de 2015.<\/p>\n\n\n\n<p>\u201cRecomiendo que el concejo designe el grupo de trabajo y nos pongamos a trabajar en el tema\u201d, dijo el alcalde V\u00edctor Gordo.<\/p>\n\n\n\n<p>Efran Aguilar, Geoff Albert, Toni Boucher, Lila Guirgus, Ree Harris-Hudson, Peggy Nguyen, Dr. Dianne Philibosian, Marie Kanne Poulsen, Ernesto Saldana, Tony Santilena, Blanca Siebels, Melani Smith, Susan Wood y Dr. Vera Vignes har\u00e1n hasta el grupo de trabajo.<\/p>\n\n\n\n<p>Los miembros representan una muestra representativa diversa de expertos, profesionales y defensores de la primera infancia y el aprendizaje temprano; liderazgo y personal de primera infancia del Distrito Escolar Unificado de Pasadena (PUSD); padres de ni\u00f1os peque\u00f1os del PUSD; profesionales del cuidado infantil: expertos en ciencias del cerebro y l\u00edderes de la fuerza laboral, la salud p\u00fablica y la atenci\u00f3n materna.<\/p>\n\n\n\n<p>El grupo de trabajo comenzar\u00e1 su trabajo a m\u00e1s tardar el 15 de marzo y se reunir\u00e1 dos veces al mes y<\/p>\n\n\n\n<p>informar al concejo sobre el estado actual de implementaci\u00f3n de la pol\u00edtica, la alineaci\u00f3n de la pol\u00edtica con la ciencia m\u00e1s reciente con respecto a las mejores pr\u00e1cticas en la implementaci\u00f3n de programas para la primera infancia y cualquier cambio de pol\u00edtica necesario para apoyar a los ni\u00f1os m\u00e1s peque\u00f1os de la ciudad y las familias mueren por problemas inmediatos, que incluyen la pandemia, la injusticia racial, los ciclos de violencia y la inestabilidad econ\u00f3mica.<\/p>\n\n\n\n<p>Todas las reuniones se llevar\u00e1n a cabo de acuerdo con la Ley Brown.<\/p>\n\n\n\n<p>El grupo de trabajo presentar\u00e1 una actualizaci\u00f3n al Concejo Municipal a m\u00e1s tardar el 11 de junio y enviar\u00e1 un informe final al Concejo Municipal el 12 de septiembre o antes y al atardecer en ese momento.<\/p>\n\n\n\n<p>En 2014, el Concejo Municipal solicit\u00f3 que se presentara una actualizaci\u00f3n de la Pol\u00edtica de cuidado infantil de 1994 junto con opciones de financiaci\u00f3n para restablecer el puesto de coordinador de cuidado infantil.<\/p>\n\n\n\n<p>Un Comit\u00e9 Ad Hoc de la Comisi\u00f3n de Servicios Humanos se reuni\u00f3 durante m\u00e1s de 6 meses para revisar la pol\u00edtica de 1994.<\/p>\n\n\n\n<p>\u201cLa pol\u00edtica actualizada pas\u00f3 a llamarse pol\u00edtica de desarrollo infantil temprano\u201d, seg\u00fan el informe del personal del lunes. \u201cEl comit\u00e9 continu\u00f3 su trabajo implementando la nueva pol\u00edtica y desarroll\u00f3 el Plan Maestro para el Ni\u00f1o Peque\u00f1o, para reunir una variedad de servicios y programas con resultados medibles en la poblaci\u00f3n. La ciudad estableci\u00f3 la Oficina del Ni\u00f1o Peque\u00f1o en 2016 para llevar a cabo la implementaci\u00f3n del importante trabajo de la pol\u00edtica\u201d.<\/p>\n\n\n\n<p>\u201cCreo que este es un muy buen paso\u201d, dijo la concejal Felicia Williams.<\/p>\n\n\n\n<p>Gordo anunci\u00f3 sus intenciones de formar el grupo de trabajo durante el discurso anual del Estado de la Ciudad de la semana pasada.<\/p>\n\n\n\n<p>\u201cCuando ocurren las crisis, el desarrollo infantil no se detiene. Como tal, es imperativo que nuestros ni\u00f1os peque\u00f1os y sus familias reciban recursos cr\u00edticos para sobrevivir a esta pandemia y prosperar en los a\u00f1os posteriores.<\/p>\n\n\n\n<p>\u201cHace ocho a\u00f1os, nuestra ex superintendente del PUSD, la Dra. Vera Vignes, lider\u00f3 el esfuerzo para desarrollar nuestra Pol\u00edtica de desarrollo infantil temprano y Plan maestro para ni\u00f1os peque\u00f1os, que une programas y servicios para mejorar las vidas de los ni\u00f1os desde el nacimiento hasta los cinco a\u00f1os en nuestra comunidad. \u201d, dijo Gordo. \u201cLa Ciudad estableci\u00f3 la Oficina del Ni\u00f1o Peque\u00f1o en 2016 para llevar a cabo este importante trabajo, y ahora que nos enfrentamos a los impactos de la pandemia, la injusticia racial, los ciclos de violencia y la inestabilidad econ\u00f3mica, me preocupa c\u00f3mo nuestro los ni\u00f1os m\u00e1s peque\u00f1os y sus familias est\u00e1n haciendo\u201d.<\/p>\n","protected":false},"excerpt":{"rendered":"<p>El Concejo Municipal aprob\u00f3 el lunes por unanimidad un grupo de trabajo de Desarrollo Infantil Temprano y Aprendizaje Temprano el lunes. El grupo de trabajo trabajar\u00e1 con el personal para revisar el estado de la implementaci\u00f3n de la pol\u00edtica de desarrollo infantil temprano adoptada por el Ayuntamiento de 2015. \u201cRecomiendo que el concejo designe el grupo de trabajo y nos pongamos a trabajar en el tema\u201d, dijo el alcalde V\u00edctor Gordo. Efran Aguilar, Geoff Albert, Toni Boucher, Lila Guirgus, Ree [&hellip;]<\/p>\n","protected":false},"author":4,"featured_media":0,"comment_status":"open","ping_status":"closed","sticky":false,"template":"","format":"standard","meta":[],"categories":[6],"tags":[],"acf":[],"_links":{"self":[{"href":"http:\/\/www.pasadenahoy.com\/primero\/wp-json\/wp\/v2\/posts\/14838"}],"collection":[{"href":"http:\/\/www.pasadenahoy.com\/primero\/wp-json\/wp\/v2\/posts"}],"about":[{"href":"http:\/\/www.pasadenahoy.com\/primero\/wp-json\/wp\/v2\/types\/post"}],"author":[{"embeddable":true,"href":"http:\/\/www.pasadenahoy.com\/primero\/wp-json\/wp\/v2\/users\/4"}],"replies":[{"embeddable":true,"href":"http:\/\/www.pasadenahoy.com\/primero\/wp-json\/wp\/v2\/comments?post=14838"}],"version-history":[{"count":2,"href":"http:\/\/www.pasadenahoy.com\/primero\/wp-json\/wp\/v2\/posts\/14838\/revisions"}],"predecessor-version":[{"id":14841,"href":"http:\/\/www.pasadenahoy.com\/primero\/wp-json\/wp\/v2\/posts\/14838\/revisions\/14841"}],"wp:attachment":[{"href":"http:\/\/www.pasadenahoy.com\/primero\/wp-json\/wp\/v2\/media?parent=14838"}],"wp:term":[{"taxonomy":"category","embeddable":true,"href":"http:\/\/www.pasadenahoy.com\/primero\/wp-json\/wp\/v2\/categories?post=14838"},{"taxonomy":"post_tag","embeddable":true,"href":"http:\/\/www.pasadenahoy.com\/primero\/wp-json\/wp\/v2\/tags?post=14838"}],"curies":[{"name":"wp","href":"https:\/\/api.w.org\/{rel}","templated":true}]}}