{"id":14850,"date":"2022-03-02T15:07:49","date_gmt":"2022-03-02T15:07:49","guid":{"rendered":"http:\/\/www.pasadenahoy.com\/primero\/?p=14850"},"modified":"2022-03-02T15:07:50","modified_gmt":"2022-03-02T15:07:50","slug":"el-mandato-de-mascara-interior-de-pasadena-para-personas-no-vacunadas-podria-levantarse-el-viernes","status":"publish","type":"post","link":"http:\/\/www.pasadenahoy.com\/primero\/la-comunidad\/el-mandato-de-mascara-interior-de-pasadena-para-personas-no-vacunadas-podria-levantarse-el-viernes\/","title":{"rendered":"El mandato de m\u00e1scara interior de Pasadena para personas no vacunadas podr\u00eda levantarse el viernes"},"content":{"rendered":"\n<figure class=\"wp-block-image alignnone size-large\"><figure class=\"alignnone\"><img loading=\"lazy\" width=\"700\" height=\"378\" src=\"http:\/\/www.pasadenahoy.com\/primero\/wp-content\/uploads\/2022\/03\/pic-2.jpg\" alt=\"\" class=\"wp-image-14851\" srcset=\"http:\/\/www.pasadenahoy.com\/primero\/wp-content\/uploads\/2022\/03\/pic-2.jpg 700w, http:\/\/www.pasadenahoy.com\/primero\/wp-content\/uploads\/2022\/03\/pic-2-300x162.jpg 300w, http:\/\/www.pasadenahoy.com\/primero\/wp-content\/uploads\/2022\/03\/pic-2-241x130.jpg 241w, http:\/\/www.pasadenahoy.com\/primero\/wp-content\/uploads\/2022\/03\/pic-2-333x180.jpg 333w, http:\/\/www.pasadenahoy.com\/primero\/wp-content\/uploads\/2022\/03\/pic-2-360x194.jpg 360w\" sizes=\"100vw\" \/><\/figure><\/figure>\n\n\n\n<p>El muy debatido mandato de uso de m\u00e1scaras en interiores COVID-19 del condado de Los \u00c1ngeles para personas vacunadas y no vacunadas podr\u00eda levantarse por completo el viernes, y un funcionario de la ciudad dijo el mi\u00e9rcoles por la ma\u00f1ana que la intenci\u00f3n de Pasadena es hacer lo mismo.<\/p>\n\n\n\n<p>La medida significar\u00eda que tanto Pasadena como el condado de Los \u00c1ngeles ya no requerir\u00e1n que las personas usen m\u00e1scaras en los negocios cerrados. La ciudad y el condado se encontraban entre los \u00faltimos reticentes en California para no alinearse con el estado en las reglas de uso de m\u00e1scaras.<\/p>\n\n\n\n<p>El mes pasado, el estado elimin\u00f3 su mandato de uso de m\u00e1scaras en interiores para las personas vacunadas. El martes, tambi\u00e9n elimin\u00f3 el mandato para las personas no vacunadas.<\/p>\n\n\n\n<p>Sin embargo, Pasadena y el condado de Los \u00c1ngeles se resistieron a levantar el requisito de uso de m\u00e1scaras en interiores para los no vacunados.<\/p>\n\n\n\n<p>La directora de salud p\u00fablica del condado, Barbara Ferrer, dijo que el condado quer\u00eda esperar hasta que la tasa local de transmisi\u00f3n del virus cayera de la categor\u00eda &#8220;alta&#8221; seg\u00fan la definici\u00f3n de los Centros para el Control y la Prevenci\u00f3n de Enfermedades de EE. UU. y mantuviera el nivel m\u00e1s bajo durante al menos dos semanas. Seg\u00fan la tasa actual de disminuci\u00f3n, Ferrer dijo anteriormente que eso significar\u00eda que el mandato de m\u00e1scara estar\u00eda vigente hasta finales de marzo.<\/p>\n\n\n\n<p>Pero el viernes pasado, los CDC anunciaron nuevos est\u00e1ndares que se basan en gran medida en los n\u00fameros de hospital de COVID para determinar si se deben usar m\u00e1scaras. Esos nuevos est\u00e1ndares, si bien dieron como resultado que se levantaran las recomendaciones de m\u00e1scaras para gran parte del pa\u00eds, a\u00fan clasificaron a Los \u00c1ngeles como un pa\u00eds con una actividad de virus &#8220;alta&#8221; e instaron a que las personas contin\u00faen usando m\u00e1scaras.<\/p>\n\n\n\n<p>Ferrer le dijo a la Junta de Supervisores del condado que la designaci\u00f3n del condado probablemente cambiar\u00e1 cuando los CDC actualicen sus datos el jueves.<\/p>\n\n\n\n<p>\u201cAnticipamos que el jueves, cuando los CDC actualicen su tabla a nivel comunitario, el condado de Los \u00c1ngeles se mover\u00e1 a bajo riesgo\u201d, dijo Ferrer. \u201cY estamos preparados el jueves para emitir una orden modificada del oficial de salud con una fecha efectiva de implementaci\u00f3n para el viernes 4 de marzo, que recomendar\u00e1 encarecidamente y no requerir\u00e1 el uso de m\u00e1scaras en interiores en la mayor\u00eda de los espacios p\u00fablicos interiores\u201d.<\/p>\n\n\n\n<p>Sin embargo, las m\u00e1scaras seguir\u00e1n siendo requeridas en lugares donde son exigidas por \u00f3rdenes federales y estatales, incluidos centros de atenci\u00f3n m\u00e9dica, centros de tr\u00e1nsito, aeropuertos, a bordo del transporte p\u00fablico, en centros correccionales y en refugios para personas sin hogar y centros de atenci\u00f3n a largo plazo.<\/p>\n\n\n\n<p>Ferrer enfatiz\u00f3 que se seguir\u00e1 recomendando encarecidamente el uso de mascarillas, y se\u00f1al\u00f3 que muchos residentes siguen siendo vulnerables a la infecci\u00f3n y posiblemente a una enfermedad grave por el virus.<\/p>\n\n\n\n<p>\u201cComo hemos enfatizado a lo largo de la pandemia, las m\u00e1scaras son una de las cosas m\u00e1s f\u00e1ciles que podemos hacer para prevenir la transmisi\u00f3n de COVID-19 y brindar una fuerte protecci\u00f3n a la persona que las usa, as\u00ed como a las personas que las rodean, incluidas aquellas que son m\u00e1s vulnerable al da\u00f1o de COVID-19\u201d, dijo Ferrer. \u201cNosotros, junto con el estado y los CDC, seguimos instando a las personas, independientemente de su estado de vacunaci\u00f3n, a que mantengan sus m\u00e1scaras puestas en lugares p\u00fablicos cerrados hasta que haya menos riesgo para los m\u00e1s vulnerables\u201d.<\/p>\n\n\n\n<p>Todav\u00eda se requieren m\u00e1scaras en el interior de las escuelas K-12, sin embargo, el estado anunci\u00f3 el lunes que eliminar\u00e1 ese requisito a partir del 12 de marzo. los distritos escolares tienen la opci\u00f3n de mantener el mandato.<\/p>\n\n\n\n<p>Eso significa que la regla podr\u00eda permanecer potencialmente vigente en el Distrito Escolar Unificado de Los \u00c1ngeles. En un comunicado el lunes, el distrito no se comprometi\u00f3 a eliminar el requisito de m\u00e1scara.<\/p>\n\n\n\n<p>\u201cNos alientan las recientes mejoras en las condiciones de salud locales, que subrayan la efectividad de los s\u00f3lidos programas de vacunaci\u00f3n y pruebas del distrito\u201d, seg\u00fan el distrito. \u201cEstamos comprometidos a mantener nuestro enfoque basado en la ciencia para los protocolos COVID-19 y continuaremos consultando con nuestro director m\u00e9dico y socios de salud mientras trabajamos para establecer una pol\u00edtica de m\u00e1scara actualizada.<\/p>\n\n\n\n<p>\u201cRespetamos las voces de todas las partes interesadas y, como tal, seguiremos comprometidos con nuestros socios laborales, empleados y familias mientras mantenemos y buscamos pr\u00e1cticas protectoras, receptivas y en el mejor inter\u00e9s de nuestras comunidades escolares\u201d.<\/p>\n\n\n\n<p>Mientras tanto, el presidente del poderoso sindicato de maestros del distrito indic\u00f3 que se opondr\u00e1 a cualquier esfuerzo por levantar el mandato de las mascarillas en interiores.<\/p>\n\n\n\n<p>\u201cLas escuelas del LAUSD han sido las m\u00e1s seguras y mejor equipadas del pa\u00eds porque los educadores y las familias se unieron para exigir protocolos cr\u00edticos de salud y seguridad\u201d, dijo la presidenta de UTLA, Cecily Myart-Cruz, en un comunicado. \u201cEstos protocolos, como el uso de m\u00e1scaras en interiores, han protegido a decenas de miles de educadores y m\u00e1s de medio mill\u00f3n de estudiantes, junto con sus familias. Es prematuro discutir la eliminaci\u00f3n de estas medidas de salud y seguridad mientras todav\u00eda hay muchos j\u00f3venes sin vacunar en nuestros programas de educaci\u00f3n temprana. y escuelas.\u201d<\/p>\n\n\n\n<p>Ferrer advirti\u00f3 que mientras se levanta el mandato de m\u00e1scara, el virus sigue siendo una amenaza. Ella dijo que el condado monitorear\u00e1 siete \u201cse\u00f1ales de alerta\u201d que podr\u00edan presagiar una mayor actividad del virus. Tres de ellos son m\u00e9tricas de toda la comunidad: variantes de preocupaci\u00f3n, visitas al departamento de emergencias de COVID-19 y tasas acumulativas de casos de COVID en comunidades de alta pobreza.<\/p>\n\n\n\n<p>Las otras cuatro &#8220;se\u00f1ales de alerta&#8221; involucran sectores espec\u00edficos, rastreando brotes en centros de enfermer\u00eda especializada, en escuelas K-12, en refugios para personas sin hogar y en lugares de trabajo.<\/p>\n\n\n\n<p>La supervisora del condado Kathryn Barger, quien ha estado presionando para que el condado se alinee con el estado en cuanto a las reglas de uso de mascarillas, elogi\u00f3 el levantamiento pendiente del mandato. Pero volvi\u00f3 a hacer hincapi\u00e9 en que los revestimientos faciales no tienen que desaparecer.<\/p>\n\n\n\n<p>\u201cEso no significa que tires tu m\u00e1scara\u201d, dijo. \u201cTodav\u00eda tienen un prop\u00f3sito\u201d.<\/p>\n","protected":false},"excerpt":{"rendered":"<p>El muy debatido mandato de uso de m\u00e1scaras en interiores COVID-19 del condado de Los \u00c1ngeles para personas vacunadas y no vacunadas podr\u00eda levantarse por completo el viernes, y un funcionario de la ciudad dijo el mi\u00e9rcoles por la ma\u00f1ana que la intenci\u00f3n de Pasadena es hacer lo mismo. La medida significar\u00eda que tanto Pasadena como el condado de Los \u00c1ngeles ya no requerir\u00e1n que las personas usen m\u00e1scaras en los negocios cerrados. La ciudad y el condado se encontraban [&hellip;]<\/p>\n","protected":false},"author":4,"featured_media":14851,"comment_status":"open","ping_status":"closed","sticky":false,"template":"","format":"standard","meta":[],"categories":[4],"tags":[],"acf":[],"_links":{"self":[{"href":"http:\/\/www.pasadenahoy.com\/primero\/wp-json\/wp\/v2\/posts\/14850"}],"collection":[{"href":"http:\/\/www.pasadenahoy.com\/primero\/wp-json\/wp\/v2\/posts"}],"about":[{"href":"http:\/\/www.pasadenahoy.com\/primero\/wp-json\/wp\/v2\/types\/post"}],"author":[{"embeddable":true,"href":"http:\/\/www.pasadenahoy.com\/primero\/wp-json\/wp\/v2\/users\/4"}],"replies":[{"embeddable":true,"href":"http:\/\/www.pasadenahoy.com\/primero\/wp-json\/wp\/v2\/comments?post=14850"}],"version-history":[{"count":2,"href":"http:\/\/www.pasadenahoy.com\/primero\/wp-json\/wp\/v2\/posts\/14850\/revisions"}],"predecessor-version":[{"id":14853,"href":"http:\/\/www.pasadenahoy.com\/primero\/wp-json\/wp\/v2\/posts\/14850\/revisions\/14853"}],"wp:featuredmedia":[{"embeddable":true,"href":"http:\/\/www.pasadenahoy.com\/primero\/wp-json\/wp\/v2\/media\/14851"}],"wp:attachment":[{"href":"http:\/\/www.pasadenahoy.com\/primero\/wp-json\/wp\/v2\/media?parent=14850"}],"wp:term":[{"taxonomy":"category","embeddable":true,"href":"http:\/\/www.pasadenahoy.com\/primero\/wp-json\/wp\/v2\/categories?post=14850"},{"taxonomy":"post_tag","embeddable":true,"href":"http:\/\/www.pasadenahoy.com\/primero\/wp-json\/wp\/v2\/tags?post=14850"}],"curies":[{"name":"wp","href":"https:\/\/api.w.org\/{rel}","templated":true}]}}