{"id":14854,"date":"2022-03-02T15:11:51","date_gmt":"2022-03-02T15:11:51","guid":{"rendered":"http:\/\/www.pasadenahoy.com\/primero\/?p=14854"},"modified":"2022-03-02T15:11:51","modified_gmt":"2022-03-02T15:11:51","slug":"el-concejo-municipal-puede-celebrar-debates-sobre-las-reuniones-de-apertura-al-publico","status":"publish","type":"post","link":"http:\/\/www.pasadenahoy.com\/primero\/el-gobierno-local\/el-concejo-municipal-puede-celebrar-debates-sobre-las-reuniones-de-apertura-al-publico\/","title":{"rendered":"El Concejo Municipal puede celebrar debates sobre las reuniones de apertura al p\u00fablico"},"content":{"rendered":"\n<figure class=\"wp-block-image alignnone size-large\"><figure class=\"alignnone\"><img loading=\"lazy\" width=\"700\" height=\"378\" src=\"http:\/\/www.pasadenahoy.com\/primero\/wp-content\/uploads\/2022\/03\/pic-3-1.jpg\" alt=\"\" class=\"wp-image-14855\" srcset=\"http:\/\/www.pasadenahoy.com\/primero\/wp-content\/uploads\/2022\/03\/pic-3-1.jpg 700w, http:\/\/www.pasadenahoy.com\/primero\/wp-content\/uploads\/2022\/03\/pic-3-1-300x162.jpg 300w, http:\/\/www.pasadenahoy.com\/primero\/wp-content\/uploads\/2022\/03\/pic-3-1-241x130.jpg 241w, http:\/\/www.pasadenahoy.com\/primero\/wp-content\/uploads\/2022\/03\/pic-3-1-333x180.jpg 333w, http:\/\/www.pasadenahoy.com\/primero\/wp-content\/uploads\/2022\/03\/pic-3-1-360x194.jpg 360w\" sizes=\"100vw\" \/><\/figure><\/figure>\n\n\n\n<p>El Concejo Municipal pronto podr\u00eda tener una discusi\u00f3n sobre una vez m\u00e1s abrir las c\u00e1maras del concejo al p\u00fablico durante las reuniones los lunes por la noche.<\/p>\n\n\n\n<p>El lunes, el Concejo Municipal renov\u00f3 una vez m\u00e1s la resoluci\u00f3n que permite que el concejo y sus subcomit\u00e9s y comisiones se re\u00fanan legalmente de forma remota como parte del calendario de consentimiento del lunes.<\/p>\n\n\n\n<p>Sin embargo, durante ese art\u00edculo, la administradora de la ciudad, Cynthia Kurtz, inform\u00f3 al Concejo Municipal que el pr\u00f3ximo mes el art\u00edculo no se presentar\u00e1 ante el consejo como un art\u00edculo de consentimiento.<\/p>\n\n\n\n<p>\u201cLo que nos gustar\u00eda proponer al consejo es que extendamos esta resoluci\u00f3n por un mes m\u00e1s\u201d, dijo Kurtz el lunes por la noche.<\/p>\n\n\n\n<p>\u201cEl consejo luego tendr\u00eda una discusi\u00f3n sobre otra extensi\u00f3n o la apertura de las reuniones una vez m\u00e1s\u201d.<\/p>\n\n\n\n<p>La variante Omicron ha disminuido en gran medida y muchos distritos escolares y estados est\u00e1n relajando sus mandatos de m\u00e1scara.<\/p>\n\n\n\n<p>El p\u00fablico no ha podido asistir a las reuniones del Concejo Municipal desde marzo de 2020 cuando comenz\u00f3 la pandemia.<\/p>\n\n\n\n<p>El lunes, el Hospital Huntington report\u00f3 ocho pacientes en la Unidad de Cuidados Intensivos y 20 pacientes en total luchando contra la pandemia.<\/p>\n\n\n\n<p>El martes, el estado elimin\u00f3 su requisito de que las personas no vacunadas usen m\u00e1scaras en la mayor\u00eda de los entornos interiores, uni\u00e9ndose a la poblaci\u00f3n vacunada a la que se le levant\u00f3 el mandato hace dos semanas.<\/p>\n\n\n\n<p>Pasadena, sin embargo, no levantar\u00e1 de inmediato su mandato de uso de m\u00e1scaras en interiores para las personas no vacunadas. Los departamentos de salud locales tienen la capacidad de mantener requisitos m\u00e1s estrictos que establecen est\u00e1ndares m\u00ednimos.<\/p>\n\n\n\n<p>Sin embargo, la ciudad afloj\u00f3 los requisitos de m\u00e1scaras para las personas vacunadas, que ahora pueden ingresar a la mayor\u00eda de los lugares p\u00fablicos sin cubrirse la cara.<\/p>\n\n\n\n<p>Las m\u00e1scaras siguen siendo necesarias para todos en ciertos entornos interiores, incluidos los centros de atenci\u00f3n m\u00e9dica, los centros de tr\u00e1nsito, los aeropuertos, a bordo del transporte p\u00fablico, en las instalaciones correccionales y en los refugios para personas sin hogar y los centros de atenci\u00f3n a largo plazo.<\/p>\n\n\n\n<p>El estado levantar\u00e1 su requisito de que los estudiantes y el personal usen m\u00e1scaras en el interior de las escuelas a las 11:59 p.m. el 11 de marzo, haciendo que los revestimientos faciales sean &#8220;fuertemente recomendados&#8221; pero no obligatorios, anunci\u00f3 el gobernador Gavin Newsom el lunes. El Departamento de Salud P\u00fablica de Pasadena a\u00fan no ha determinado si Pasadena har\u00e1 lo mismo.<\/p>\n\n\n\n<p>Seg\u00fan City News Service, el viernes, los Centros para el Control y la Prevenci\u00f3n de Enfermedades de EE. UU. anunciaron nuevos est\u00e1ndares que se basan en gran medida en los n\u00fameros de hospitales de COVID para determinar si se deben usar m\u00e1scaras.<\/p>\n\n\n\n<p>Esos nuevos est\u00e1ndares, si bien dieron como resultado que se levantaran las recomendaciones de m\u00e1scaras para gran parte del pa\u00eds, a\u00fan clasificaron a los condados de Los \u00c1ngeles y San Diego como con una actividad de virus &#8220;alta&#8221; e instaron a las personas a continuar usando m\u00e1scaras.<\/p>\n\n\n\n<p>La directora de salud p\u00fablica del condado de Los \u00c1ngeles, Barbara Ferrer, dijo que la regla de uso de m\u00e1scaras en interiores del condado permanecer\u00eda vigente hasta que el nivel de tasa de transmisi\u00f3n de COVID del condado caiga al nivel &#8220;moderado&#8221; seg\u00fan lo definido por los CDC y permanezca all\u00ed durante dos semanas o COVID las vacunas han estado disponibles para los residentes menores de 5 a\u00f1os durante al menos ocho semanas y no se han identificado &#8220;variantes preocupantes&#8221; emergentes de COVID que puedan provocar otro aumento en los casos.<\/p>\n\n\n\n<p>Seg\u00fan Ferrer, alcanzar el nivel de transmisi\u00f3n &#8220;moderado&#8221; de los CDC requiere que el condado tenga una tasa de infecci\u00f3n acumulada de siete d\u00edas de menos de 50 por cada 100,000 residentes. Ferrer dijo que se espera que eso suceda el 16 de marzo, lo que significa que el mandato de uso de mascarillas en interiores se levantar\u00e1 por completo el 30 de marzo.<\/p>\n\n\n\n<p>El domingo, los funcionarios del condado anunciaron que la cantidad de pacientes con COVID positivo en los hospitales cay\u00f3 por debajo de 1,000 por primera vez desde diciembre.<\/p>\n","protected":false},"excerpt":{"rendered":"<p>El Concejo Municipal pronto podr\u00eda tener una discusi\u00f3n sobre una vez m\u00e1s abrir las c\u00e1maras del concejo al p\u00fablico durante las reuniones los lunes por la noche. El lunes, el Concejo Municipal renov\u00f3 una vez m\u00e1s la resoluci\u00f3n que permite que el concejo y sus subcomit\u00e9s y comisiones se re\u00fanan legalmente de forma remota como parte del calendario de consentimiento del lunes. Sin embargo, durante ese art\u00edculo, la administradora de la ciudad, Cynthia Kurtz, inform\u00f3 al Concejo Municipal que el [&hellip;]<\/p>\n","protected":false},"author":4,"featured_media":14855,"comment_status":"open","ping_status":"closed","sticky":false,"template":"","format":"standard","meta":[],"categories":[6],"tags":[],"acf":[],"_links":{"self":[{"href":"http:\/\/www.pasadenahoy.com\/primero\/wp-json\/wp\/v2\/posts\/14854"}],"collection":[{"href":"http:\/\/www.pasadenahoy.com\/primero\/wp-json\/wp\/v2\/posts"}],"about":[{"href":"http:\/\/www.pasadenahoy.com\/primero\/wp-json\/wp\/v2\/types\/post"}],"author":[{"embeddable":true,"href":"http:\/\/www.pasadenahoy.com\/primero\/wp-json\/wp\/v2\/users\/4"}],"replies":[{"embeddable":true,"href":"http:\/\/www.pasadenahoy.com\/primero\/wp-json\/wp\/v2\/comments?post=14854"}],"version-history":[{"count":2,"href":"http:\/\/www.pasadenahoy.com\/primero\/wp-json\/wp\/v2\/posts\/14854\/revisions"}],"predecessor-version":[{"id":14857,"href":"http:\/\/www.pasadenahoy.com\/primero\/wp-json\/wp\/v2\/posts\/14854\/revisions\/14857"}],"wp:featuredmedia":[{"embeddable":true,"href":"http:\/\/www.pasadenahoy.com\/primero\/wp-json\/wp\/v2\/media\/14855"}],"wp:attachment":[{"href":"http:\/\/www.pasadenahoy.com\/primero\/wp-json\/wp\/v2\/media?parent=14854"}],"wp:term":[{"taxonomy":"category","embeddable":true,"href":"http:\/\/www.pasadenahoy.com\/primero\/wp-json\/wp\/v2\/categories?post=14854"},{"taxonomy":"post_tag","embeddable":true,"href":"http:\/\/www.pasadenahoy.com\/primero\/wp-json\/wp\/v2\/tags?post=14854"}],"curies":[{"name":"wp","href":"https:\/\/api.w.org\/{rel}","templated":true}]}}