{"id":14862,"date":"2022-03-02T15:24:38","date_gmt":"2022-03-02T15:24:38","guid":{"rendered":"http:\/\/www.pasadenahoy.com\/primero\/?p=14862"},"modified":"2022-03-02T15:24:40","modified_gmt":"2022-03-02T15:24:40","slug":"el-jefe-de-policia-interino-moody-presentara-una-actualizacion-de-la-politica-de-camaras-corporales-a-la-comision-de-supervision-de-la-policia","status":"publish","type":"post","link":"http:\/\/www.pasadenahoy.com\/primero\/la-comunidad\/el-jefe-de-policia-interino-moody-presentara-una-actualizacion-de-la-politica-de-camaras-corporales-a-la-comision-de-supervision-de-la-policia\/","title":{"rendered":"El jefe de polic\u00eda interino Moody presentar\u00e1 una actualizaci\u00f3n de la pol\u00edtica de c\u00e1maras corporales a la Comisi\u00f3n de Supervisi\u00f3n de la Polic\u00eda"},"content":{"rendered":"\n<div class=\"wp-block-image alignright\"><figure class=\"alignright size-large\"><img loading=\"lazy\" width=\"360\" height=\"388\" src=\"http:\/\/www.pasadenahoy.com\/primero\/wp-content\/uploads\/2022\/03\/pic-5.png\" alt=\"\" class=\"wp-image-14863\" srcset=\"http:\/\/www.pasadenahoy.com\/primero\/wp-content\/uploads\/2022\/03\/pic-5.png 360w, http:\/\/www.pasadenahoy.com\/primero\/wp-content\/uploads\/2022\/03\/pic-5-278x300.png 278w, http:\/\/www.pasadenahoy.com\/primero\/wp-content\/uploads\/2022\/03\/pic-5-121x130.png 121w, http:\/\/www.pasadenahoy.com\/primero\/wp-content\/uploads\/2022\/03\/pic-5-167x180.png 167w\" sizes=\"100vw\" \/><\/figure><\/div>\n\n\n\n<p>La jefa de polic\u00eda interina Cheryl Moody dar\u00e1 una actualizaci\u00f3n sobre la pol\u00edtica de c\u00e1maras corporales del departamento de polic\u00eda a la comisi\u00f3n de supervisi\u00f3n policial a las 6 p.m. el jueves.<\/p>\n\n\n\n<p>El Departamento de Polic\u00eda de Pasadena actualmente est\u00e1 probando una nueva tecnolog\u00eda que alerta de forma inal\u00e1mbrica a las c\u00e1maras corporales Axon cercanas para que comiencen a grabar cuando un oficial saca su arma de fuego.<\/p>\n\n\n\n<p>&#8216;Signal Sidearm&#8217; permite a los oficiales capturar informaci\u00f3n importante de principio a fin sin presionar un bot\u00f3n y podr\u00eda garantizar que las c\u00e1maras corporales de los oficiales de polic\u00eda est\u00e9n encendidas durante un incidente cr\u00edtico.<\/p>\n\n\n\n<p>El mes pasado, el teniente William Grisafe le dijo a Pasadena Now que 20 polic\u00edas de Pasadena estar\u00edan equipados con la tecnolog\u00eda en una prueba de 90 d\u00edas.<\/p>\n\n\n\n<p>El dispositivo funciona con una bater\u00eda con una vida \u00fatil de 1,5 a\u00f1os que alerta autom\u00e1ticamente al usuario cuando est\u00e1 baja.<\/p>\n\n\n\n<p>Una vez que un oficial de polic\u00eda saca su arma, el sensor se activa y alerta a todas las c\u00e1maras Axon dentro de un rango de 30 pies para comenzar a grabar.<\/p>\n\n\n\n<p>La comisi\u00f3n proporcionar\u00e1 comentarios despu\u00e9s de la presentaci\u00f3n de Chief Moody. No hubo un informe del personal sobre el tema en la agenda publicada en el sitio web de la ciudad.<\/p>\n\n\n\n<p>El Departamento de Polic\u00eda de Pasadena inici\u00f3 un programa de c\u00e1maras corporales en 2016.<\/p>\n\n\n\n<p>Desde entonces, el departamento ha subido m\u00e1s de un mill\u00f3n de elementos probatorios, incluidos videos, grabaciones de voz y documentos, a la plataforma segura del sistema de gesti\u00f3n de evidencia digital basada en la nube de Axon Enterprise llamada Evidence.com, seg\u00fan un informe del personal de la ciudad.<\/p>\n\n\n\n<p>Actualmente, el departamento de polic\u00eda despliega 295 de la flota de 313 c\u00e1maras corporales.<\/p>\n\n\n\n<p>Las c\u00e1maras se asignan a miembros del departamento de personal juramentados y profesionales que habitualmente entran en contacto con el p\u00fablico mientras trabajan en el campo.<\/p>\n\n\n\n<p>En el tiroteo fatal de Anthony McClain en el que particip\u00f3 un oficial, uno de los oficiales de polic\u00eda no encendi\u00f3 su c\u00e1mara.<\/p>\n\n\n\n<p>En diciembre, el Concejo Municipal vot\u00f3 para enmendar su contrato de c\u00e1maras corporales con Axon a un costo que no exceda los $1.7 millones para el sistema de c\u00e1maras corporales del departamento de polic\u00eda.<\/p>\n\n\n\n<p>Las pruebas de grabaci\u00f3n de voz y video de casos penales se han enviado electr\u00f3nicamente a la oficina del fiscal de la ciudad\/fiscal de distrito para el enjuiciamiento de los casos.<\/p>\n\n\n\n<p>En muchos casos, las im\u00e1genes est\u00e1n disponibles para el p\u00fablico a trav\u00e9s de una ley de registros p\u00fablicos. La ciudad tambi\u00e9n publica im\u00e1genes de incidentes cr\u00edticos, generalmente mucho antes de la fecha l\u00edmite de 45 d\u00edas.<\/p>\n\n\n\n<p>El departamento responde a aproximadamente 1,600 solicitudes al a\u00f1o de im\u00e1genes de c\u00e1maras corporales para la corte y solicitudes de registros p\u00fablicos.<\/p>\n\n\n\n<p>Seg\u00fan Axon, la empresa ha mejorado mucho su tecnolog\u00eda relacionada con la revisi\u00f3n de videos para incluir la reproducci\u00f3n multic\u00e1mara y la transcripci\u00f3n de audio que reducir\u00e1 los recursos del personal para localizar videos y realizar transcripciones para solicitudes de registros p\u00fablicos y judiciales.<\/p>\n\n\n\n<p>Para ver la reuni\u00f3n, visite: <a href=\"https:\/\/us02web.zoom.us\/j\/83714629907\">https:\/\/us02web.zoom.us\/j\/83714629907<\/a><\/p>\n","protected":false},"excerpt":{"rendered":"<p>La jefa de polic\u00eda interina Cheryl Moody dar\u00e1 una actualizaci\u00f3n sobre la pol\u00edtica de c\u00e1maras corporales del departamento de polic\u00eda a la comisi\u00f3n de supervisi\u00f3n policial a las 6 p.m. el jueves. El Departamento de Polic\u00eda de Pasadena actualmente est\u00e1 probando una nueva tecnolog\u00eda que alerta de forma inal\u00e1mbrica a las c\u00e1maras corporales Axon cercanas para que comiencen a grabar cuando un oficial saca su arma de fuego. &#8216;Signal Sidearm&#8217; permite a los oficiales capturar informaci\u00f3n importante de principio a [&hellip;]<\/p>\n","protected":false},"author":4,"featured_media":0,"comment_status":"open","ping_status":"closed","sticky":false,"template":"","format":"standard","meta":[],"categories":[4],"tags":[],"acf":[],"_links":{"self":[{"href":"http:\/\/www.pasadenahoy.com\/primero\/wp-json\/wp\/v2\/posts\/14862"}],"collection":[{"href":"http:\/\/www.pasadenahoy.com\/primero\/wp-json\/wp\/v2\/posts"}],"about":[{"href":"http:\/\/www.pasadenahoy.com\/primero\/wp-json\/wp\/v2\/types\/post"}],"author":[{"embeddable":true,"href":"http:\/\/www.pasadenahoy.com\/primero\/wp-json\/wp\/v2\/users\/4"}],"replies":[{"embeddable":true,"href":"http:\/\/www.pasadenahoy.com\/primero\/wp-json\/wp\/v2\/comments?post=14862"}],"version-history":[{"count":2,"href":"http:\/\/www.pasadenahoy.com\/primero\/wp-json\/wp\/v2\/posts\/14862\/revisions"}],"predecessor-version":[{"id":14865,"href":"http:\/\/www.pasadenahoy.com\/primero\/wp-json\/wp\/v2\/posts\/14862\/revisions\/14865"}],"wp:attachment":[{"href":"http:\/\/www.pasadenahoy.com\/primero\/wp-json\/wp\/v2\/media?parent=14862"}],"wp:term":[{"taxonomy":"category","embeddable":true,"href":"http:\/\/www.pasadenahoy.com\/primero\/wp-json\/wp\/v2\/categories?post=14862"},{"taxonomy":"post_tag","embeddable":true,"href":"http:\/\/www.pasadenahoy.com\/primero\/wp-json\/wp\/v2\/tags?post=14862"}],"curies":[{"name":"wp","href":"https:\/\/api.w.org\/{rel}","templated":true}]}}