{"id":14873,"date":"2022-03-03T14:59:09","date_gmt":"2022-03-03T14:59:09","guid":{"rendered":"http:\/\/www.pasadenahoy.com\/primero\/?p=14873"},"modified":"2022-03-03T14:59:11","modified_gmt":"2022-03-03T14:59:11","slug":"el-mandato-de-mascara-de-pasadena-se-acerca-a-su-fin","status":"publish","type":"post","link":"http:\/\/www.pasadenahoy.com\/primero\/la-comunidad\/el-mandato-de-mascara-de-pasadena-se-acerca-a-su-fin\/","title":{"rendered":"El mandato de m\u00e1scara de Pasadena se acerca a su fin"},"content":{"rendered":"\n<figure class=\"wp-block-image alignnone size-large\"><figure class=\"alignnone\"><img loading=\"lazy\" width=\"700\" height=\"378\" src=\"http:\/\/www.pasadenahoy.com\/primero\/wp-content\/uploads\/2022\/03\/pic-1-2.jpg\" alt=\"\" class=\"wp-image-14874\" srcset=\"http:\/\/www.pasadenahoy.com\/primero\/wp-content\/uploads\/2022\/03\/pic-1-2.jpg 700w, http:\/\/www.pasadenahoy.com\/primero\/wp-content\/uploads\/2022\/03\/pic-1-2-300x162.jpg 300w, http:\/\/www.pasadenahoy.com\/primero\/wp-content\/uploads\/2022\/03\/pic-1-2-241x130.jpg 241w, http:\/\/www.pasadenahoy.com\/primero\/wp-content\/uploads\/2022\/03\/pic-1-2-333x180.jpg 333w, http:\/\/www.pasadenahoy.com\/primero\/wp-content\/uploads\/2022\/03\/pic-1-2-360x194.jpg 360w\" sizes=\"100vw\" \/><\/figure><\/figure>\n\n\n\n<p>Es probable que el jueves se produzca un cambio importante en la pol\u00edtica de respuesta al COVID-19 por parte de dos departamentos de salud p\u00fablica locales, el de Pasadena y el del condado de Los \u00c1ngeles, si los datos de actividad del virus que publicar\u00e1n los Centros para el Control y la Prevenci\u00f3n de Enfermedades de EE. riesgo medio o bajo para COVID.<\/p>\n\n\n\n<p>Si eso ocurre, los departamentos de salud de la ciudad y del condado han dicho que cada uno emitir\u00e1 una nueva Orden del Oficial de Salud que elimina su mandato de larga data de que las personas usen m\u00e1scaras en interiores, independientemente del estado de vacunaci\u00f3n. Las \u00f3rdenes podr\u00edan entrar en vigencia tan pronto como el viernes o el s\u00e1bado.<\/p>\n\n\n\n<p>Ese movimiento pondr\u00e1 tanto a la ciudad como al condado en alineaci\u00f3n con el estado, que el martes elimin\u00f3 su mandato de m\u00e1scara.<\/p>\n\n\n\n<p>Sin embargo, el uso de m\u00e1scaras seguir\u00e1 siendo &#8220;muy recomendado&#8221;, particularmente en entornos concurridos o al interactuar con personas con mayor riesgo de enfermarse gravemente por el virus.<\/p>\n\n\n\n<p>\u201cA pesar de las noticias alentadoras, las personas que no est\u00e1n vacunadas, inmunocomprometidas o que viven en comunidades de bajos recursos contin\u00faan teniendo un mayor riesgo y tienen m\u00e1s probabilidades de enfermarse gravemente y morir de COVID-19\u201d, dijo Ferrer en un comunicado el mi\u00e9rcoles. \u201cJunto con la protecci\u00f3n significativa que brindan las vacunas y los refuerzos, las m\u00e1scaras agregan una barrera importante a la transmisi\u00f3n que protege a los m\u00e1s vulnerables de los peores resultados.<\/p>\n\n\n\n<p>\u201cPor lo tanto, Salud P\u00fablica, en consonancia con el estado, recomienda encarecidamente que las personas mantengan sus m\u00e1scaras puestas en lugares p\u00fablicos cerrados, independientemente del estado de vacunaci\u00f3n, hasta que haya menos riesgo para las personas con un riesgo elevado\u201d.<\/p>\n\n\n\n<p>Se seguir\u00e1 requiriendo el uso de m\u00e1scaras en entornos de mayor riesgo, incluidos los centros de atenci\u00f3n m\u00e9dica, los centros de tr\u00e1nsito, los aeropuertos, a bordo del transporte p\u00fablico, en los centros correccionales y en los refugios para personas sin hogar y los centros de atenci\u00f3n a largo plazo.<\/p>\n\n\n\n<p>Tambi\u00e9n se siguen exigiendo m\u00e1scaras para interiores en los campus escolares K-12, aunque Pasadena, el condado y el estado eliminar\u00e1n ese requisito el 12 de marzo.<\/p>\n\n\n\n<p>Los funcionarios de salud del condado tambi\u00e9n se\u00f1alaron que las personas que asistan a megaeventos en interiores de 1,000 o m\u00e1s personas, como eventos deportivos, a\u00fan deber\u00e1n mostrar prueba de vacunaci\u00f3n contra COVID o una prueba negativa reciente para ser admitidos. Tambi\u00e9n se requerir\u00e1 la verificaci\u00f3n de vacunas o una prueba negativa en los centros de atenci\u00f3n m\u00e9dica y los centros de atenci\u00f3n colectiva.<\/p>\n\n\n\n<p>El condado elimin\u00f3 el requisito de que las personas muestren pruebas de vacunaci\u00f3n para frecuentar las porciones interiores de bares, clubes nocturnos y salones.<\/p>\n\n\n\n<p>Si bien es probable que se levante el mandato de m\u00e1scara, Ferrer advirti\u00f3 el martes que el virus sigue siendo una amenaza. Ella dijo que el condado monitorear\u00e1 siete \u201cse\u00f1ales de alerta\u201d que podr\u00edan presagiar una mayor actividad del virus. Tres de ellos son m\u00e9tricas de toda la comunidad: variantes de preocupaci\u00f3n, visitas al departamento de emergencias de COVID-19 y tasas acumulativas de casos de COVID en comunidades de alta pobreza.<\/p>\n\n\n\n<p>Las otras cuatro &#8220;se\u00f1ales de alerta&#8221; involucran sectores espec\u00edficos, rastreando brotes en centros de enfermer\u00eda especializada, en escuelas K-12, en refugios para personas sin hogar y en lugares de trabajo. Si dos o m\u00e1s de esas se\u00f1ales aumentan a niveles de alerta, el condado trabajar\u00e1 para determinar qu\u00e9 est\u00e1 causando el aumento y si es necesario restablecer las restricciones.<\/p>\n","protected":false},"excerpt":{"rendered":"<p>Es probable que el jueves se produzca un cambio importante en la pol\u00edtica de respuesta al COVID-19 por parte de dos departamentos de salud p\u00fablica locales, el de Pasadena y el del condado de Los \u00c1ngeles, si los datos de actividad del virus que publicar\u00e1n los Centros para el Control y la Prevenci\u00f3n de Enfermedades de EE. riesgo medio o bajo para COVID. Si eso ocurre, los departamentos de salud de la ciudad y del condado han dicho que cada [&hellip;]<\/p>\n","protected":false},"author":4,"featured_media":14874,"comment_status":"open","ping_status":"closed","sticky":false,"template":"","format":"standard","meta":[],"categories":[4],"tags":[],"acf":[],"_links":{"self":[{"href":"http:\/\/www.pasadenahoy.com\/primero\/wp-json\/wp\/v2\/posts\/14873"}],"collection":[{"href":"http:\/\/www.pasadenahoy.com\/primero\/wp-json\/wp\/v2\/posts"}],"about":[{"href":"http:\/\/www.pasadenahoy.com\/primero\/wp-json\/wp\/v2\/types\/post"}],"author":[{"embeddable":true,"href":"http:\/\/www.pasadenahoy.com\/primero\/wp-json\/wp\/v2\/users\/4"}],"replies":[{"embeddable":true,"href":"http:\/\/www.pasadenahoy.com\/primero\/wp-json\/wp\/v2\/comments?post=14873"}],"version-history":[{"count":2,"href":"http:\/\/www.pasadenahoy.com\/primero\/wp-json\/wp\/v2\/posts\/14873\/revisions"}],"predecessor-version":[{"id":14876,"href":"http:\/\/www.pasadenahoy.com\/primero\/wp-json\/wp\/v2\/posts\/14873\/revisions\/14876"}],"wp:featuredmedia":[{"embeddable":true,"href":"http:\/\/www.pasadenahoy.com\/primero\/wp-json\/wp\/v2\/media\/14874"}],"wp:attachment":[{"href":"http:\/\/www.pasadenahoy.com\/primero\/wp-json\/wp\/v2\/media?parent=14873"}],"wp:term":[{"taxonomy":"category","embeddable":true,"href":"http:\/\/www.pasadenahoy.com\/primero\/wp-json\/wp\/v2\/categories?post=14873"},{"taxonomy":"post_tag","embeddable":true,"href":"http:\/\/www.pasadenahoy.com\/primero\/wp-json\/wp\/v2\/tags?post=14873"}],"curies":[{"name":"wp","href":"https:\/\/api.w.org\/{rel}","templated":true}]}}