{"id":14900,"date":"2022-03-04T14:59:38","date_gmt":"2022-03-04T14:59:38","guid":{"rendered":"http:\/\/www.pasadenahoy.com\/primero\/?p=14900"},"modified":"2022-03-04T14:59:40","modified_gmt":"2022-03-04T14:59:40","slug":"el-mandato-de-mascara-de-pasadena-termina-el-viernes-a-medida-que-mejoran-las-metricas-de-covid","status":"publish","type":"post","link":"http:\/\/www.pasadenahoy.com\/primero\/la-comunidad\/el-mandato-de-mascara-de-pasadena-termina-el-viernes-a-medida-que-mejoran-las-metricas-de-covid\/","title":{"rendered":"El mandato de m\u00e1scara de Pasadena termina el viernes a medida que mejoran las m\u00e9tricas de COVID"},"content":{"rendered":"\n<figure class=\"wp-block-image alignnone size-large\"><figure class=\"alignnone\"><img loading=\"lazy\" width=\"700\" height=\"378\" src=\"http:\/\/www.pasadenahoy.com\/primero\/wp-content\/uploads\/2022\/03\/pic1.jpg\" alt=\"\" class=\"wp-image-14901\" srcset=\"http:\/\/www.pasadenahoy.com\/primero\/wp-content\/uploads\/2022\/03\/pic1.jpg 700w, http:\/\/www.pasadenahoy.com\/primero\/wp-content\/uploads\/2022\/03\/pic1-300x162.jpg 300w, http:\/\/www.pasadenahoy.com\/primero\/wp-content\/uploads\/2022\/03\/pic1-241x130.jpg 241w, http:\/\/www.pasadenahoy.com\/primero\/wp-content\/uploads\/2022\/03\/pic1-333x180.jpg 333w, http:\/\/www.pasadenahoy.com\/primero\/wp-content\/uploads\/2022\/03\/pic1-360x194.jpg 360w\" sizes=\"100vw\" \/><figcaption><span class=\"caption-text\">Cosas del pasado: foto de archivo muestra a personas enmascaradas dentro de un lugar p\u00fablico. [Shutterstock]<\/span><\/figcaption><\/figure><\/figure>\n\n\n\n<p>El uso de m\u00e1scaras en interiores ya no es obligatorio para todos, independientemente del estado de vacunaci\u00f3n, en la mayor\u00eda de los lugares p\u00fablicos tanto en Pasadena como en el condado de Los \u00c1ngeles a partir del viernes, gracias a los datos revisados \u200b\u200b\u200b\u200bpublicados por los funcionarios federales de salud el jueves que muestran una disminuci\u00f3n del impacto de COVID-19 en el sistema de salud del condado.<br>El Departamento de Salud P\u00fablica de Pasadena dijo que estaba emitiendo \u00d3rdenes de Oficiales de Salud actualizadas que entrar\u00edan en vigencia el viernes 4 de marzo.<\/p>\n\n\n\n<p>Seg\u00fan estas \u00f3rdenes revisadas, se recomendar\u00e1 encarecidamente el uso de m\u00e1scaras en interiores, pero no ser\u00e1 obligatorio para las personas vacunadas y no vacunadas, excepto en entornos de alto riesgo.<\/p>\n\n\n\n<p>Se seguir\u00e1n exigiendo m\u00e1scaras para interiores en los campus escolares K-12, aunque Pasadena, el condado y el estado eliminar\u00e1n ese requisito el 12 de marzo. Sin embargo, las escuelas individuales pueden decidir sobre sus pol\u00edticas de uso de m\u00e1scaras en funci\u00f3n de su propia evaluaci\u00f3n.<\/p>\n\n\n\n<p>El enmascaramiento puede ser requerido por PPHD en ciertos casos, como escenarios de brotes.<\/p>\n\n\n\n<p>Se seguir\u00e1 requiriendo el uso de m\u00e1scaras en los centros de atenci\u00f3n m\u00e9dica, los centros de tr\u00e1nsito, los aeropuertos, a bordo del transporte p\u00fablico, en los centros correccionales, en los refugios de emergencia y los centros de enfriamiento, y en los refugios para personas sin hogar y los centros de atenci\u00f3n a largo plazo.<\/p>\n\n\n\n<p>Las personas que est\u00e1n enfermas con s\u00edntomas de COVID-19 deben usar una m\u00e1scara independientemente del estado de vacunaci\u00f3n, hacerse la prueba y quedarse en casa, dijeron las autoridades.<\/p>\n\n\n\n<p>Los empleadores seguir\u00e1n estando obligados a ofrecer y proporcionar, para uso voluntario, m\u00e1scaras y\/o respiradores de grado m\u00e9dico a los empleados que trabajen en interiores en contacto cercano con otros trabajadores y\/o clientes. No se puede impedir que una persona use una m\u00e1scara como condici\u00f3n para participar en una actividad o ingresar a un negocio.<\/p>\n\n\n\n<p>Los Centros para el Control y la Prevenci\u00f3n de Enfermedades de EE. UU. movieron oficialmente al condado de su categor\u00eda de actividad de virus &#8220;alta&#8221; a la categor\u00eda &#8220;baja&#8221;. El CDC actualiza sus datos a nivel de condado todos los jueves<\/p>\n","protected":false},"excerpt":{"rendered":"<p>El uso de m\u00e1scaras en interiores ya no es obligatorio para todos, independientemente del estado de vacunaci\u00f3n, en la mayor\u00eda de los lugares p\u00fablicos tanto en Pasadena como en el condado de Los \u00c1ngeles a partir del viernes, gracias a los datos revisados \u200b\u200b\u200b\u200bpublicados por los funcionarios federales de salud el jueves que muestran una disminuci\u00f3n del impacto de COVID-19 en el sistema de salud del condado.El Departamento de Salud P\u00fablica de Pasadena dijo que estaba emitiendo \u00d3rdenes de Oficiales [&hellip;]<\/p>\n","protected":false},"author":4,"featured_media":14901,"comment_status":"open","ping_status":"closed","sticky":false,"template":"","format":"standard","meta":[],"categories":[4],"tags":[],"acf":[],"_links":{"self":[{"href":"http:\/\/www.pasadenahoy.com\/primero\/wp-json\/wp\/v2\/posts\/14900"}],"collection":[{"href":"http:\/\/www.pasadenahoy.com\/primero\/wp-json\/wp\/v2\/posts"}],"about":[{"href":"http:\/\/www.pasadenahoy.com\/primero\/wp-json\/wp\/v2\/types\/post"}],"author":[{"embeddable":true,"href":"http:\/\/www.pasadenahoy.com\/primero\/wp-json\/wp\/v2\/users\/4"}],"replies":[{"embeddable":true,"href":"http:\/\/www.pasadenahoy.com\/primero\/wp-json\/wp\/v2\/comments?post=14900"}],"version-history":[{"count":2,"href":"http:\/\/www.pasadenahoy.com\/primero\/wp-json\/wp\/v2\/posts\/14900\/revisions"}],"predecessor-version":[{"id":14903,"href":"http:\/\/www.pasadenahoy.com\/primero\/wp-json\/wp\/v2\/posts\/14900\/revisions\/14903"}],"wp:featuredmedia":[{"embeddable":true,"href":"http:\/\/www.pasadenahoy.com\/primero\/wp-json\/wp\/v2\/media\/14901"}],"wp:attachment":[{"href":"http:\/\/www.pasadenahoy.com\/primero\/wp-json\/wp\/v2\/media?parent=14900"}],"wp:term":[{"taxonomy":"category","embeddable":true,"href":"http:\/\/www.pasadenahoy.com\/primero\/wp-json\/wp\/v2\/categories?post=14900"},{"taxonomy":"post_tag","embeddable":true,"href":"http:\/\/www.pasadenahoy.com\/primero\/wp-json\/wp\/v2\/tags?post=14900"}],"curies":[{"name":"wp","href":"https:\/\/api.w.org\/{rel}","templated":true}]}}