{"id":14929,"date":"2022-03-07T15:04:47","date_gmt":"2022-03-07T15:04:47","guid":{"rendered":"http:\/\/www.pasadenahoy.com\/primero\/?p=14929"},"modified":"2022-03-07T15:04:48","modified_gmt":"2022-03-07T15:04:48","slug":"el-ayuntamiento-y-el-pusd-realizaran-una-reunion-conjunta-especial-el-lunes","status":"publish","type":"post","link":"http:\/\/www.pasadenahoy.com\/primero\/el-gobierno-local\/el-ayuntamiento-y-el-pusd-realizaran-una-reunion-conjunta-especial-el-lunes\/","title":{"rendered":"El Ayuntamiento y el PUSD realizar\u00e1n una reuni\u00f3n conjunta especial el lunes"},"content":{"rendered":"\n<figure class=\"wp-block-image alignnone size-large\"><figure class=\"alignnone\"><img loading=\"lazy\" width=\"700\" height=\"378\" src=\"http:\/\/www.pasadenahoy.com\/primero\/wp-content\/uploads\/2022\/03\/pic-1-4.jpg\" alt=\"\" class=\"wp-image-14931\" srcset=\"http:\/\/www.pasadenahoy.com\/primero\/wp-content\/uploads\/2022\/03\/pic-1-4.jpg 700w, http:\/\/www.pasadenahoy.com\/primero\/wp-content\/uploads\/2022\/03\/pic-1-4-300x162.jpg 300w, http:\/\/www.pasadenahoy.com\/primero\/wp-content\/uploads\/2022\/03\/pic-1-4-241x130.jpg 241w, http:\/\/www.pasadenahoy.com\/primero\/wp-content\/uploads\/2022\/03\/pic-1-4-333x180.jpg 333w, http:\/\/www.pasadenahoy.com\/primero\/wp-content\/uploads\/2022\/03\/pic-1-4-360x194.jpg 360w\" sizes=\"100vw\" \/><\/figure><\/figure>\n\n\n\n<p>El Concejo Municipal y el Distrito Escolar Unificado de Pasadena realizar\u00e1n su reuni\u00f3n conjunta anual esta semana.<\/p>\n\n\n\n<p>La reuni\u00f3n especial comenzar\u00e1 a las 4 p.m. y no se permitir\u00e1n comentarios sobre asuntos que no est\u00e9n en la agenda.<\/p>\n\n\n\n<p>La reuni\u00f3n comenzar\u00e1 con un punto destacado de los programas del PUSD y una presentaci\u00f3n sobre los programas de intervenci\u00f3n de seguridad comunitaria para j\u00f3venes locales.<\/p>\n\n\n\n<p>La junta escolar y el Concejo Municipal tambi\u00e9n recibir\u00e1n una presentaci\u00f3n sobre los acuerdos actuales de uso conjunto por parte del distrito y la ciudad, incluido el uso conjunto de las instalaciones.<\/p>\n\n\n\n<p>El acuerdo se remonta a 1978 cuando las dos partes acordaron el uso rec\u00edproco de las instalaciones recreativas y escolares por un per\u00edodo de 10 a\u00f1os.<\/p>\n\n\n\n<p>Se lleg\u00f3 a una enmienda en 1989 por otros 10 a\u00f1os. La enmienda excluy\u00f3 el campo de golf de la ciudad, el Centro de Pasadena, el Centro Acu\u00e1tico Rose Bowl, el Rose Bowl y las piscinas del distrito.<\/p>\n\n\n\n<p>En la agenda del lunes tambi\u00e9n se incluye una presentaci\u00f3n sobre el Grupo de Trabajo sobre Desarrollo Infantil Temprano y Aprendizaje Temprano recientemente desarrollado por el consejo.<\/p>\n\n\n\n<p>La semana pasada, el Concejo Municipal aprob\u00f3 por unanimidad un grupo de trabajo sobre Desarrollo Infantil Temprano y Aprendizaje Temprano.<\/p>\n\n\n\n<p>El grupo de trabajo trabajar\u00e1 con el personal para revisar el estado de la implementaci\u00f3n de la pol\u00edtica de desarrollo infantil temprano adoptada por el Concejo Municipal en 2015.<\/p>\n\n\n\n<p>Efran Aguilar, Geoff Albert, Toni Boucher, Lila Guirguis, Ree Harris-Hudson, Peggy Nguyen, Dr. Dianne Philibosian, Marie Kanne Poulsen, Ernesto Saldana, Tony Santilena, Blanca Siebels, Melani Smith, Susan Wood y Dr. Vera Vignes har\u00e1n hasta el grupo de trabajo.<\/p>\n\n\n\n<p>Los miembros representan una muestra representativa diversa de expertos, profesionales y defensores de la primera infancia y el aprendizaje temprano; liderazgo y personal de primera infancia del Distrito Escolar Unificado de Pasadena (PUSD); padres de ni\u00f1os peque\u00f1os del PUSD; profesionales del cuidado infantil: expertos en ciencias del cerebro y l\u00edderes de la fuerza laboral, la salud p\u00fablica y la atenci\u00f3n materna.<\/p>\n\n\n\n<p>El grupo de trabajo comenzar\u00e1 su trabajo a m\u00e1s tardar el 15 de marzo y se reunir\u00e1 dos veces al mes e informar\u00e1 al consejo sobre el estado actual de implementaci\u00f3n de la pol\u00edtica, la alineaci\u00f3n de la pol\u00edtica con la ciencia m\u00e1s reciente con respecto a las mejores pr\u00e1cticas en la implementaci\u00f3n de programas para la primera infancia, y cualquier cambio de pol\u00edtica necesario para apoyar a los ni\u00f1os m\u00e1s peque\u00f1os y las familias de la ciudad mueren por problemas inmediatos, incluida la pandemia, la injusticia racial, los ciclos de violencia y la inestabilidad econ\u00f3mica.<\/p>\n\n\n\n<p>Todas las reuniones se llevar\u00e1n a cabo de acuerdo con la Ley Brown.<\/p>\n\n\n\n<p>El grupo de trabajo presentar\u00e1 una actualizaci\u00f3n al Concejo Municipal a m\u00e1s tardar el 11 de junio y enviar\u00e1 un informe final al Concejo Municipal el 12 de septiembre o antes y al atardecer en ese momento.<\/p>\n","protected":false},"excerpt":{"rendered":"<p>El Concejo Municipal y el Distrito Escolar Unificado de Pasadena realizar\u00e1n su reuni\u00f3n conjunta anual esta semana. La reuni\u00f3n especial comenzar\u00e1 a las 4 p.m. y no se permitir\u00e1n comentarios sobre asuntos que no est\u00e9n en la agenda. La reuni\u00f3n comenzar\u00e1 con un punto destacado de los programas del PUSD y una presentaci\u00f3n sobre los programas de intervenci\u00f3n de seguridad comunitaria para j\u00f3venes locales. La junta escolar y el Concejo Municipal tambi\u00e9n recibir\u00e1n una presentaci\u00f3n sobre los acuerdos actuales de [&hellip;]<\/p>\n","protected":false},"author":4,"featured_media":14931,"comment_status":"open","ping_status":"closed","sticky":false,"template":"","format":"standard","meta":[],"categories":[6],"tags":[],"acf":[],"_links":{"self":[{"href":"http:\/\/www.pasadenahoy.com\/primero\/wp-json\/wp\/v2\/posts\/14929"}],"collection":[{"href":"http:\/\/www.pasadenahoy.com\/primero\/wp-json\/wp\/v2\/posts"}],"about":[{"href":"http:\/\/www.pasadenahoy.com\/primero\/wp-json\/wp\/v2\/types\/post"}],"author":[{"embeddable":true,"href":"http:\/\/www.pasadenahoy.com\/primero\/wp-json\/wp\/v2\/users\/4"}],"replies":[{"embeddable":true,"href":"http:\/\/www.pasadenahoy.com\/primero\/wp-json\/wp\/v2\/comments?post=14929"}],"version-history":[{"count":2,"href":"http:\/\/www.pasadenahoy.com\/primero\/wp-json\/wp\/v2\/posts\/14929\/revisions"}],"predecessor-version":[{"id":14933,"href":"http:\/\/www.pasadenahoy.com\/primero\/wp-json\/wp\/v2\/posts\/14929\/revisions\/14933"}],"wp:featuredmedia":[{"embeddable":true,"href":"http:\/\/www.pasadenahoy.com\/primero\/wp-json\/wp\/v2\/media\/14931"}],"wp:attachment":[{"href":"http:\/\/www.pasadenahoy.com\/primero\/wp-json\/wp\/v2\/media?parent=14929"}],"wp:term":[{"taxonomy":"category","embeddable":true,"href":"http:\/\/www.pasadenahoy.com\/primero\/wp-json\/wp\/v2\/categories?post=14929"},{"taxonomy":"post_tag","embeddable":true,"href":"http:\/\/www.pasadenahoy.com\/primero\/wp-json\/wp\/v2\/tags?post=14929"}],"curies":[{"name":"wp","href":"https:\/\/api.w.org\/{rel}","templated":true}]}}