{"id":14946,"date":"2022-03-07T15:25:15","date_gmt":"2022-03-07T15:25:15","guid":{"rendered":"http:\/\/www.pasadenahoy.com\/primero\/?p=14946"},"modified":"2022-03-07T15:25:16","modified_gmt":"2022-03-07T15:25:16","slug":"la-ciudad-continuara-pagando-el-costo-del-servicio-de-valet-en-westin-pasadena-segun-la-clausula-del-contrato-de-1987","status":"publish","type":"post","link":"http:\/\/www.pasadenahoy.com\/primero\/la-comunidad\/la-ciudad-continuara-pagando-el-costo-del-servicio-de-valet-en-westin-pasadena-segun-la-clausula-del-contrato-de-1987\/","title":{"rendered":"La ciudad continuar\u00e1 pagando el costo del servicio de valet en Westin Pasadena seg\u00fan la cl\u00e1usula del contrato de 1987"},"content":{"rendered":"\n<figure class=\"wp-block-image alignnone size-large\"><figure class=\"alignnone\"><img loading=\"lazy\" width=\"700\" height=\"378\" src=\"http:\/\/www.pasadenahoy.com\/primero\/wp-content\/uploads\/2022\/03\/pinc-5.png\" alt=\"\" class=\"wp-image-14947\" srcset=\"http:\/\/www.pasadenahoy.com\/primero\/wp-content\/uploads\/2022\/03\/pinc-5.png 700w, http:\/\/www.pasadenahoy.com\/primero\/wp-content\/uploads\/2022\/03\/pinc-5-300x162.png 300w, http:\/\/www.pasadenahoy.com\/primero\/wp-content\/uploads\/2022\/03\/pinc-5-241x130.png 241w, http:\/\/www.pasadenahoy.com\/primero\/wp-content\/uploads\/2022\/03\/pinc-5-333x180.png 333w, http:\/\/www.pasadenahoy.com\/primero\/wp-content\/uploads\/2022\/03\/pinc-5-360x194.png 360w\" sizes=\"100vw\" \/><\/figure><\/figure>\n\n\n\n<p>El Comit\u00e9 de Servicios Municipales se re\u00fane el martes 8 de marzo para discutir una propuesta del Departamento de Transporte para contratar a Parking Concepts, Inc. para la administraci\u00f3n y operaci\u00f3n de los servicios de valet parking de Plaza Las Fuentes para el hotel Westin Pasadena.<\/p>\n\n\n\n<p>Ubicado en 135 N Los Robles Ave., el estacionamiento Plaza Las Fuentes es un estacionamiento propiedad de la Ciudad que Downtown Properties ha estado administrando. El pasado mes de febrero, el Ayuntamiento asumi\u00f3 la gesti\u00f3n del garaje con el objetivo de ahorrar costes y agilizar la operativa.<\/p>\n\n\n\n<p>Pasadena est\u00e1 obligada por contrato a brindar servicios de valet a la Propiedad Plaza Las Fuentes a trav\u00e9s de un acuerdo que data del 30 de noviembre de 1987. Las operaciones de valet no estaban incluidas en el contrato anterior ya que Westin Hotel hab\u00eda dicho que estaban interesados \u200b\u200ben administrar directamente las operaciones de valet.<\/p>\n\n\n\n<p>El hotel en diciembre de 2021 finalmente decidi\u00f3 no asumir el control, por lo que la Ciudad se queda con esa responsabilidad.<\/p>\n\n\n\n<p>La Ciudad public\u00f3 una solicitud de propuestas en enero, especificando un t\u00e9rmino de contrato inicial de tres a\u00f1os con la opci\u00f3n de dos t\u00e9rminos adicionales de un a\u00f1o seg\u00fan el desempe\u00f1o y la disponibilidad de fondos de la Ciudad. El nuevo contrato deber\u00eda comenzar el 1 de abril de 2022.<\/p>\n\n\n\n<p>Parking Concepts, Inc. fue una de las cuatro empresas que presentaron sus propuestas. Tras un proceso de evaluaci\u00f3n por parte del Departamento de Transporte y el Departamento de Obras P\u00fablicas, Parking Concepts, una empresa con sede en Pasadena, obtuvo la calificaci\u00f3n m\u00e1s alta.<\/p>\n\n\n\n<p>Los t\u00e9rminos recomendados fijan el monto inicial del contrato de tres a\u00f1os en $2,336,214. El financiamiento para el a\u00f1o fiscal 2022 se abordar\u00e1 mediante el uso de asignaciones presupuestadas para los servicios de contrato de Plaza Las Fuentes. Los dos t\u00e9rminos adicionales de un a\u00f1o costar\u00e1n $778,738 para la Ciudad y se incorporar\u00e1n al proceso presupuestario anual.<\/p>\n\n\n\n<p>La cantidad anual incluye una contingencia del 10 por ciento, dijo el Departamento de Transporte.<\/p>\n\n\n\n<p>La reuni\u00f3n del Comit\u00e9 de Servicios Municipales comienza a las 4 p.m.<\/p>\n\n\n\n<p>Los miembros del p\u00fablico pueden acceder a la videoconferencia a trav\u00e9s de <a href=\"http:\/\/pasadena.granicus.com\/MediaPlayer.php?publish_id=9 y en www.pasadenamedia.org.\">http:\/\/pasadena.granicus.com\/MediaPlayer.php?publish_id=9 y en www.pasadenamedia.org.<\/a><\/p>\n","protected":false},"excerpt":{"rendered":"<p>El Comit\u00e9 de Servicios Municipales se re\u00fane el martes 8 de marzo para discutir una propuesta del Departamento de Transporte para contratar a Parking Concepts, Inc. para la administraci\u00f3n y operaci\u00f3n de los servicios de valet parking de Plaza Las Fuentes para el hotel Westin Pasadena. Ubicado en 135 N Los Robles Ave., el estacionamiento Plaza Las Fuentes es un estacionamiento propiedad de la Ciudad que Downtown Properties ha estado administrando. El pasado mes de febrero, el Ayuntamiento asumi\u00f3 la [&hellip;]<\/p>\n","protected":false},"author":4,"featured_media":0,"comment_status":"open","ping_status":"closed","sticky":false,"template":"","format":"standard","meta":[],"categories":[4],"tags":[],"acf":[],"_links":{"self":[{"href":"http:\/\/www.pasadenahoy.com\/primero\/wp-json\/wp\/v2\/posts\/14946"}],"collection":[{"href":"http:\/\/www.pasadenahoy.com\/primero\/wp-json\/wp\/v2\/posts"}],"about":[{"href":"http:\/\/www.pasadenahoy.com\/primero\/wp-json\/wp\/v2\/types\/post"}],"author":[{"embeddable":true,"href":"http:\/\/www.pasadenahoy.com\/primero\/wp-json\/wp\/v2\/users\/4"}],"replies":[{"embeddable":true,"href":"http:\/\/www.pasadenahoy.com\/primero\/wp-json\/wp\/v2\/comments?post=14946"}],"version-history":[{"count":2,"href":"http:\/\/www.pasadenahoy.com\/primero\/wp-json\/wp\/v2\/posts\/14946\/revisions"}],"predecessor-version":[{"id":14949,"href":"http:\/\/www.pasadenahoy.com\/primero\/wp-json\/wp\/v2\/posts\/14946\/revisions\/14949"}],"wp:attachment":[{"href":"http:\/\/www.pasadenahoy.com\/primero\/wp-json\/wp\/v2\/media?parent=14946"}],"wp:term":[{"taxonomy":"category","embeddable":true,"href":"http:\/\/www.pasadenahoy.com\/primero\/wp-json\/wp\/v2\/categories?post=14946"},{"taxonomy":"post_tag","embeddable":true,"href":"http:\/\/www.pasadenahoy.com\/primero\/wp-json\/wp\/v2\/tags?post=14946"}],"curies":[{"name":"wp","href":"https:\/\/api.w.org\/{rel}","templated":true}]}}