{"id":14950,"date":"2022-03-07T15:29:32","date_gmt":"2022-03-07T15:29:32","guid":{"rendered":"http:\/\/www.pasadenahoy.com\/primero\/?p=14950"},"modified":"2022-03-07T15:29:33","modified_gmt":"2022-03-07T15:29:33","slug":"kennedy-califica-para-las-elecciones-de-junio","status":"publish","type":"post","link":"http:\/\/www.pasadenahoy.com\/primero\/el-gobierno-local\/kennedy-califica-para-las-elecciones-de-junio\/","title":{"rendered":"Kennedy califica para las elecciones de junio"},"content":{"rendered":"\n<p>El concejal de la ciudad del Distrito 3, John Kennedy, se convirti\u00f3 la semana pasada en el segundo titular en calificar para las elecciones del 7 de junio, seg\u00fan el sitio web de la ciudad.<\/p>\n\n\n\n<p>Kennedy present\u00f3 las firmas requeridas y pag\u00f3 todas las tarifas el 4 de marzo seg\u00fan la oficina del Secretario Municipal.<\/p>\n\n\n\n<p>\u201cMe siento honrado y privilegiado de haber servido al Distrito 3 y a toda la ciudad en el Concejo Municipal de Pasadena estos \u00faltimos nueve a\u00f1os\u201d, dijo Kennedy a Pasadena Now. \u201cJuntos, logramos mucho. Pero queda mucho por hacer en D3 y m\u00e1s all\u00e1\u201d.<\/p>\n\n\n\n<p>\u201cReparamos y reemplazamos miles de pies de aceras inseguras o en mal estado, establecimos [la] Comisi\u00f3n de Supervisi\u00f3n Comunitaria de Pasadena del Departamento de Polic\u00eda de Pasadena, logramos una mayor transparencia en el departamento de polic\u00eda al introducir c\u00e1maras corporales, entregamos a la comunidad un primer -en su clase Robinson Park and Recreational Facility, obtuvo fondos para una nueva piscina y una casa de la piscina para Robinson Park \u2014 la construcci\u00f3n comenzar\u00e1 en el verano de 2022 \u2014 abog\u00f3 por la construcci\u00f3n de 1,000 unidades de viviendas asequibles en 1,000 d\u00edas, en camino, pidi\u00f3 la construcci\u00f3n de 3,000 nuevas unidades de viviendas asequibles, con el 15 % designado para nuestros vecinos de ingresos extremadamente bajos\u2026 un modelo para el estado de California y la naci\u00f3n, complet\u00f3 la construcci\u00f3n de 69 unidades de viviendas para personas mayores en Heritage Senior Apartments y est\u00e1n en camino de construir y 69 unidades adicionales de viviendas asequibles en la propiedad adyacente para personas mayores que antes no ten\u00edan hogar (esquina noreste de Orange Grove Blvd. y Fair Oak salvar.)&#8221;<\/p>\n\n\n\n<p>Kennedy dijo que queda trabajo por hacer, que incluye, entre otros, la contrataci\u00f3n de un nuevo administrador de la ciudad, la renovaci\u00f3n y la realizaci\u00f3n de un reacondicionamiento s\u00edsmico de la ic\u00f3nica Biblioteca Central, hacer que las calles sean m\u00e1s seguras para los peatones y ciclistas, crear fondos de innovaci\u00f3n comunitarios de un mill\u00f3n de d\u00f3lares que proporcionar\u00eda microsubvenciones o pr\u00e9stamos a organizaciones sin fines de lucro y peque\u00f1as empresas y repatriar\u00eda el trozo de la autopista 710 en California Boulevard y rectificar\u00eda los da\u00f1os causados \u200b\u200ba los residentes, en particular a las empresas minoritarias y a los propietarios de viviendas.<\/p>\n\n\n\n<p>El comisionado Brandon Lamar ha retirado los papeles para calificar para la elecci\u00f3n, pero hasta el momento no ha presentado la informaci\u00f3n necesaria para calificar.<\/p>\n\n\n\n<p>Los candidatos deben recolectar 25 firmas de votantes registrados que viven en el distrito donde se postulan y pagar $25 para calificar para la elecci\u00f3n.<\/p>\n\n\n\n<p>El Distrito 3, seg\u00fan el sitio web de la ciudad, es un \u00e1rea en el noroeste de Pasadena delimitada por la autopista 210, Colorado Boulevard, Lake Avenue, El Molino Avenue, Orange Grove Boulevard, Los Robles Avenue, Fair Oaks Avenue, Marengo Avenue, Mountain Street, Jackson Street, El Molino Avenue, Ladera Avenue y Washington Boulevard.<\/p>\n\n\n\n<p>Seg\u00fan los formularios de divulgaci\u00f3n de candidatos publicados en el sitio web de la ciudad, Kennedy ha recaudado $182,328.00 desde julio.<\/p>\n\n\n\n<p>Este a\u00f1o se realizar\u00e1n carreras en los distritos municipales 3, 5 y 7. Seg\u00fan el sitio web de la ciudad, el titular del Distrito 5, Jess Rivas, es el \u00fanico otro candidato que califica para las elecciones.<\/p>\n\n\n\n<p>Rivas se postula sin oposici\u00f3n en el Distrito 5.<\/p>\n\n\n\n<p>Tres candidatos, Jason Lyon, Ciran Hadjian y Allen Shay, han sacado papeles en el Distrito 7.<\/p>\n\n\n\n<p>Las elecciones primarias se llevar\u00e1n a cabo el 7 de junio. Si ning\u00fan candidato obtiene m\u00e1s del 50 % de los votos, los dos candidatos principales se enfrentar\u00e1n en una segunda vuelta electoral cinco meses despu\u00e9s, en noviembre.<\/p>\n\n\n\n<p>Esta es la segunda elecci\u00f3n local desde que la ciudad movi\u00f3 sus elecciones para que coincidieran con las elecciones estatales de conformidad con la Ley de Participaci\u00f3n de Votantes de California (California Voters Participation Act, CVPA). Las ciudades cumplieron con el llamado a mover las elecciones locales, que fue dise\u00f1ado para aumentar la participaci\u00f3n electoral. Como resultado del cambio, la ciudad ya no realiza sus propias elecciones.<\/p>\n","protected":false},"excerpt":{"rendered":"<p>El concejal de la ciudad del Distrito 3, John Kennedy, se convirti\u00f3 la semana pasada en el segundo titular en calificar para las elecciones del 7 de junio, seg\u00fan el sitio web de la ciudad. Kennedy present\u00f3 las firmas requeridas y pag\u00f3 todas las tarifas el 4 de marzo seg\u00fan la oficina del Secretario Municipal. \u201cMe siento honrado y privilegiado de haber servido al Distrito 3 y a toda la ciudad en el Concejo Municipal de Pasadena estos \u00faltimos nueve [&hellip;]<\/p>\n","protected":false},"author":4,"featured_media":0,"comment_status":"open","ping_status":"closed","sticky":false,"template":"","format":"standard","meta":[],"categories":[6],"tags":[],"acf":[],"_links":{"self":[{"href":"http:\/\/www.pasadenahoy.com\/primero\/wp-json\/wp\/v2\/posts\/14950"}],"collection":[{"href":"http:\/\/www.pasadenahoy.com\/primero\/wp-json\/wp\/v2\/posts"}],"about":[{"href":"http:\/\/www.pasadenahoy.com\/primero\/wp-json\/wp\/v2\/types\/post"}],"author":[{"embeddable":true,"href":"http:\/\/www.pasadenahoy.com\/primero\/wp-json\/wp\/v2\/users\/4"}],"replies":[{"embeddable":true,"href":"http:\/\/www.pasadenahoy.com\/primero\/wp-json\/wp\/v2\/comments?post=14950"}],"version-history":[{"count":2,"href":"http:\/\/www.pasadenahoy.com\/primero\/wp-json\/wp\/v2\/posts\/14950\/revisions"}],"predecessor-version":[{"id":14953,"href":"http:\/\/www.pasadenahoy.com\/primero\/wp-json\/wp\/v2\/posts\/14950\/revisions\/14953"}],"wp:attachment":[{"href":"http:\/\/www.pasadenahoy.com\/primero\/wp-json\/wp\/v2\/media?parent=14950"}],"wp:term":[{"taxonomy":"category","embeddable":true,"href":"http:\/\/www.pasadenahoy.com\/primero\/wp-json\/wp\/v2\/categories?post=14950"},{"taxonomy":"post_tag","embeddable":true,"href":"http:\/\/www.pasadenahoy.com\/primero\/wp-json\/wp\/v2\/tags?post=14950"}],"curies":[{"name":"wp","href":"https:\/\/api.w.org\/{rel}","templated":true}]}}