{"id":14954,"date":"2022-03-07T15:32:53","date_gmt":"2022-03-07T15:32:53","guid":{"rendered":"http:\/\/www.pasadenahoy.com\/primero\/?p=14954"},"modified":"2022-03-07T15:32:54","modified_gmt":"2022-03-07T15:32:54","slug":"la-construccion-comienza-el-lunes-en-la-mejora-de-la-seguridad-de-los-peatones-en-colorado-boulevard-y-fair-oaks-avenue","status":"publish","type":"post","link":"http:\/\/www.pasadenahoy.com\/primero\/la-comunidad\/la-construccion-comienza-el-lunes-en-la-mejora-de-la-seguridad-de-los-peatones-en-colorado-boulevard-y-fair-oaks-avenue\/","title":{"rendered":"La construcci\u00f3n comienza el lunes en la mejora de la seguridad de los peatones en Colorado Boulevard y Fair Oaks Avenue"},"content":{"rendered":"\n<figure class=\"wp-block-image alignnone size-large\"><figure class=\"alignnone\"><img loading=\"lazy\" width=\"700\" height=\"378\" src=\"http:\/\/www.pasadenahoy.com\/primero\/wp-content\/uploads\/2022\/03\/pic-7.png\" alt=\"\" class=\"wp-image-14955\" srcset=\"http:\/\/www.pasadenahoy.com\/primero\/wp-content\/uploads\/2022\/03\/pic-7.png 700w, http:\/\/www.pasadenahoy.com\/primero\/wp-content\/uploads\/2022\/03\/pic-7-300x162.png 300w, http:\/\/www.pasadenahoy.com\/primero\/wp-content\/uploads\/2022\/03\/pic-7-241x130.png 241w, http:\/\/www.pasadenahoy.com\/primero\/wp-content\/uploads\/2022\/03\/pic-7-333x180.png 333w, http:\/\/www.pasadenahoy.com\/primero\/wp-content\/uploads\/2022\/03\/pic-7-360x194.png 360w\" sizes=\"100vw\" \/><\/figure><\/figure>\n\n\n\n<p>Construcci\u00f3n de extensiones de acera en las cuatro esquinas de Colorado Boulevard. y la intersecci\u00f3n de Fair Oaks Avenue en Pasadena se espera que comience el lunes 7 de marzo, dijo el Departamento de Obras P\u00fablicas en un aviso de construcci\u00f3n para el p\u00fablico.<\/p>\n\n\n\n<p>El aviso dec\u00eda que los negocios ubicados en la intersecci\u00f3n permanecer\u00e1n abiertos durante el per\u00edodo de construcci\u00f3n, que se espera dure hasta el 27 de mayo.<\/p>\n\n\n\n<p>El contratista, Calpromax Engineering, instalar\u00e1 rieles K, cercas de construcci\u00f3n, dispositivos de control de tr\u00e1fico y letreros de &#8220;negocio abierto&#8221; para guiar el tr\u00e1fico de veh\u00edculos y peatones, incluido el cruce de peatones y las tiendas, en el \u00e1rea de trabajo afectada y sus alrededores.<\/p>\n\n\n\n<p>El trabajo es parte del programa de Mejora de la Seguridad de los Peatones en Pasadena, un proyecto del Programa de Mejoras de Capital (CIP) que consiste en la construcci\u00f3n de extensiones de acera en las intersecciones, junto con trabajos de concreto miscel\u00e1neos asociados, como la ampliaci\u00f3n de la acera, modificaciones de se\u00f1ales, superposici\u00f3n de pavimento asf\u00e1ltico, ajustes de servicios p\u00fablicos y trazado de l\u00edneas, e instalaci\u00f3n de nuevos cruces peatonales con hormig\u00f3n asf\u00e1ltico estampado.<\/p>\n\n\n\n<p>El aviso dec\u00eda que las mejoras propuestas se llevar\u00e1n a cabo en una esquina de la intersecci\u00f3n a la vez, comenzando con el trabajo de extensi\u00f3n de la acera en la esquina noreste el lunes. Una vez que ese lado de la esquina est\u00e9 completo, el contratista se trasladar\u00e1 a la esquina sureste.<\/p>\n\n\n\n<p>Una vez que se completen esas dos esquinas, el contratista se movilizar\u00e1 hacia la esquina suroeste, frente a Cheesecake Factory, y luego completar\u00e1 el trabajo de extensi\u00f3n de la acera en el lado noroeste.<\/p>\n\n\n\n<p>\u201cLa entrada y salida comercial se proporcionar\u00e1 durante el curso de la construcci\u00f3n. Los compradores tendr\u00e1n al menos un camino de cuatro pies de ancho para viajar a las tiendas de su elecci\u00f3n\u201d, dec\u00eda el aviso. \u201cPedimos disculpas por cualquier ruido de construcci\u00f3n durante las horas de construcci\u00f3n y apreciamos su comprensi\u00f3n y paciencia por cualquier inconveniente que la construcci\u00f3n pueda haber causado\u201d.<\/p>\n\n\n\n<p>El horario de construcci\u00f3n es de 00:00 a 08:00 horas de lunes a viernes, excepto los trabajos de demolici\u00f3n -retirada de paneles de acera y hormig\u00f3n asf\u00e1ltico- que ser\u00e1 de 06:00 a 11:00 horas.<\/p>\n\n\n\n<p>Se recomienda a los miembros del p\u00fablico que tengan preguntas o inquietudes sobre el proyecto o el trabajo de construcci\u00f3n que se comuniquen con James Tong, Gerente de Proyectos de la Ciudad, al (626) 744-3971, entre las 7:30 a. m. y las 5:30 p. m. De lunes a viernes.<\/p>\n\n\n\n<p>En caso de una emergencia fuera del horario de atenci\u00f3n, llame a Servicios de Emergencia al (626) 744-4241 o a Buu Luu, Gerente de Construcci\u00f3n de la Ciudad, al (626) 348-9944, o a Ed Gonzalez, Inspector de Proyectos de la Ciudad, al (818) 297-9972 .<\/p>\n","protected":false},"excerpt":{"rendered":"<p>Construcci\u00f3n de extensiones de acera en las cuatro esquinas de Colorado Boulevard. y la intersecci\u00f3n de Fair Oaks Avenue en Pasadena se espera que comience el lunes 7 de marzo, dijo el Departamento de Obras P\u00fablicas en un aviso de construcci\u00f3n para el p\u00fablico. El aviso dec\u00eda que los negocios ubicados en la intersecci\u00f3n permanecer\u00e1n abiertos durante el per\u00edodo de construcci\u00f3n, que se espera dure hasta el 27 de mayo. El contratista, Calpromax Engineering, instalar\u00e1 rieles K, cercas de construcci\u00f3n, [&hellip;]<\/p>\n","protected":false},"author":4,"featured_media":0,"comment_status":"open","ping_status":"closed","sticky":false,"template":"","format":"standard","meta":[],"categories":[4],"tags":[],"acf":[],"_links":{"self":[{"href":"http:\/\/www.pasadenahoy.com\/primero\/wp-json\/wp\/v2\/posts\/14954"}],"collection":[{"href":"http:\/\/www.pasadenahoy.com\/primero\/wp-json\/wp\/v2\/posts"}],"about":[{"href":"http:\/\/www.pasadenahoy.com\/primero\/wp-json\/wp\/v2\/types\/post"}],"author":[{"embeddable":true,"href":"http:\/\/www.pasadenahoy.com\/primero\/wp-json\/wp\/v2\/users\/4"}],"replies":[{"embeddable":true,"href":"http:\/\/www.pasadenahoy.com\/primero\/wp-json\/wp\/v2\/comments?post=14954"}],"version-history":[{"count":2,"href":"http:\/\/www.pasadenahoy.com\/primero\/wp-json\/wp\/v2\/posts\/14954\/revisions"}],"predecessor-version":[{"id":14957,"href":"http:\/\/www.pasadenahoy.com\/primero\/wp-json\/wp\/v2\/posts\/14954\/revisions\/14957"}],"wp:attachment":[{"href":"http:\/\/www.pasadenahoy.com\/primero\/wp-json\/wp\/v2\/media?parent=14954"}],"wp:term":[{"taxonomy":"category","embeddable":true,"href":"http:\/\/www.pasadenahoy.com\/primero\/wp-json\/wp\/v2\/categories?post=14954"},{"taxonomy":"post_tag","embeddable":true,"href":"http:\/\/www.pasadenahoy.com\/primero\/wp-json\/wp\/v2\/tags?post=14954"}],"curies":[{"name":"wp","href":"https:\/\/api.w.org\/{rel}","templated":true}]}}