{"id":14958,"date":"2022-03-07T15:36:10","date_gmt":"2022-03-07T15:36:10","guid":{"rendered":"http:\/\/www.pasadenahoy.com\/primero\/?p=14958"},"modified":"2022-03-07T15:36:11","modified_gmt":"2022-03-07T15:36:11","slug":"bullpen-del-lunes-por-la-manana-reunion-conjunta-del-pusd-y-el-concejo-municipal-y-tarifas-de-agua","status":"publish","type":"post","link":"http:\/\/www.pasadenahoy.com\/primero\/la-comunidad\/bullpen-del-lunes-por-la-manana-reunion-conjunta-del-pusd-y-el-concejo-municipal-y-tarifas-de-agua\/","title":{"rendered":"Bullpen del lunes por la ma\u00f1ana: reuni\u00f3n conjunta del PUSD y el Concejo Municipal y tarifas de agua"},"content":{"rendered":"\n<figure class=\"wp-block-image alignnone size-large\"><figure class=\"alignnone\"><img loading=\"lazy\" width=\"700\" height=\"378\" src=\"http:\/\/www.pasadenahoy.com\/primero\/wp-content\/uploads\/2022\/03\/pic-8.jpg\" alt=\"\" class=\"wp-image-14959\" srcset=\"http:\/\/www.pasadenahoy.com\/primero\/wp-content\/uploads\/2022\/03\/pic-8.jpg 700w, http:\/\/www.pasadenahoy.com\/primero\/wp-content\/uploads\/2022\/03\/pic-8-300x162.jpg 300w, http:\/\/www.pasadenahoy.com\/primero\/wp-content\/uploads\/2022\/03\/pic-8-241x130.jpg 241w, http:\/\/www.pasadenahoy.com\/primero\/wp-content\/uploads\/2022\/03\/pic-8-333x180.jpg 333w, http:\/\/www.pasadenahoy.com\/primero\/wp-content\/uploads\/2022\/03\/pic-8-360x194.jpg 360w\" sizes=\"100vw\" \/><\/figure><\/figure>\n\n\n\n<p>No sucede mucho esta semana, pero eso no significa que no haya cosas para revisar.<\/p>\n\n\n\n<p>El PUSD y el Concejo Municipal realizar\u00e1n su reuni\u00f3n conjunta anual el lunes.<\/p>\n\n\n\n<p>Las dos partes ver\u00e1n presentaciones sobre programas y acuerdos.<\/p>\n\n\n\n<p>S\u00ed, es una reuni\u00f3n especial. Por supuesto, eso significa que no habr\u00e1 comentarios sobre asuntos que no est\u00e9n en la agenda.<\/p>\n\n\n\n<p>El art\u00edculo que probablemente m\u00e1s me interese es la presentaci\u00f3n sobre el reci\u00e9n formado grupo de trabajo sobre Desarrollo Infantil Temprano y Aprendizaje Temprano.<\/p>\n\n\n\n<p>El grupo de trabajo est\u00e1 compuesto por 14 miembros que representan una amplia muestra representativa de la comunidad de expertos, profesionales y defensores de la primera infancia y el aprendizaje temprano; liderazgo y personal de primera infancia del Distrito Escolar Unificado de Pasadena (PUSD); padres de ni\u00f1os peque\u00f1os del PUSD; profesionales del cuidado infantil: expertos en ciencias del cerebro y l\u00edderes de la fuerza laboral, la salud p\u00fablica y la atenci\u00f3n materna.<\/p>\n\n\n\n<p>El grupo de trabajo informar\u00eda al concejo sobre el estado actual de implementaci\u00f3n de la pol\u00edtica, la alineaci\u00f3n de la pol\u00edtica con la ciencia m\u00e1s reciente con respecto a las mejores pr\u00e1cticas para implementar programas para la primera infancia y cualquier cambio de pol\u00edtica necesario para apoyar a los ni\u00f1os m\u00e1s peque\u00f1os y las familias de la ciudad que mueren para problemas inmediatos, incluida la pandemia, la injusticia racial, los ciclos de violencia y la inestabilidad econ\u00f3mica.<\/p>\n\n\n\n<p>Eso es trabajo necesario.<\/p>\n\n\n\n<p>No quiero maldecirlo, pero no veo una reuni\u00f3n larga aqu\u00ed.<\/p>\n\n\n\n<p>Oye, como un tipo que ha cubierto el consejo durante la mayor parte de los 20 a\u00f1os, aprecia las reuniones cortas cuando suceden. Son pocos y distantes entre s\u00ed.<\/p>\n\n\n\n<p>En lo que respecta al resto de la semana, no se duerma en la reuni\u00f3n de divulgaci\u00f3n p\u00fablica sobre los aumentos en las tarifas de agua de PWP.<\/p>\n\n\n\n<p>A la espera de la aprobaci\u00f3n del Concejo Municipal, el ajuste inicial aumentar\u00e1 la tarifa promedio del sistema en un 7,1 % el 1 de abril. Un segundo ajuste para aumentar la tarifa promedio del sistema en un 7,2 % entrar\u00eda en vigencia el 1 de enero.<\/p>\n\n\n\n<p>Seg\u00fan un comunicado de la ciudad, el aumento ayudar\u00e1 a cubrir los crecientes costos de compra y tratamiento del agua y proporcionar\u00e1 fondos para mejoras cr\u00edticas en los embalses, las instalaciones de tratamiento y otra infraestructura de agua.<\/p>\n\n\n\n<p>La reuni\u00f3n se lleva a cabo a las 2 p.m. el 9 de marzo en el Robinson Park Recreation Center, 1081 N. Fair Oaks Ave.<\/p>\n\n\n\n<p>Hasta la fecha, no he visto un enlace de zoom sobre esto, lo que significa que debe presentarse en persona.<\/p>\n\n\n\n<p>Todo se reduce a esto, sus tarifas podr\u00edan aumentar. El Ayuntamiento tiene previsto celebrar una audiencia p\u00fablica el 14 de marzo.<\/p>\n\n\n\n<p>Vale la pena echarle un vistazo en persona para que puedas obtener respuestas a tus preguntas.<\/p>\n","protected":false},"excerpt":{"rendered":"<p>No sucede mucho esta semana, pero eso no significa que no haya cosas para revisar. El PUSD y el Concejo Municipal realizar\u00e1n su reuni\u00f3n conjunta anual el lunes. Las dos partes ver\u00e1n presentaciones sobre programas y acuerdos. S\u00ed, es una reuni\u00f3n especial. Por supuesto, eso significa que no habr\u00e1 comentarios sobre asuntos que no est\u00e9n en la agenda. El art\u00edculo que probablemente m\u00e1s me interese es la presentaci\u00f3n sobre el reci\u00e9n formado grupo de trabajo sobre Desarrollo Infantil Temprano y [&hellip;]<\/p>\n","protected":false},"author":4,"featured_media":0,"comment_status":"open","ping_status":"closed","sticky":false,"template":"","format":"standard","meta":[],"categories":[4],"tags":[],"acf":[],"_links":{"self":[{"href":"http:\/\/www.pasadenahoy.com\/primero\/wp-json\/wp\/v2\/posts\/14958"}],"collection":[{"href":"http:\/\/www.pasadenahoy.com\/primero\/wp-json\/wp\/v2\/posts"}],"about":[{"href":"http:\/\/www.pasadenahoy.com\/primero\/wp-json\/wp\/v2\/types\/post"}],"author":[{"embeddable":true,"href":"http:\/\/www.pasadenahoy.com\/primero\/wp-json\/wp\/v2\/users\/4"}],"replies":[{"embeddable":true,"href":"http:\/\/www.pasadenahoy.com\/primero\/wp-json\/wp\/v2\/comments?post=14958"}],"version-history":[{"count":2,"href":"http:\/\/www.pasadenahoy.com\/primero\/wp-json\/wp\/v2\/posts\/14958\/revisions"}],"predecessor-version":[{"id":14961,"href":"http:\/\/www.pasadenahoy.com\/primero\/wp-json\/wp\/v2\/posts\/14958\/revisions\/14961"}],"wp:attachment":[{"href":"http:\/\/www.pasadenahoy.com\/primero\/wp-json\/wp\/v2\/media?parent=14958"}],"wp:term":[{"taxonomy":"category","embeddable":true,"href":"http:\/\/www.pasadenahoy.com\/primero\/wp-json\/wp\/v2\/categories?post=14958"},{"taxonomy":"post_tag","embeddable":true,"href":"http:\/\/www.pasadenahoy.com\/primero\/wp-json\/wp\/v2\/tags?post=14958"}],"curies":[{"name":"wp","href":"https:\/\/api.w.org\/{rel}","templated":true}]}}