{"id":14962,"date":"2022-03-07T15:40:21","date_gmt":"2022-03-07T15:40:21","guid":{"rendered":"http:\/\/www.pasadenahoy.com\/primero\/?p=14962"},"modified":"2022-03-07T15:40:23","modified_gmt":"2022-03-07T15:40:23","slug":"pwp-organizara-una-reunion-de-divulgacion-publica-para-los-ajustes-de-las-tarifas-de-agua-el-9-de-marzo-audiencia-publica-programada-para-el-14-de-marzo","status":"publish","type":"post","link":"http:\/\/www.pasadenahoy.com\/primero\/la-comunidad\/pwp-organizara-una-reunion-de-divulgacion-publica-para-los-ajustes-de-las-tarifas-de-agua-el-9-de-marzo-audiencia-publica-programada-para-el-14-de-marzo\/","title":{"rendered":"PWP organizar\u00e1 una reuni\u00f3n de divulgaci\u00f3n p\u00fablica para los ajustes de las tarifas de agua el 9 de marzo; Audiencia p\u00fablica programada para el 14 de marzo"},"content":{"rendered":"\n<figure class=\"wp-block-image alignnone size-large\"><figure class=\"alignnone\"><img loading=\"lazy\" width=\"700\" height=\"378\" src=\"http:\/\/www.pasadenahoy.com\/primero\/wp-content\/uploads\/2022\/03\/pic-9.png\" alt=\"\" class=\"wp-image-14963\" srcset=\"http:\/\/www.pasadenahoy.com\/primero\/wp-content\/uploads\/2022\/03\/pic-9.png 700w, http:\/\/www.pasadenahoy.com\/primero\/wp-content\/uploads\/2022\/03\/pic-9-300x162.png 300w, http:\/\/www.pasadenahoy.com\/primero\/wp-content\/uploads\/2022\/03\/pic-9-241x130.png 241w, http:\/\/www.pasadenahoy.com\/primero\/wp-content\/uploads\/2022\/03\/pic-9-333x180.png 333w, http:\/\/www.pasadenahoy.com\/primero\/wp-content\/uploads\/2022\/03\/pic-9-360x194.png 360w\" sizes=\"100vw\" \/><\/figure><\/figure>\n\n\n\n<p>Como parte de su continua campa\u00f1a de divulgaci\u00f3n p\u00fablica, Pasadena Water and Power (PWP) organizar\u00e1 la tercera y \u00faltima reuni\u00f3n de divulgaci\u00f3n comunitaria sobre las tarifas de agua antes de la audiencia p\u00fablica programada.<\/p>\n\n\n\n<p>La reuni\u00f3n de alcance comunitario, que se llevar\u00e1 a cabo en persona, est\u00e1 programada para las 2 p.m. Mi\u00e9rcoles 9 de marzo en Robinson Park Recreation Center, 1081 N. Fair Oaks Ave.<\/p>\n\n\n\n<p>Los miembros del p\u00fablico tendr\u00e1n la oportunidad de hacer preguntas y obtener m\u00e1s informaci\u00f3n sobre los ajustes de tarifa de agua recomendados.<\/p>\n\n\n\n<p>PWP recomienda los ajustes de la tarifa del agua en un esfuerzo por continuar con un servicio excelente. Los aumentos propuestos ayudar\u00e1n a cubrir los crecientes costos de compra y tratamiento del agua, y proporcionar\u00e1n fondos para mejoras cr\u00edticas en los embalses, las instalaciones de tratamiento y otras infraestructuras de agua. A la espera de la aprobaci\u00f3n del Concejo Municipal, el ajuste inicial aumentar\u00e1 la tarifa promedio del sistema en un 7,1 % el 1 de abril. Un segundo ajuste para aumentar la tarifa promedio del sistema en un 7,2 % entrar\u00eda en vigencia el 1 de enero.<\/p>\n\n\n\n<p>La reuni\u00f3n est\u00e1 programada para realizarse pocos d\u00edas antes de que el Concejo Municipal de Pasadena celebre una audiencia p\u00fablica el lunes 14 de marzo a las 5 p.m. a trav\u00e9s de video\/teleconferencia para considerar la adopci\u00f3n de los ajustes de tarifas de agua recomendados a las estructuras de tarifas existentes, y un cambio en la definici\u00f3n del cargo por mejoras de capital.<\/p>\n\n\n\n<p>Se alienta al p\u00fablico a participar a trav\u00e9s de video\/teleconferencia y enviar comentarios p\u00fablicos.<\/p>\n\n\n\n<p>Si bien los impactos en las facturas de los clientes individuales variar\u00e1n seg\u00fan el tama\u00f1o del medidor de agua y la cantidad de agua utilizada, las estimaciones de costos proyectadas muestran que la mayor\u00eda de los clientes residenciales probablemente ver\u00e1n un aumento de aproximadamente $3 en su factura mensual a partir del 1 de abril y un aumento mensual adicional de $4 el 1 de enero. 1. Con base en un modelo similar, PWP estima que es probable que los clientes comerciales experimenten un aumento de $19 y $20, respectivamente.<\/p>\n\n\n\n<p>Una grabaci\u00f3n de una reuni\u00f3n virtual de divulgaci\u00f3n p\u00fablica anterior est\u00e1 <a href=\"https:\/\/streaklinks.com\/A9eqP8g8PBlkZ_f3gw2y3Neg\/https%3A%2F%2Fwww.youtube.com%2Fwatch%3Fv%3DEQJXYDr4Dng\">disponible en l\u00ednea.<\/a><\/p>\n","protected":false},"excerpt":{"rendered":"<p>Como parte de su continua campa\u00f1a de divulgaci\u00f3n p\u00fablica, Pasadena Water and Power (PWP) organizar\u00e1 la tercera y \u00faltima reuni\u00f3n de divulgaci\u00f3n comunitaria sobre las tarifas de agua antes de la audiencia p\u00fablica programada. La reuni\u00f3n de alcance comunitario, que se llevar\u00e1 a cabo en persona, est\u00e1 programada para las 2 p.m. Mi\u00e9rcoles 9 de marzo en Robinson Park Recreation Center, 1081 N. Fair Oaks Ave. Los miembros del p\u00fablico tendr\u00e1n la oportunidad de hacer preguntas y obtener m\u00e1s informaci\u00f3n [&hellip;]<\/p>\n","protected":false},"author":4,"featured_media":0,"comment_status":"open","ping_status":"closed","sticky":false,"template":"","format":"standard","meta":[],"categories":[4],"tags":[],"acf":[],"_links":{"self":[{"href":"http:\/\/www.pasadenahoy.com\/primero\/wp-json\/wp\/v2\/posts\/14962"}],"collection":[{"href":"http:\/\/www.pasadenahoy.com\/primero\/wp-json\/wp\/v2\/posts"}],"about":[{"href":"http:\/\/www.pasadenahoy.com\/primero\/wp-json\/wp\/v2\/types\/post"}],"author":[{"embeddable":true,"href":"http:\/\/www.pasadenahoy.com\/primero\/wp-json\/wp\/v2\/users\/4"}],"replies":[{"embeddable":true,"href":"http:\/\/www.pasadenahoy.com\/primero\/wp-json\/wp\/v2\/comments?post=14962"}],"version-history":[{"count":2,"href":"http:\/\/www.pasadenahoy.com\/primero\/wp-json\/wp\/v2\/posts\/14962\/revisions"}],"predecessor-version":[{"id":14965,"href":"http:\/\/www.pasadenahoy.com\/primero\/wp-json\/wp\/v2\/posts\/14962\/revisions\/14965"}],"wp:attachment":[{"href":"http:\/\/www.pasadenahoy.com\/primero\/wp-json\/wp\/v2\/media?parent=14962"}],"wp:term":[{"taxonomy":"category","embeddable":true,"href":"http:\/\/www.pasadenahoy.com\/primero\/wp-json\/wp\/v2\/categories?post=14962"},{"taxonomy":"post_tag","embeddable":true,"href":"http:\/\/www.pasadenahoy.com\/primero\/wp-json\/wp\/v2\/tags?post=14962"}],"curies":[{"name":"wp","href":"https:\/\/api.w.org\/{rel}","templated":true}]}}