{"id":14966,"date":"2022-03-07T15:43:53","date_gmt":"2022-03-07T15:43:53","guid":{"rendered":"http:\/\/www.pasadenahoy.com\/primero\/?p=14966"},"modified":"2022-03-07T15:43:55","modified_gmt":"2022-03-07T15:43:55","slug":"cuatro-casos-de-asesinato-en-pasadena-regresan-a-la-corte-esta-semana","status":"publish","type":"post","link":"http:\/\/www.pasadenahoy.com\/primero\/la-comunidad\/cuatro-casos-de-asesinato-en-pasadena-regresan-a-la-corte-esta-semana\/","title":{"rendered":"Cuatro casos de asesinato en Pasadena regresan a la corte esta semana"},"content":{"rendered":"\n<figure class=\"wp-block-image alignnone size-large\"><figure class=\"alignnone\"><img loading=\"lazy\" width=\"700\" height=\"378\" src=\"http:\/\/www.pasadenahoy.com\/primero\/wp-content\/uploads\/2022\/03\/pic-10.jpg\" alt=\"\" class=\"wp-image-14967\" srcset=\"http:\/\/www.pasadenahoy.com\/primero\/wp-content\/uploads\/2022\/03\/pic-10.jpg 700w, http:\/\/www.pasadenahoy.com\/primero\/wp-content\/uploads\/2022\/03\/pic-10-300x162.jpg 300w, http:\/\/www.pasadenahoy.com\/primero\/wp-content\/uploads\/2022\/03\/pic-10-241x130.jpg 241w, http:\/\/www.pasadenahoy.com\/primero\/wp-content\/uploads\/2022\/03\/pic-10-333x180.jpg 333w, http:\/\/www.pasadenahoy.com\/primero\/wp-content\/uploads\/2022\/03\/pic-10-360x194.jpg 360w\" sizes=\"100vw\" \/><\/figure><\/figure>\n\n\n\n<p>Esta semana, cuatro casos judiciales de alto perfil de Pasadena avanzar\u00e1n en el Palacio de Justicia de Pasadena del Tribunal Superior de Los \u00c1ngeles. Aqu\u00ed hay un perfil de cada uno de estos casos.<\/p>\n\n\n\n<p>Lunes, 7 de marzo, 8:30 a. m., Audiencia preliminar para Evan Roland Bynum y Dante Dejuan Ward<\/p>\n\n\n\n<p>Evan Roland Bynum, de 27 a\u00f1os, de Los \u00c1ngeles, y Dante Dejuan Ward, de 34, de Irvine, est\u00e1n acusados \u200b\u200bde un tiroteo frente a un restaurante de tacos en Pasadena el 13 de marzo que dej\u00f3 un hombre muerto y una mujer herida.<\/p>\n\n\n\n<p>El tiroteo tuvo lugar poco antes de las 9 p.m. en un estacionamiento afuera de un centro comercial en la esquina noreste de Foothill Boulevard y Altadena Drive, seg\u00fan los oficiales de polic\u00eda de Pasadena.<\/p>\n\n\n\n<p>Las v\u00edctimas estaban sentadas en un autom\u00f3vil estacionado cuando les dispararon.<\/p>\n\n\n\n<p>Bernardo Cortez Velasco, de 23 a\u00f1os, de Azusa, fue llevado a un hospital pero muri\u00f3 a la ma\u00f1ana siguiente. Una mujer Duarte de 19 a\u00f1os que viajaba en el autom\u00f3vil fue golpeada por vidrios voladores, pero no sufri\u00f3 heridas graves.<\/p>\n\n\n\n<p>La audiencia ser\u00e1 en el Departamento H del Palacio de Justicia de Pasadena.<\/p>\n\n\n\n<p>Lunes, 7 de marzo, 8:30 a. m. Audiencia previa al juicio de Alex Evans<\/p>\n\n\n\n<p>Alex Edward Evans, de 33 a\u00f1os, de Pasadena, est\u00e1 acusado de apu\u00f1alar fatalmente a su madre de 67 a\u00f1os en Pasadena el 24 de septiembre de 2018. Enfrenta un cargo de asesinato con una acusaci\u00f3n de usar un cuchillo como arma mortal y peligrosa.<\/p>\n\n\n\n<p>Un comunicado de la polic\u00eda de Pasadena dijo que los oficiales ese d\u00eda recibieron una llamada \u201cde un hombre que dec\u00eda que hab\u00eda matado a su madre\u201d. Cuando llegaron a la escena, los oficiales encontraron a la v\u00edctima, Katrina Evans, tendida inm\u00f3vil dentro de su casa. M\u00e1s tarde muri\u00f3 a causa de m\u00faltiples pu\u00f1aladas.<\/p>\n\n\n\n<p>Evans enfrenta de 26 a\u00f1os a cadena perpetua en una prisi\u00f3n estatal si es declarado culpable de los cargos. La fianza est\u00e1 programada en m\u00e1s de $ 2 millones.<\/p>\n\n\n\n<p>La audiencia ser\u00e1 en el Departamento C del Palacio de Justicia de Pasadena.<\/p>\n\n\n\n<p>Jueves 10 de marzo, 8:30 a.m. Lectura de cargos para Alexis Ibarra<\/p>\n\n\n\n<p>Alexis Ibarra, de 24 a\u00f1os, de Pasadena, enfrenta cargos de asesinato e intento de asesinato en relaci\u00f3n con la muerte a tiros de un ni\u00f1o de 14 a\u00f1os de Pasadena en la tarde del 18 de enero, cerca de la intersecci\u00f3n de Los Robles Ave. y Eldora Road en Pasadena.<\/p>\n\n\n\n<p>El ni\u00f1o sufri\u00f3 una herida en la cabeza por el tiroteo y muri\u00f3 en un hospital local.<\/p>\n\n\n\n<p>La polic\u00eda dijo que el ni\u00f1o estaba en el asiento del pasajero de un autom\u00f3vil conducido por un residente de West Covina de 24 a\u00f1os cuando ocurri\u00f3 el tiroteo. El conductor no result\u00f3 herido y pudo alejarse de la escena y pidi\u00f3 ayuda para la v\u00edctima al personal del Departamento de Bomberos de Pasadena que estaba en el \u00e1rea en una llamada no relacionada.<\/p>\n\n\n\n<p>Ibarra se encuentra actualmente bajo custodia con una fianza fijada en $4.045 millones.<\/p>\n\n\n\n<p>La audiencia se llevar\u00e1 a cabo en el Departamento D del Palacio de Justicia de Pasadena.<\/p>\n\n\n\n<p>Jueves, 10 de marzo, 8:30 a. m. Fijaci\u00f3n de fecha de audiencia preliminar para Christopher Paul Hall<\/p>\n\n\n\n<p>Christopher Paul Hall, de 21 a\u00f1os, enfrenta dos cargos de asesinato y un cargo de intento de asesinato en relaci\u00f3n con las muertes a tiros de Christino Medellin Avila, de 51 a\u00f1os, y Aaron Perez Flores, de 40, el 1 de diciembre de 2020, en el \u00e1rea de Villa Parke. en Pasadena. \u00c1vila muri\u00f3 en el lugar. Flores fue trasladado de urgencia al hospital donde muri\u00f3 poco tiempo despu\u00e9s. Otro hombre que estaba con ellos result\u00f3 herido durante el incidente pero sobrevivi\u00f3.<\/p>\n\n\n\n<p>Hall se declar\u00f3 inocente de los cargos en septiembre de 2021.<\/p>\n\n\n\n<p>La polic\u00eda dijo que las tres v\u00edctimas estaban sentadas en un banco del parque cuando comenz\u00f3 el tiroteo. Hall fue arrestado en mayo de 2021 con la ayuda de la Fuerza de Tarea Regional contra Fugitivos del Pac\u00edfico Sudoeste del U.S. Marshal. Est\u00e1 bajo custodia con una fianza fijada en 5,16 millones de d\u00f3lares.<\/p>\n\n\n\n<p>La audiencia ser\u00e1 en el Departamento H del Palacio de Justicia de Pasadena.<\/p>\n","protected":false},"excerpt":{"rendered":"<p>Esta semana, cuatro casos judiciales de alto perfil de Pasadena avanzar\u00e1n en el Palacio de Justicia de Pasadena del Tribunal Superior de Los \u00c1ngeles. Aqu\u00ed hay un perfil de cada uno de estos casos. Lunes, 7 de marzo, 8:30 a. m., Audiencia preliminar para Evan Roland Bynum y Dante Dejuan Ward Evan Roland Bynum, de 27 a\u00f1os, de Los \u00c1ngeles, y Dante Dejuan Ward, de 34, de Irvine, est\u00e1n acusados \u200b\u200bde un tiroteo frente a un restaurante de tacos en [&hellip;]<\/p>\n","protected":false},"author":4,"featured_media":0,"comment_status":"open","ping_status":"closed","sticky":false,"template":"","format":"standard","meta":[],"categories":[4],"tags":[],"acf":[],"_links":{"self":[{"href":"http:\/\/www.pasadenahoy.com\/primero\/wp-json\/wp\/v2\/posts\/14966"}],"collection":[{"href":"http:\/\/www.pasadenahoy.com\/primero\/wp-json\/wp\/v2\/posts"}],"about":[{"href":"http:\/\/www.pasadenahoy.com\/primero\/wp-json\/wp\/v2\/types\/post"}],"author":[{"embeddable":true,"href":"http:\/\/www.pasadenahoy.com\/primero\/wp-json\/wp\/v2\/users\/4"}],"replies":[{"embeddable":true,"href":"http:\/\/www.pasadenahoy.com\/primero\/wp-json\/wp\/v2\/comments?post=14966"}],"version-history":[{"count":2,"href":"http:\/\/www.pasadenahoy.com\/primero\/wp-json\/wp\/v2\/posts\/14966\/revisions"}],"predecessor-version":[{"id":14969,"href":"http:\/\/www.pasadenahoy.com\/primero\/wp-json\/wp\/v2\/posts\/14966\/revisions\/14969"}],"wp:attachment":[{"href":"http:\/\/www.pasadenahoy.com\/primero\/wp-json\/wp\/v2\/media?parent=14966"}],"wp:term":[{"taxonomy":"category","embeddable":true,"href":"http:\/\/www.pasadenahoy.com\/primero\/wp-json\/wp\/v2\/categories?post=14966"},{"taxonomy":"post_tag","embeddable":true,"href":"http:\/\/www.pasadenahoy.com\/primero\/wp-json\/wp\/v2\/tags?post=14966"}],"curies":[{"name":"wp","href":"https:\/\/api.w.org\/{rel}","templated":true}]}}