{"id":14973,"date":"2022-03-08T15:01:36","date_gmt":"2022-03-08T15:01:36","guid":{"rendered":"http:\/\/www.pasadenahoy.com\/primero\/?p=14973"},"modified":"2022-03-08T15:01:38","modified_gmt":"2022-03-08T15:01:38","slug":"el-ayuntamiento-y-la-junta-escolar-de-pasadena-se-reunen-para-una-reunion-conjunta","status":"publish","type":"post","link":"http:\/\/www.pasadenahoy.com\/primero\/el-gobierno-local\/el-ayuntamiento-y-la-junta-escolar-de-pasadena-se-reunen-para-una-reunion-conjunta\/","title":{"rendered":"El Ayuntamiento y la Junta Escolar de Pasadena se re\u00fanen para una reuni\u00f3n conjunta"},"content":{"rendered":"\n<figure class=\"wp-block-image alignnone size-large\"><figure class=\"alignnone\"><img loading=\"lazy\" width=\"740\" height=\"400\" src=\"http:\/\/www.pasadenahoy.com\/primero\/wp-content\/uploads\/2022\/03\/pic-1-5.jpg\" alt=\"\" class=\"wp-image-14974\" srcset=\"http:\/\/www.pasadenahoy.com\/primero\/wp-content\/uploads\/2022\/03\/pic-1-5.jpg 740w, http:\/\/www.pasadenahoy.com\/primero\/wp-content\/uploads\/2022\/03\/pic-1-5-300x162.jpg 300w, http:\/\/www.pasadenahoy.com\/primero\/wp-content\/uploads\/2022\/03\/pic-1-5-241x130.jpg 241w, http:\/\/www.pasadenahoy.com\/primero\/wp-content\/uploads\/2022\/03\/pic-1-5-333x180.jpg 333w, http:\/\/www.pasadenahoy.com\/primero\/wp-content\/uploads\/2022\/03\/pic-1-5-700x378.jpg 700w, http:\/\/www.pasadenahoy.com\/primero\/wp-content\/uploads\/2022\/03\/pic-1-5-360x195.jpg 360w, http:\/\/www.pasadenahoy.com\/primero\/wp-content\/uploads\/2022\/03\/pic-1-5-720x389.jpg 720w\" sizes=\"100vw\" \/><\/figure><\/figure>\n\n\n\n<p>El Ayuntamiento y el Distrito Escolar Unificado de Pasadena celebraron su reuni\u00f3n conjunta anual el lunes por la noche.<\/p>\n\n\n\n<p>\u201cMe complace que vamos a enfatizar la articulaci\u00f3n en nuestra reuni\u00f3n conjunta\u201d, dijo Elizabeth Pomeroy, presidenta de la Junta del PUSD.<\/p>\n\n\n\n<p>Hay 23 escuelas en el Distrito Escolar Unificado de Pasadena.<\/p>\n\n\n\n<p>\u201cTenemos un grupo diverso de estudiantes\u201d, dijo Elizabeth Blanco, directora acad\u00e9mica. \u201cVan desde superdotados hasta con muchos desaf\u00edos. Todos son bienvenidos. Somos una gran familia en el Distrito Unificado de Pasadena\u201d.<\/p>\n\n\n\n<p>La junta escolar vot\u00f3 para reabrir las escuelas en mayo pasado. Aunque alrededor de 400 estudiantes permanecen en el programa de estudios independientes del distrito, que es aproximadamente el doble de la inscripci\u00f3n habitual.<\/p>\n\n\n\n<p>El distrito a\u00fan est\u00e1 recibiendo solicitudes para estudiantes en CIS, el Centro de Estudios Independientes del Distrito.<\/p>\n\n\n\n<p>\u201cEsas familias parecen disfrutar del programa\u201d, dijo el superintendente Brian McDonald. \u201cTenemos un maestro dedicado para cada grado\u201d.<\/p>\n\n\n\n<p>El ochenta y cuatro por ciento de los estudiantes que est\u00e1n en el distrito desde su primer a\u00f1o hasta su \u00faltimo a\u00f1o se grad\u00faan.<\/p>\n\n\n\n<p>La reuni\u00f3n incluy\u00f3 aspectos destacados de los programas de PUSD y una presentaci\u00f3n sobre programas de intervenci\u00f3n de seguridad comunitaria para j\u00f3venes locales.<\/p>\n\n\n\n<p>El lunes hubo un susto de armas en la Escuela Secundaria de Pasadena.<\/p>\n\n\n\n<p>El superintendente de distrito, Brian McDonald, dijo que el distrito todav\u00eda estaba reuniendo informaci\u00f3n sobre el incidente.<\/p>\n\n\n\n<p>\u201cSabemos que hubo un susto\u201d, dijo McDonald. \u201cTodav\u00eda estamos recopilando informaci\u00f3n. Los miembros del personal fueron a la escuela para brindar apoyo. Una vez que investiguemos, podremos brindarle a la escuela el apoyo que necesita, especialmente a los estudiantes. Tenemos mucho apoyo para los estudiantes con sus necesidades\u201d.<\/p>\n\n\n\n<p>La ciudad gasta m\u00e1s de $8 millones en 29 programas dise\u00f1ados para evitar que las personas se involucren en conductas delictivas o para intervenir y redirigir a otros.<\/p>\n\n\n\n<p>Los programas se dividen en cuatro categor\u00edas, participaci\u00f3n de ni\u00f1os y j\u00f3venes, capacitaci\u00f3n laboral y exploraci\u00f3n de carreras, intervenci\u00f3n y seguridad comunitaria.<\/p>\n\n\n\n<p>\u201cEn este momento las cosas est\u00e1n tranquilas, pero eso tiene un costo\u201d, dijo el intervencionista de pandillas Ricky Pickens. \u201cTrabajamos m\u00e1s duro cuando est\u00e1 tranquilo, porque estamos trabajando duro para asegurarnos de que no ocurra el pr\u00f3ximo tiroteo\u201d.<\/p>\n\n\n\n<p>La junta escolar y el Concejo Municipal tambi\u00e9n recibieron una presentaci\u00f3n sobre los acuerdos actuales de uso conjunto por parte del distrito y la ciudad, incluido el uso conjunto de las instalaciones.<\/p>\n\n\n\n<p>El acuerdo se remonta a 1978 cuando las dos partes acordaron el uso rec\u00edproco de las instalaciones recreativas y escolares por un per\u00edodo de 10 a\u00f1os.<\/p>\n\n\n\n<p>Se lleg\u00f3 a una enmienda en 1989 por otros 10 a\u00f1os. La enmienda excluy\u00f3 el campo de golf de la ciudad, el Centro de Pasadena, el Centro Acu\u00e1tico Rose Bowl, el Rose Bowl y las piscinas del distrito.<\/p>\n\n\n\n<p>Tambi\u00e9n form\u00f3 parte de la reuni\u00f3n del lunes una presentaci\u00f3n sobre el reci\u00e9n desarrollado Grupo de Trabajo sobre Desarrollo Infantil Temprano y Aprendizaje Temprano del consejo.<\/p>\n\n\n\n<p>La semana pasada, el Concejo Municipal aprob\u00f3 por unanimidad un grupo de trabajo sobre Desarrollo Infantil Temprano y Aprendizaje Temprano.<\/p>\n\n\n\n<p>El grupo de trabajo trabajar\u00e1 con el personal para revisar el estado de la implementaci\u00f3n de la pol\u00edtica de desarrollo infantil temprano adoptada por el Concejo Municipal en 2015.<\/p>\n\n\n\n<p>El grupo de trabajo comenzar\u00e1 su trabajo a m\u00e1s tardar el 15 de marzo y se reunir\u00e1 dos veces al mes e informar\u00e1 al consejo sobre el estado actual de implementaci\u00f3n de la pol\u00edtica, la alineaci\u00f3n de la pol\u00edtica con la ciencia m\u00e1s reciente con respecto a las mejores pr\u00e1cticas en la implementaci\u00f3n de programas para la primera infancia, y cualquier cambio de pol\u00edtica necesario para apoyar a los ni\u00f1os m\u00e1s peque\u00f1os y las familias de la ciudad mueren por problemas inmediatos, incluida la pandemia, la injusticia racial, los ciclos de violencia y la inestabilidad econ\u00f3mica.<\/p>\n\n\n\n<p>Todas las reuniones se llevar\u00e1n a cabo de acuerdo con la Ley Brown.<\/p>\n\n\n\n<p>El grupo de trabajo presentar\u00e1 una actualizaci\u00f3n al Concejo Municipal a m\u00e1s tardar el 11 de junio y enviar\u00e1 un informe final al Concejo Municipal el 12 de septiembre o antes y al atardecer en ese momento.<\/p>\n\n\n\n<p>El distrito est\u00e1 haciendo la transici\u00f3n al k\u00ednder de transici\u00f3n universal.<\/p>\n\n\n\n<p>Bajo el nuevo sistema, la elegibilidad se ampliar\u00e1 para incluir a los ni\u00f1os que cumplan cuatro a\u00f1os antes del 1 de septiembre del a\u00f1o escolar actual.<\/p>\n\n\n\n<p>La elegibilidad se ampliar\u00e1 gradualmente durante tres a\u00f1os, para incluir tres meses m\u00e1s de cumplea\u00f1os cada a\u00f1o.<\/p>\n","protected":false},"excerpt":{"rendered":"<p>El Ayuntamiento y el Distrito Escolar Unificado de Pasadena celebraron su reuni\u00f3n conjunta anual el lunes por la noche. \u201cMe complace que vamos a enfatizar la articulaci\u00f3n en nuestra reuni\u00f3n conjunta\u201d, dijo Elizabeth Pomeroy, presidenta de la Junta del PUSD. Hay 23 escuelas en el Distrito Escolar Unificado de Pasadena. \u201cTenemos un grupo diverso de estudiantes\u201d, dijo Elizabeth Blanco, directora acad\u00e9mica. \u201cVan desde superdotados hasta con muchos desaf\u00edos. Todos son bienvenidos. Somos una gran familia en el Distrito Unificado de [&hellip;]<\/p>\n","protected":false},"author":4,"featured_media":14974,"comment_status":"open","ping_status":"closed","sticky":false,"template":"","format":"standard","meta":[],"categories":[6],"tags":[],"acf":[],"_links":{"self":[{"href":"http:\/\/www.pasadenahoy.com\/primero\/wp-json\/wp\/v2\/posts\/14973"}],"collection":[{"href":"http:\/\/www.pasadenahoy.com\/primero\/wp-json\/wp\/v2\/posts"}],"about":[{"href":"http:\/\/www.pasadenahoy.com\/primero\/wp-json\/wp\/v2\/types\/post"}],"author":[{"embeddable":true,"href":"http:\/\/www.pasadenahoy.com\/primero\/wp-json\/wp\/v2\/users\/4"}],"replies":[{"embeddable":true,"href":"http:\/\/www.pasadenahoy.com\/primero\/wp-json\/wp\/v2\/comments?post=14973"}],"version-history":[{"count":2,"href":"http:\/\/www.pasadenahoy.com\/primero\/wp-json\/wp\/v2\/posts\/14973\/revisions"}],"predecessor-version":[{"id":14976,"href":"http:\/\/www.pasadenahoy.com\/primero\/wp-json\/wp\/v2\/posts\/14973\/revisions\/14976"}],"wp:featuredmedia":[{"embeddable":true,"href":"http:\/\/www.pasadenahoy.com\/primero\/wp-json\/wp\/v2\/media\/14974"}],"wp:attachment":[{"href":"http:\/\/www.pasadenahoy.com\/primero\/wp-json\/wp\/v2\/media?parent=14973"}],"wp:term":[{"taxonomy":"category","embeddable":true,"href":"http:\/\/www.pasadenahoy.com\/primero\/wp-json\/wp\/v2\/categories?post=14973"},{"taxonomy":"post_tag","embeddable":true,"href":"http:\/\/www.pasadenahoy.com\/primero\/wp-json\/wp\/v2\/tags?post=14973"}],"curies":[{"name":"wp","href":"https:\/\/api.w.org\/{rel}","templated":true}]}}