{"id":14991,"date":"2022-03-08T15:27:19","date_gmt":"2022-03-08T15:27:19","guid":{"rendered":"http:\/\/www.pasadenahoy.com\/primero\/?p=14991"},"modified":"2022-03-08T15:27:20","modified_gmt":"2022-03-08T15:27:20","slug":"propietarios-de-apartamentos-desafian-la-prohibicion-de-desalojo-renovada-del-condado-de-los-angeles","status":"publish","type":"post","link":"http:\/\/www.pasadenahoy.com\/primero\/la-comunidad\/propietarios-de-apartamentos-desafian-la-prohibicion-de-desalojo-renovada-del-condado-de-los-angeles\/","title":{"rendered":"Propietarios de apartamentos desaf\u00edan la prohibici\u00f3n de desalojo renovada del condado de Los \u00c1ngeles"},"content":{"rendered":"\n<figure class=\"wp-block-image alignnone size-large\"><figure class=\"alignnone\"><img loading=\"lazy\" width=\"700\" height=\"378\" src=\"http:\/\/www.pasadenahoy.com\/primero\/wp-content\/uploads\/2022\/03\/pic-5-3.jpg\" alt=\"\" class=\"wp-image-14992\" srcset=\"http:\/\/www.pasadenahoy.com\/primero\/wp-content\/uploads\/2022\/03\/pic-5-3.jpg 700w, http:\/\/www.pasadenahoy.com\/primero\/wp-content\/uploads\/2022\/03\/pic-5-3-300x162.jpg 300w, http:\/\/www.pasadenahoy.com\/primero\/wp-content\/uploads\/2022\/03\/pic-5-3-241x130.jpg 241w, http:\/\/www.pasadenahoy.com\/primero\/wp-content\/uploads\/2022\/03\/pic-5-3-333x180.jpg 333w, http:\/\/www.pasadenahoy.com\/primero\/wp-content\/uploads\/2022\/03\/pic-5-3-360x194.jpg 360w\" sizes=\"100vw\" \/><\/figure><\/figure>\n\n\n\n<p>Dos grupos de propietarios de apartamentos presentaron documentos judiciales el lunes desafiando la moratoria de desalojo relacionada con la pandemia del condado de Los \u00c1ngeles, que la Junta de Supervisores aprob\u00f3 en enero y brinda protecciones extendidas por falta de pago del alquiler a partir del pr\u00f3ximo mes.<\/p>\n\n\n\n<p>La moratoria de la Junta afecta partes de Pasadena en \u00e1reas controladas por el condado y todo Altadena.<\/p>\n\n\n\n<p>La Asociaci\u00f3n de Apartamentos del Gran Los \u00c1ngeles y la Asociaci\u00f3n de Propietarios de Apartamentos de California presentaron la acci\u00f3n legal a\u00fan no oficial en el Tribunal Superior de Los \u00c1ngeles, solicitando que se emitan medidas cautelares preliminares y permanentes que impidan la aplicaci\u00f3n de la prohibici\u00f3n de desalojo renovada como inconstitucional.<\/p>\n\n\n\n<p>\u201cSimplemente, la renovada prohibici\u00f3n de desalojo no promueve, en ning\u00fan grado, ning\u00fan prop\u00f3sito p\u00fablico leg\u00edtimo\u201d, afirman los propietarios de los apartamentos en sus documentos judiciales.<\/p>\n\n\n\n<p>No se pudo contactar de inmediato a un representante del condado.<\/p>\n\n\n\n<p>A partir del 1 de abril, los propietarios con propiedades en el condado ya no podr\u00e1n desalojar a los inquilinos que aleguen que est\u00e1n afectados por la pandemia, ni los propietarios podr\u00e1n impugnar la autocertificaci\u00f3n de dificultades financieras de un inquilino, seg\u00fan los documentos judiciales de los propietarios de apartamentos.<\/p>\n\n\n\n<p>Despu\u00e9s del 31 de mayo, todos los inquilinos residenciales cuyos ingresos familiares sean iguales o inferiores al 80 por ciento del ingreso medio del \u00e1rea pueden continuar autocertificando dificultades financieras, afirman los propietarios de los apartamentos en sus documentos judiciales.<\/p>\n\n\n\n<p>La Junta de Supervisores demostr\u00f3 su &#8220;cruzada contra los propietarios&#8221; al aprobar la prohibici\u00f3n de desalojo renovada el 25 de enero, a pesar de que la prohibici\u00f3n de desalojo en todo el estado expir\u00f3 en septiembre, no se anticipan cierres ni \u00f3rdenes de quedarse en casa y las tasas de desempleo y hospitalizaci\u00f3n han bajado. , seg\u00fan los documentos judiciales de los propietarios de los apartamentos.<\/p>\n\n\n\n<p>En el momento en que se aprob\u00f3 la renovada prohibici\u00f3n de desalojos, no hab\u00eda habido una &#8220;inundaci\u00f3n de desalojos&#8221;, seg\u00fan los propietarios de los apartamentos, quienes tambi\u00e9n se\u00f1alan en sus documentos judiciales que el viernes, el condado levant\u00f3 su mandato de usar m\u00e1scaras en interiores.<\/p>\n\n\n\n<p>\u201cEn comparaci\u00f3n con la destrucci\u00f3n de los medios de vida de los propietarios a manos de funcionarios gubernamentales e inquilinos oportunistas que ha persistido desde marzo de 2020, la necesidad de continuar requisando propiedades residenciales para albergar a inquilinos que no pagan es inexistente\u201d, afirman los propietarios de apartamentos en sus documentos judiciales.<\/p>\n","protected":false},"excerpt":{"rendered":"<p>Dos grupos de propietarios de apartamentos presentaron documentos judiciales el lunes desafiando la moratoria de desalojo relacionada con la pandemia del condado de Los \u00c1ngeles, que la Junta de Supervisores aprob\u00f3 en enero y brinda protecciones extendidas por falta de pago del alquiler a partir del pr\u00f3ximo mes. La moratoria de la Junta afecta partes de Pasadena en \u00e1reas controladas por el condado y todo Altadena. La Asociaci\u00f3n de Apartamentos del Gran Los \u00c1ngeles y la Asociaci\u00f3n de Propietarios de [&hellip;]<\/p>\n","protected":false},"author":4,"featured_media":0,"comment_status":"open","ping_status":"closed","sticky":false,"template":"","format":"standard","meta":[],"categories":[4],"tags":[],"acf":[],"_links":{"self":[{"href":"http:\/\/www.pasadenahoy.com\/primero\/wp-json\/wp\/v2\/posts\/14991"}],"collection":[{"href":"http:\/\/www.pasadenahoy.com\/primero\/wp-json\/wp\/v2\/posts"}],"about":[{"href":"http:\/\/www.pasadenahoy.com\/primero\/wp-json\/wp\/v2\/types\/post"}],"author":[{"embeddable":true,"href":"http:\/\/www.pasadenahoy.com\/primero\/wp-json\/wp\/v2\/users\/4"}],"replies":[{"embeddable":true,"href":"http:\/\/www.pasadenahoy.com\/primero\/wp-json\/wp\/v2\/comments?post=14991"}],"version-history":[{"count":2,"href":"http:\/\/www.pasadenahoy.com\/primero\/wp-json\/wp\/v2\/posts\/14991\/revisions"}],"predecessor-version":[{"id":14994,"href":"http:\/\/www.pasadenahoy.com\/primero\/wp-json\/wp\/v2\/posts\/14991\/revisions\/14994"}],"wp:attachment":[{"href":"http:\/\/www.pasadenahoy.com\/primero\/wp-json\/wp\/v2\/media?parent=14991"}],"wp:term":[{"taxonomy":"category","embeddable":true,"href":"http:\/\/www.pasadenahoy.com\/primero\/wp-json\/wp\/v2\/categories?post=14991"},{"taxonomy":"post_tag","embeddable":true,"href":"http:\/\/www.pasadenahoy.com\/primero\/wp-json\/wp\/v2\/tags?post=14991"}],"curies":[{"name":"wp","href":"https:\/\/api.w.org\/{rel}","templated":true}]}}