{"id":15003,"date":"2022-03-09T14:52:38","date_gmt":"2022-03-09T14:52:38","guid":{"rendered":"http:\/\/www.pasadenahoy.com\/primero\/?p=15003"},"modified":"2022-03-09T14:52:39","modified_gmt":"2022-03-09T14:52:39","slug":"comite-municipal-aprueba-contrato-por-2-34-millones-para-administracion-de-servicios-de-valet-parking-de-plaza-las-fuentes","status":"publish","type":"post","link":"http:\/\/www.pasadenahoy.com\/primero\/el-gobierno-local\/comite-municipal-aprueba-contrato-por-2-34-millones-para-administracion-de-servicios-de-valet-parking-de-plaza-las-fuentes\/","title":{"rendered":"Comit\u00e9 Municipal Aprueba Contrato por $2.34 Millones para Administraci\u00f3n de Servicios de Valet Parking de Plaza Las Fuentes"},"content":{"rendered":"\n<figure class=\"wp-block-image alignnone size-large\"><figure class=\"alignnone\"><img loading=\"lazy\" width=\"700\" height=\"378\" src=\"http:\/\/www.pasadenahoy.com\/primero\/wp-content\/uploads\/2022\/03\/pic-1.png\" alt=\"\" class=\"wp-image-15004\" srcset=\"http:\/\/www.pasadenahoy.com\/primero\/wp-content\/uploads\/2022\/03\/pic-1.png 700w, http:\/\/www.pasadenahoy.com\/primero\/wp-content\/uploads\/2022\/03\/pic-1-300x162.png 300w, http:\/\/www.pasadenahoy.com\/primero\/wp-content\/uploads\/2022\/03\/pic-1-241x130.png 241w, http:\/\/www.pasadenahoy.com\/primero\/wp-content\/uploads\/2022\/03\/pic-1-333x180.png 333w, http:\/\/www.pasadenahoy.com\/primero\/wp-content\/uploads\/2022\/03\/pic-1-360x194.png 360w\" sizes=\"100vw\" \/><\/figure><\/figure>\n\n\n\n<p>El Comit\u00e9 de Servicios Municipales aprob\u00f3 el martes un contrato de $2.34 millones con Parking Concepts Inc., con sede en Pasadena, para la administraci\u00f3n y operaci\u00f3n de los servicios de valet parking de Plaza Las Fuentes para el Hotel Westin.<\/p>\n\n\n\n<p>El vicealcalde Andy Wilson y los concejales Tyron Hampton y Felicia Williams votaron para aprobar el contrato. La concejal Jessica Rivas estuvo ausente.\\<\/p>\n\n\n\n<p>El estacionamiento de Plaza Las Fuentes fue administrado anteriormente por Downtown Properties. Para ahorrar costos, la ciudad asumi\u00f3 la administraci\u00f3n del estacionamiento a partir del 1 de febrero como parte de un nuevo contrato de operador de estacionamiento en toda la ciudad.<\/p>\n\n\n\n<p>Westin Hotel inicialmente expres\u00f3 inter\u00e9s en brindar el servicio, pero finalmente rechaz\u00f3 la oferta final de la ciudad para operar el servicio de valet bajo un acuerdo de licencia.<\/p>\n\n\n\n<p>Seg\u00fan el informe proporcionado por el Departamento de Transporte, un total de cuatro empresas, incluidas Everpark Inc., LAZ Parking y Prime Valet, presentaron propuestas para los servicios de valet parking.<\/p>\n\n\n\n<p>Entre los postores, se eligi\u00f3 a Parking Concepts Inc. ya que la propuesta de la empresa obtuvo la calificaci\u00f3n m\u00e1s alta en funci\u00f3n de su Experiencia y Gesti\u00f3n de Efectivo, Informes y Programa de Auditor\u00eda.<\/p>\n\n\n\n<p>El contrato con Parking Concepts Inc. cubrir\u00e1 tres a\u00f1os hasta 2025. El contrato brinda una opci\u00f3n de dos t\u00e9rminos adicionales de un a\u00f1o a discreci\u00f3n del administrador de la ciudad seg\u00fan el rendimiento y la disponibilidad de fondos.<\/p>\n\n\n\n<p>Seg\u00fan el informe del Departamento de Transporte, se considera que la ubicaci\u00f3n de Plaza Las Fuentes Valet generar\u00e1 aproximadamente $ 1 mill\u00f3n en ingresos anuales.<\/p>\n\n\n\n<p>Se espera que el nuevo contrato comience el 1 de abril.<\/p>\n","protected":false},"excerpt":{"rendered":"<p>El Comit\u00e9 de Servicios Municipales aprob\u00f3 el martes un contrato de $2.34 millones con Parking Concepts Inc., con sede en Pasadena, para la administraci\u00f3n y operaci\u00f3n de los servicios de valet parking de Plaza Las Fuentes para el Hotel Westin. El vicealcalde Andy Wilson y los concejales Tyron Hampton y Felicia Williams votaron para aprobar el contrato. La concejal Jessica Rivas estuvo ausente.\\ El estacionamiento de Plaza Las Fuentes fue administrado anteriormente por Downtown Properties. Para ahorrar costos, la ciudad [&hellip;]<\/p>\n","protected":false},"author":4,"featured_media":15004,"comment_status":"open","ping_status":"closed","sticky":false,"template":"","format":"standard","meta":[],"categories":[6],"tags":[],"acf":[],"_links":{"self":[{"href":"http:\/\/www.pasadenahoy.com\/primero\/wp-json\/wp\/v2\/posts\/15003"}],"collection":[{"href":"http:\/\/www.pasadenahoy.com\/primero\/wp-json\/wp\/v2\/posts"}],"about":[{"href":"http:\/\/www.pasadenahoy.com\/primero\/wp-json\/wp\/v2\/types\/post"}],"author":[{"embeddable":true,"href":"http:\/\/www.pasadenahoy.com\/primero\/wp-json\/wp\/v2\/users\/4"}],"replies":[{"embeddable":true,"href":"http:\/\/www.pasadenahoy.com\/primero\/wp-json\/wp\/v2\/comments?post=15003"}],"version-history":[{"count":2,"href":"http:\/\/www.pasadenahoy.com\/primero\/wp-json\/wp\/v2\/posts\/15003\/revisions"}],"predecessor-version":[{"id":15006,"href":"http:\/\/www.pasadenahoy.com\/primero\/wp-json\/wp\/v2\/posts\/15003\/revisions\/15006"}],"wp:featuredmedia":[{"embeddable":true,"href":"http:\/\/www.pasadenahoy.com\/primero\/wp-json\/wp\/v2\/media\/15004"}],"wp:attachment":[{"href":"http:\/\/www.pasadenahoy.com\/primero\/wp-json\/wp\/v2\/media?parent=15003"}],"wp:term":[{"taxonomy":"category","embeddable":true,"href":"http:\/\/www.pasadenahoy.com\/primero\/wp-json\/wp\/v2\/categories?post=15003"},{"taxonomy":"post_tag","embeddable":true,"href":"http:\/\/www.pasadenahoy.com\/primero\/wp-json\/wp\/v2\/tags?post=15003"}],"curies":[{"name":"wp","href":"https:\/\/api.w.org\/{rel}","templated":true}]}}