{"id":15007,"date":"2022-03-09T14:56:14","date_gmt":"2022-03-09T14:56:14","guid":{"rendered":"http:\/\/www.pasadenahoy.com\/primero\/?p=15007"},"modified":"2022-03-09T14:56:16","modified_gmt":"2022-03-09T14:56:16","slug":"mujer-de-pasadena-entre-los-tres-acusados-%e2%80%8b%e2%80%8bde-esquema-de-fraude-de-cuidados-paliativos-de-30-millones","status":"publish","type":"post","link":"http:\/\/www.pasadenahoy.com\/primero\/la-comunidad\/mujer-de-pasadena-entre-los-tres-acusados-%e2%80%8b%e2%80%8bde-esquema-de-fraude-de-cuidados-paliativos-de-30-millones\/","title":{"rendered":"Mujer de Pasadena entre los tres acusados \u200b\u200bde esquema de fraude de cuidados paliativos de $30 millones"},"content":{"rendered":"\n<figure class=\"wp-block-image alignnone size-large\"><figure class=\"alignnone\"><img loading=\"lazy\" width=\"740\" height=\"399\" src=\"http:\/\/www.pasadenahoy.com\/primero\/wp-content\/uploads\/2022\/03\/pic-2-3.jpg\" alt=\"\" class=\"wp-image-15008\" srcset=\"http:\/\/www.pasadenahoy.com\/primero\/wp-content\/uploads\/2022\/03\/pic-2-3.jpg 740w, http:\/\/www.pasadenahoy.com\/primero\/wp-content\/uploads\/2022\/03\/pic-2-3-300x162.jpg 300w, http:\/\/www.pasadenahoy.com\/primero\/wp-content\/uploads\/2022\/03\/pic-2-3-241x130.jpg 241w, http:\/\/www.pasadenahoy.com\/primero\/wp-content\/uploads\/2022\/03\/pic-2-3-334x180.jpg 334w, http:\/\/www.pasadenahoy.com\/primero\/wp-content\/uploads\/2022\/03\/pic-2-3-700x377.jpg 700w, http:\/\/www.pasadenahoy.com\/primero\/wp-content\/uploads\/2022\/03\/pic-2-3-360x194.jpg 360w, http:\/\/www.pasadenahoy.com\/primero\/wp-content\/uploads\/2022\/03\/pic-2-3-720x388.jpg 720w\" sizes=\"100vw\" \/><\/figure><\/figure>\n\n\n\n<p>Las autoridades creen que un ex residente de Pasadena que supuestamente particip\u00f3 en un esquema que estaf\u00f3 a Medicare en m\u00e1s de $ 30 millones para servicios de hospicio que a menudo se brindan a pacientes que no ten\u00edan una enfermedad terminal huy\u00f3 a Filipinas.<\/p>\n\n\n\n<p>Juanita Antenor, de 59 a\u00f1os, que sigue pr\u00f3fuga, fue nombrada en una acusaci\u00f3n de 14 cargos revelada el martes, seg\u00fan la Oficina del Fiscal Federal. Callie Jean Black, de 63 a\u00f1os, de Lancaster y el Dr. V\u00edctor Contreras, de 66 a\u00f1os, de Santa Paula tambi\u00e9n fueron nombrados en la acusaci\u00f3n.<\/p>\n\n\n\n<p>Antenor era propietaria de dos empresas de cuidados paliativos que facturaban a Medicare y Medi-Cal por servicios innecesarios o servicios que nunca se proporcionaron, alegan los fiscales.<\/p>\n\n\n\n<p>Antenor supuestamente pag\u00f3 a los vendedores, incluido Black, sobornos ilegales por los pacientes remitidos a las dos compa\u00f1\u00edas de cuidados paliativos.<\/p>\n\n\n\n<p>Antenor y Contreras est\u00e1n acusados \u200b\u200bde m\u00faltiples cargos de fraude en la atenci\u00f3n m\u00e9dica, y Antenor tambi\u00e9n est\u00e1 acusado de m\u00faltiples cargos de pago de sobornos ilegales por referencias de atenci\u00f3n m\u00e9dica.<\/p>\n\n\n\n<p>Black est\u00e1 acusado de cuatro cargos de recibir sobornos ilegales, lo que conlleva una sentencia de hasta 40 a\u00f1os tras las rejas, dijeron los fiscales.<\/p>\n\n\n\n<p>Black y Contreras se declararon inocentes luego de su arresto el martes y se les concedi\u00f3 la libertad bajo fianza.<\/p>\n\n\n\n<p>Contreras, quien estaba en libertad condicional impuesta por la Junta M\u00e9dica de California mientras supuestamente formaba parte del esquema, proporcion\u00f3 certificaciones fraudulentas para algunos de los pacientes, incluidos algunos que afirm\u00f3 haber examinado pero que nunca vio, seg\u00fan la acusaci\u00f3n presentada en Los \u00c1ngeles. Corte federal.<\/p>\n","protected":false},"excerpt":{"rendered":"<p>Las autoridades creen que un ex residente de Pasadena que supuestamente particip\u00f3 en un esquema que estaf\u00f3 a Medicare en m\u00e1s de $ 30 millones para servicios de hospicio que a menudo se brindan a pacientes que no ten\u00edan una enfermedad terminal huy\u00f3 a Filipinas. Juanita Antenor, de 59 a\u00f1os, que sigue pr\u00f3fuga, fue nombrada en una acusaci\u00f3n de 14 cargos revelada el martes, seg\u00fan la Oficina del Fiscal Federal. Callie Jean Black, de 63 a\u00f1os, de Lancaster y el [&hellip;]<\/p>\n","protected":false},"author":4,"featured_media":15008,"comment_status":"open","ping_status":"closed","sticky":false,"template":"","format":"standard","meta":[],"categories":[4],"tags":[],"acf":[],"_links":{"self":[{"href":"http:\/\/www.pasadenahoy.com\/primero\/wp-json\/wp\/v2\/posts\/15007"}],"collection":[{"href":"http:\/\/www.pasadenahoy.com\/primero\/wp-json\/wp\/v2\/posts"}],"about":[{"href":"http:\/\/www.pasadenahoy.com\/primero\/wp-json\/wp\/v2\/types\/post"}],"author":[{"embeddable":true,"href":"http:\/\/www.pasadenahoy.com\/primero\/wp-json\/wp\/v2\/users\/4"}],"replies":[{"embeddable":true,"href":"http:\/\/www.pasadenahoy.com\/primero\/wp-json\/wp\/v2\/comments?post=15007"}],"version-history":[{"count":2,"href":"http:\/\/www.pasadenahoy.com\/primero\/wp-json\/wp\/v2\/posts\/15007\/revisions"}],"predecessor-version":[{"id":15010,"href":"http:\/\/www.pasadenahoy.com\/primero\/wp-json\/wp\/v2\/posts\/15007\/revisions\/15010"}],"wp:featuredmedia":[{"embeddable":true,"href":"http:\/\/www.pasadenahoy.com\/primero\/wp-json\/wp\/v2\/media\/15008"}],"wp:attachment":[{"href":"http:\/\/www.pasadenahoy.com\/primero\/wp-json\/wp\/v2\/media?parent=15007"}],"wp:term":[{"taxonomy":"category","embeddable":true,"href":"http:\/\/www.pasadenahoy.com\/primero\/wp-json\/wp\/v2\/categories?post=15007"},{"taxonomy":"post_tag","embeddable":true,"href":"http:\/\/www.pasadenahoy.com\/primero\/wp-json\/wp\/v2\/tags?post=15007"}],"curies":[{"name":"wp","href":"https:\/\/api.w.org\/{rel}","templated":true}]}}