{"id":15034,"date":"2022-03-10T15:07:18","date_gmt":"2022-03-10T15:07:18","guid":{"rendered":"http:\/\/www.pasadenahoy.com\/primero\/?p=15034"},"modified":"2022-03-10T15:07:19","modified_gmt":"2022-03-10T15:07:19","slug":"los-comisionados-quieren-que-se-eliminen-las-regulaciones-de-desarrollo-planificado-del-plan-general-y-el-codigo-de-zonificacion","status":"publish","type":"post","link":"http:\/\/www.pasadenahoy.com\/primero\/el-gobierno-local\/los-comisionados-quieren-que-se-eliminen-las-regulaciones-de-desarrollo-planificado-del-plan-general-y-el-codigo-de-zonificacion\/","title":{"rendered":"Los comisionados quieren que se eliminen las regulaciones de &#8220;desarrollo planificado&#8221; del plan general y el c\u00f3digo de zonificaci\u00f3n"},"content":{"rendered":"\n<figure class=\"wp-block-image alignnone size-large\"><figure class=\"alignnone\"><img loading=\"lazy\" width=\"700\" height=\"378\" src=\"http:\/\/www.pasadenahoy.com\/primero\/wp-content\/uploads\/2022\/03\/pic-2-4.jpg\" alt=\"\" class=\"wp-image-15035\" srcset=\"http:\/\/www.pasadenahoy.com\/primero\/wp-content\/uploads\/2022\/03\/pic-2-4.jpg 700w, http:\/\/www.pasadenahoy.com\/primero\/wp-content\/uploads\/2022\/03\/pic-2-4-300x162.jpg 300w, http:\/\/www.pasadenahoy.com\/primero\/wp-content\/uploads\/2022\/03\/pic-2-4-241x130.jpg 241w, http:\/\/www.pasadenahoy.com\/primero\/wp-content\/uploads\/2022\/03\/pic-2-4-333x180.jpg 333w, http:\/\/www.pasadenahoy.com\/primero\/wp-content\/uploads\/2022\/03\/pic-2-4-360x194.jpg 360w\" sizes=\"100vw\" \/><figcaption><span class=\"caption-text\">El ayuntamiento de Pasadena es cortes\u00eda del Facebook de la ciudad de Pasadena<\/span><\/figcaption><\/figure><\/figure>\n\n\n\n<p>El mi\u00e9rcoles, los miembros de la Comisi\u00f3n de Planificaci\u00f3n acordaron recomendar al Concejo Municipal que elimine las regulaciones de &#8216;desarrollo planificado&#8217; del Plan General de Pasadena y el C\u00f3digo de Zonificaci\u00f3n bas\u00e1ndose en su creencia de que la pol\u00edtica es innecesaria y socavar\u00e1 los planes espec\u00edficos que se crearon con la ayuda de miembros de la comunidad.<\/p>\n\n\n\n<p>Un desarrollo planificado, conocido como PD, es un proceso reglamentario que permite a un desarrollador cumplir con los objetivos generales de densidad de la comunidad y uso de la tierra sin estar sujeto a los requisitos de zonificaci\u00f3n existentes.<\/p>\n\n\n\n<p>\u201cCuando terminamos el plan espec\u00edfico, est\u00e1n en sinton\u00eda con el plan general, entonces, \u00bfpor qu\u00e9 necesitamos PD? No s\u00e9 por qu\u00e9 es necesario\u201d, dijo el comisionado Mic Hansen. \u201cLos desarrolladores siempre alcanzar\u00e1n el m\u00e1ximo. Lo sabemos y lo hemos aprendido, y los PD fomentan esta omisi\u00f3n de los [requisitos] de zonificaci\u00f3n y no s\u00e9 c\u00f3mo beneficia eso a los vecindarios de nuestra ciudad\u201d.<\/p>\n\n\n\n<p>La comisionada Julianna Delgado dijo que los PD podr\u00edan conducir a una falta de confianza en el proceso de participaci\u00f3n p\u00fablica. Se\u00f1al\u00f3 que los miembros de la comunidad dedicaron mucho tiempo a trabajar en los planes espec\u00edficos de la ciudad.<\/p>\n\n\n\n<p>\u201cLa comunidad ha invertido una cantidad excesiva de tiempo voluntario trabajando en planes espec\u00edficos y lo que ha hecho el proceso de PD es esencialmente eliminar todo ese trabajo y decir que en realidad no importa y que alguien que tenga los medios puede venir y hacer una gran proyecto que ignora la planificaci\u00f3n detallada que ocurre en el nivel del plan espec\u00edfico\u201d.<\/p>\n\n\n\n<p>\u201cYo estar\u00eda a favor de eliminarlos por completo\u201d.<\/p>\n\n\n\n<p>La comisionada Carol Hunt Hernandez se uni\u00f3 a los otros dos comisionados para hablar a favor de la eliminaci\u00f3n de las regulaciones de PD.<\/p>\n\n\n\n<p>Ella dijo que la medida ser\u00e1 beneficiosa no solo para los miembros de la comunidad sino tambi\u00e9n para los desarrolladores.<\/p>\n\n\n\n<p>\u201cLos desarrolladores necesitan una cierta cantidad de certeza cuando se acercan a un proyecto. Como sucede ahora con el PD, est\u00e1n impulsando algo que realmente no saben que resultar\u00e1 ser seguro. Piensan que lo es, pero no se dan cuenta de que hay cierta oposici\u00f3n en algunos casos y les sale caro\u201d.<\/p>\n\n\n\n<p>El comisionado Lambert Giessinger, de acuerdo con la mayor\u00eda de los comisionados, dijo que los PD pueden haber sido una herramienta de planificaci\u00f3n \u00fatil, pero solo en el pasado y no es necesario ahora que existen planes espec\u00edficos.<\/p>\n\n\n\n<p>El director del Departamento de Planificaci\u00f3n y Desarrollo Comunitario, David Reyes, dijo que el personal volver\u00e1 a la comisi\u00f3n en el futuro para obtener una propuesta m\u00e1s concreta teniendo en cuenta la direcci\u00f3n de la Comisi\u00f3n de Planificaci\u00f3n. La decisi\u00f3n final de la Comisi\u00f3n sobre las regulaciones de PD se presentar\u00e1 posteriormente al Concejo Municipal para su decisi\u00f3n.<\/p>\n","protected":false},"excerpt":{"rendered":"<p>El mi\u00e9rcoles, los miembros de la Comisi\u00f3n de Planificaci\u00f3n acordaron recomendar al Concejo Municipal que elimine las regulaciones de &#8216;desarrollo planificado&#8217; del Plan General de Pasadena y el C\u00f3digo de Zonificaci\u00f3n bas\u00e1ndose en su creencia de que la pol\u00edtica es innecesaria y socavar\u00e1 los planes espec\u00edficos que se crearon con la ayuda de miembros de la comunidad. Un desarrollo planificado, conocido como PD, es un proceso reglamentario que permite a un desarrollador cumplir con los objetivos generales de densidad de [&hellip;]<\/p>\n","protected":false},"author":4,"featured_media":15035,"comment_status":"open","ping_status":"closed","sticky":false,"template":"","format":"standard","meta":[],"categories":[6],"tags":[],"acf":[],"_links":{"self":[{"href":"http:\/\/www.pasadenahoy.com\/primero\/wp-json\/wp\/v2\/posts\/15034"}],"collection":[{"href":"http:\/\/www.pasadenahoy.com\/primero\/wp-json\/wp\/v2\/posts"}],"about":[{"href":"http:\/\/www.pasadenahoy.com\/primero\/wp-json\/wp\/v2\/types\/post"}],"author":[{"embeddable":true,"href":"http:\/\/www.pasadenahoy.com\/primero\/wp-json\/wp\/v2\/users\/4"}],"replies":[{"embeddable":true,"href":"http:\/\/www.pasadenahoy.com\/primero\/wp-json\/wp\/v2\/comments?post=15034"}],"version-history":[{"count":2,"href":"http:\/\/www.pasadenahoy.com\/primero\/wp-json\/wp\/v2\/posts\/15034\/revisions"}],"predecessor-version":[{"id":15037,"href":"http:\/\/www.pasadenahoy.com\/primero\/wp-json\/wp\/v2\/posts\/15034\/revisions\/15037"}],"wp:featuredmedia":[{"embeddable":true,"href":"http:\/\/www.pasadenahoy.com\/primero\/wp-json\/wp\/v2\/media\/15035"}],"wp:attachment":[{"href":"http:\/\/www.pasadenahoy.com\/primero\/wp-json\/wp\/v2\/media?parent=15034"}],"wp:term":[{"taxonomy":"category","embeddable":true,"href":"http:\/\/www.pasadenahoy.com\/primero\/wp-json\/wp\/v2\/categories?post=15034"},{"taxonomy":"post_tag","embeddable":true,"href":"http:\/\/www.pasadenahoy.com\/primero\/wp-json\/wp\/v2\/tags?post=15034"}],"curies":[{"name":"wp","href":"https:\/\/api.w.org\/{rel}","templated":true}]}}