{"id":15047,"date":"2022-03-10T15:30:47","date_gmt":"2022-03-10T15:30:47","guid":{"rendered":"http:\/\/www.pasadenahoy.com\/primero\/?p=15047"},"modified":"2022-03-10T15:30:48","modified_gmt":"2022-03-10T15:30:48","slug":"salario-minimo-del-condado-aumentara-a-15-96-por-hora-a-partir-del-1-de-julio-la-tasa-de-pasadena-tambien-podria-aumentar","status":"publish","type":"post","link":"http:\/\/www.pasadenahoy.com\/primero\/la-comunidad\/salario-minimo-del-condado-aumentara-a-15-96-por-hora-a-partir-del-1-de-julio-la-tasa-de-pasadena-tambien-podria-aumentar\/","title":{"rendered":"Salario m\u00ednimo del condado aumentar\u00e1 a $15.96 por hora a partir del 1 de julio; La tasa de Pasadena tambi\u00e9n podr\u00eda aumentar"},"content":{"rendered":"\n<figure class=\"wp-block-image alignnone size-large\"><figure class=\"alignnone\"><img loading=\"lazy\" width=\"700\" height=\"378\" src=\"http:\/\/www.pasadenahoy.com\/primero\/wp-content\/uploads\/2022\/03\/pic-5-4.jpg\" alt=\"\" class=\"wp-image-15048\" srcset=\"http:\/\/www.pasadenahoy.com\/primero\/wp-content\/uploads\/2022\/03\/pic-5-4.jpg 700w, http:\/\/www.pasadenahoy.com\/primero\/wp-content\/uploads\/2022\/03\/pic-5-4-300x162.jpg 300w, http:\/\/www.pasadenahoy.com\/primero\/wp-content\/uploads\/2022\/03\/pic-5-4-241x130.jpg 241w, http:\/\/www.pasadenahoy.com\/primero\/wp-content\/uploads\/2022\/03\/pic-5-4-333x180.jpg 333w, http:\/\/www.pasadenahoy.com\/primero\/wp-content\/uploads\/2022\/03\/pic-5-4-360x194.jpg 360w\" sizes=\"100vw\" \/><\/figure><\/figure>\n\n\n\n<p>Los empleados locales que ganan el salario m\u00ednimo podr\u00edan ver un aumento en sus cheques de pago en unos pocos meses.<\/p>\n\n\n\n<p>Los empleados con salario m\u00ednimo en Altadena y otras \u00e1reas cercanas en el programa de salario m\u00ednimo del condado ver\u00e1n un aumento en su salario.<\/p>\n\n\n\n<p>El salario m\u00ednimo en \u00e1reas no incorporadas del condado de Los \u00c1ngeles aumentar\u00e1 a $15.96 por hora a partir del 1 de julio, anunci\u00f3 el mi\u00e9rcoles el Departamento de Negocios y Asuntos del Consumidor debido a los aumentos en el \u00cdndice de Precios al Consumidor.<\/p>\n\n\n\n<p>La tasa marca un aumento del 6,4% sobre el salario m\u00ednimo actual de $15\/hora.<\/p>\n\n\n\n<p>El salario m\u00ednimo de Pasadena tambi\u00e9n incluye una cl\u00e1usula que permite aumentos basados \u200b\u200ben el CIP.<\/p>\n\n\n\n<p>El Concejo Municipal de Pasadena adopt\u00f3 una Ordenanza de Salario M\u00ednimo el 14 de marzo de 2016.<\/p>\n\n\n\n<p>El salario aument\u00f3 el 1 de julio de 2016 a $10.50 y aument\u00f3 $1.25 cada a\u00f1o en esa fecha hasta llegar a $15 en 2020.<\/p>\n\n\n\n<p>Las empresas con 25 empleados o menos y las organizaciones sin fines de lucro que califican tienen un a\u00f1o adicional para cumplir con los aumentos salariales secuenciales.<\/p>\n\n\n\n<p>La tarifa del condado ha aumentado constantemente desde 2016, cuando el condado adopt\u00f3 una ordenanza de salario m\u00ednimo que aument\u00f3 lentamente la cantidad anual, llegando a $15 por hora el 1 de julio de 2020 para empresas grandes y el 1 de julio de 2021 para empresas m\u00e1s peque\u00f1as.<\/p>\n\n\n\n<p>\u201cUna econom\u00eda local saludable significa apoyo tanto para el trabajo como para la industria\u201d, dijo en un comunicado Rafael Carbajal, director del Departamento de Consumo y Asuntos Comerciales. \u201cEste ajuste salarial est\u00e1 en l\u00ednea con el esp\u00edritu de la ordenanza para garantizar que los salarios se mantengan al ritmo de la inflaci\u00f3n y respalden una fuerza laboral estable. Nos aseguraremos de que los trabajadores en el condado no incorporado de L.A. est\u00e9n protegidos y conozcan el salario m\u00ednimo actualizado, y trabajaremos con nuestros departamentos hermanos para apoyar a los empleadores que puedan necesitar asistencia con informaci\u00f3n, cumplimiento y acceso a recursos\u201d.<\/p>\n\n\n\n<p>La ciudad de Los \u00c1ngeles anunci\u00f3 el mes pasado que el salario m\u00ednimo dentro de la ciudad aumentar\u00e1 a $16.04 por hora a partir del 1 de julio. El aumento se basa en el \u00cdndice de Precios al Consumidor para Asalariados Urbanos y Trabajadores Oficinistas en el \u00e1rea metropolitana de Los \u00c1ngeles, seg\u00fan el ciudad.<\/p>\n","protected":false},"excerpt":{"rendered":"<p>Los empleados locales que ganan el salario m\u00ednimo podr\u00edan ver un aumento en sus cheques de pago en unos pocos meses. Los empleados con salario m\u00ednimo en Altadena y otras \u00e1reas cercanas en el programa de salario m\u00ednimo del condado ver\u00e1n un aumento en su salario. El salario m\u00ednimo en \u00e1reas no incorporadas del condado de Los \u00c1ngeles aumentar\u00e1 a $15.96 por hora a partir del 1 de julio, anunci\u00f3 el mi\u00e9rcoles el Departamento de Negocios y Asuntos del Consumidor [&hellip;]<\/p>\n","protected":false},"author":4,"featured_media":0,"comment_status":"open","ping_status":"closed","sticky":false,"template":"","format":"standard","meta":[],"categories":[4],"tags":[],"acf":[],"_links":{"self":[{"href":"http:\/\/www.pasadenahoy.com\/primero\/wp-json\/wp\/v2\/posts\/15047"}],"collection":[{"href":"http:\/\/www.pasadenahoy.com\/primero\/wp-json\/wp\/v2\/posts"}],"about":[{"href":"http:\/\/www.pasadenahoy.com\/primero\/wp-json\/wp\/v2\/types\/post"}],"author":[{"embeddable":true,"href":"http:\/\/www.pasadenahoy.com\/primero\/wp-json\/wp\/v2\/users\/4"}],"replies":[{"embeddable":true,"href":"http:\/\/www.pasadenahoy.com\/primero\/wp-json\/wp\/v2\/comments?post=15047"}],"version-history":[{"count":2,"href":"http:\/\/www.pasadenahoy.com\/primero\/wp-json\/wp\/v2\/posts\/15047\/revisions"}],"predecessor-version":[{"id":15050,"href":"http:\/\/www.pasadenahoy.com\/primero\/wp-json\/wp\/v2\/posts\/15047\/revisions\/15050"}],"wp:attachment":[{"href":"http:\/\/www.pasadenahoy.com\/primero\/wp-json\/wp\/v2\/media?parent=15047"}],"wp:term":[{"taxonomy":"category","embeddable":true,"href":"http:\/\/www.pasadenahoy.com\/primero\/wp-json\/wp\/v2\/categories?post=15047"},{"taxonomy":"post_tag","embeddable":true,"href":"http:\/\/www.pasadenahoy.com\/primero\/wp-json\/wp\/v2\/tags?post=15047"}],"curies":[{"name":"wp","href":"https:\/\/api.w.org\/{rel}","templated":true}]}}