{"id":15051,"date":"2022-03-10T15:36:58","date_gmt":"2022-03-10T15:36:58","guid":{"rendered":"http:\/\/www.pasadenahoy.com\/primero\/?p=15051"},"modified":"2022-03-10T15:36:59","modified_gmt":"2022-03-10T15:36:59","slug":"estudiantes-del-pcc-sienten-los-efectos-de-estar-aislados-por-la-pandemia-durante-2-anos","status":"publish","type":"post","link":"http:\/\/www.pasadenahoy.com\/primero\/la-comunidad\/estudiantes-del-pcc-sienten-los-efectos-de-estar-aislados-por-la-pandemia-durante-2-anos\/","title":{"rendered":"Estudiantes del PCC sienten los efectos de estar aislados por la pandemia durante 2 a\u00f1os"},"content":{"rendered":"\n<figure class=\"wp-block-image alignnone size-large\"><figure class=\"alignnone\"><img loading=\"lazy\" width=\"700\" height=\"378\" src=\"http:\/\/www.pasadenahoy.com\/primero\/wp-content\/uploads\/2022\/03\/pae-6.jpg\" alt=\"\" class=\"wp-image-15052\" srcset=\"http:\/\/www.pasadenahoy.com\/primero\/wp-content\/uploads\/2022\/03\/pae-6.jpg 700w, http:\/\/www.pasadenahoy.com\/primero\/wp-content\/uploads\/2022\/03\/pae-6-300x162.jpg 300w, http:\/\/www.pasadenahoy.com\/primero\/wp-content\/uploads\/2022\/03\/pae-6-241x130.jpg 241w, http:\/\/www.pasadenahoy.com\/primero\/wp-content\/uploads\/2022\/03\/pae-6-333x180.jpg 333w, http:\/\/www.pasadenahoy.com\/primero\/wp-content\/uploads\/2022\/03\/pae-6-360x194.jpg 360w\" sizes=\"100vw\" \/><figcaption><span class=\"caption-text\">Foto cortes\u00eda PCC Facebook<\/span><\/figcaption><\/figure><\/figure>\n\n\n\n<p>En l\u00ednea con los esfuerzos de aislamiento social para ayudar a detener la propagaci\u00f3n de COVID-19, las universidades de todo el pa\u00eds cerraron, lo que oblig\u00f3 a los estudiantes a renunciar a sus estrechos v\u00ednculos con la comunidad y amigos del campus y sus rutinas familiares.<\/p>\n\n\n\n<p>Estos factores han impactado negativamente el proceso de aprendizaje y la salud mental de los estudiantes, seg\u00fan los expertos. Algunos estudiantes est\u00e1n de acuerdo.<\/p>\n\n\n\n<p>\u201cMuchos de nosotros estamos sintiendo los efectos de estar aislados durante dos a\u00f1os\u201d, dijo Catriona Swallow, de 18 a\u00f1os, estudiante de psicolog\u00eda en Pasadena City College (PCC).<\/p>\n\n\n\n<p>\u201cRealmente no hemos socializado ni hemos tenido la oportunidad de hacer nuevos amigos en mucho tiempo. Sin mencionar que muchos estudiantes han perdido a familiares o han sido hospitalizados debido a COVID. Todos han recibido un golpe en su salud mental e incluso f\u00edsica\u201d, agreg\u00f3 Swallow.<\/p>\n\n\n\n<p>Swallow, que tambi\u00e9n trabaja como voluntaria en Mind-1-1, una organizaci\u00f3n sin fines de lucro que apoya la concientizaci\u00f3n sobre la salud mental, dijo hoy que la depresi\u00f3n no es poco com\u00fan entre los estudiantes y su menci\u00f3n generalmente hace que otro compa\u00f1ero de clase hable sobre sus experiencias con ella.<\/p>\n\n\n\n<p>Ella misma enfrent\u00f3 desaf\u00edos de salud mental durante la pandemia.<\/p>\n\n\n\n<p>\u201cDurante la primavera de 2021, reprob\u00e9 una de mis clases debido al estr\u00e9s por el COVID. Estaba trabajando mientras tomaba clases y, finalmente, el peso de la pandemia fue demasiado\u201d.<\/p>\n\n\n\n<p>\u201cHab\u00eda muy pocos recursos disponibles de la escuela mientras el campus estaba cerrado, y durante la cuarentena no hab\u00eda muchos lugares donde pudiera estudiar. Mis calificaciones y desempe\u00f1o laboral bajaron, y mi salud mental se vio afectada. Renunci\u00e9 a mi trabajo, tom\u00e9 un descanso de las clases durante el verano y comenc\u00e9 a trabajar a tiempo parcial en el semestre de oto\u00f1o\u201d.<\/p>\n\n\n\n<p>Swallow cree que sin la presi\u00f3n adicional del COVID-19 y la cuarentena, su desempe\u00f1o en la escuela podr\u00eda haber sido mejor.<\/p>\n\n\n\n<p>Haci\u00e9ndose eco de sus sentimientos, la instructora de psicolog\u00eda de PCC, Catherine Lamar, dijo que durante la pandemia, los estudiantes en sus cursos informaron un aumento del estr\u00e9s y la ansiedad, y una disminuci\u00f3n de los sentimientos de calma y felicidad.<\/p>\n\n\n\n<p>Ella atribuye la salud mental tensa de los estudiantes a la mayor demanda de tiempo de los estudiantes, la disminuci\u00f3n del equilibrio entre el trabajo y la vida personal y la inestabilidad financiera, entre otros.<\/p>\n\n\n\n<p>Seg\u00fan Lamar, el PCC ha creado varios recursos para estudiantes durante los \u00faltimos dos a\u00f1os que abordan sus necesidades tecnol\u00f3gicas, financieras, acad\u00e9micas y sociales para amortiguar los impactos negativos de la pandemia.<\/p>\n\n\n\n<p>\u201cPCC ha creado un programa de pr\u00e9stamo de computadoras port\u00e1tiles, brinda a los estudiantes puntos de acceso a Internet, ofrece sesiones de terapia gratuitas, tiene centros de \u00e9xito acad\u00e9mico, clubes y muchas otras instalaciones para ayudar a los estudiantes a sobrellevar los factores estresantes relacionados con la pandemia\u201d.<\/p>\n\n\n\n<p>A pesar de los efectos negativos de la pandemia, Lamar coment\u00f3 que, en general, los estudiantes de PCC son resistentes.<\/p>\n\n\n\n<p>\u201cDurante los \u00faltimos 2 a\u00f1os, me ha impresionado continuamente la capacidad de nuestros estudiantes para adaptarse a entornos cambiantes y prosperar acad\u00e9micamente. Me inspiran nuestros estudiantes y la forma en que han manejado esta pandemia\u201d.<\/p>\n\n\n\n<p>Lamar expres\u00f3 su esperanza de que los estudiantes que enfrentan problemas de salud mental reciban la ayuda que necesitan.<\/p>\n\n\n\n<p>\u201cTambi\u00e9n espero que los estudiantes se ocupen de abordar sus necesidades de salud mental, y trato de estar al tanto de los estudiantes que necesitan apoyo adicional\u201d.<\/p>\n\n\n\n<p>\u201cLa salud mental es tan importante como la salud f\u00edsica y espero que los estudiantes tengan el apoyo que necesitan para cuidar su salud mental\u201d, dijo Lamar.<\/p>\n","protected":false},"excerpt":{"rendered":"<p>En l\u00ednea con los esfuerzos de aislamiento social para ayudar a detener la propagaci\u00f3n de COVID-19, las universidades de todo el pa\u00eds cerraron, lo que oblig\u00f3 a los estudiantes a renunciar a sus estrechos v\u00ednculos con la comunidad y amigos del campus y sus rutinas familiares. Estos factores han impactado negativamente el proceso de aprendizaje y la salud mental de los estudiantes, seg\u00fan los expertos. Algunos estudiantes est\u00e1n de acuerdo. \u201cMuchos de nosotros estamos sintiendo los efectos de estar aislados [&hellip;]<\/p>\n","protected":false},"author":4,"featured_media":0,"comment_status":"open","ping_status":"closed","sticky":false,"template":"","format":"standard","meta":[],"categories":[4],"tags":[],"acf":[],"_links":{"self":[{"href":"http:\/\/www.pasadenahoy.com\/primero\/wp-json\/wp\/v2\/posts\/15051"}],"collection":[{"href":"http:\/\/www.pasadenahoy.com\/primero\/wp-json\/wp\/v2\/posts"}],"about":[{"href":"http:\/\/www.pasadenahoy.com\/primero\/wp-json\/wp\/v2\/types\/post"}],"author":[{"embeddable":true,"href":"http:\/\/www.pasadenahoy.com\/primero\/wp-json\/wp\/v2\/users\/4"}],"replies":[{"embeddable":true,"href":"http:\/\/www.pasadenahoy.com\/primero\/wp-json\/wp\/v2\/comments?post=15051"}],"version-history":[{"count":2,"href":"http:\/\/www.pasadenahoy.com\/primero\/wp-json\/wp\/v2\/posts\/15051\/revisions"}],"predecessor-version":[{"id":15054,"href":"http:\/\/www.pasadenahoy.com\/primero\/wp-json\/wp\/v2\/posts\/15051\/revisions\/15054"}],"wp:attachment":[{"href":"http:\/\/www.pasadenahoy.com\/primero\/wp-json\/wp\/v2\/media?parent=15051"}],"wp:term":[{"taxonomy":"category","embeddable":true,"href":"http:\/\/www.pasadenahoy.com\/primero\/wp-json\/wp\/v2\/categories?post=15051"},{"taxonomy":"post_tag","embeddable":true,"href":"http:\/\/www.pasadenahoy.com\/primero\/wp-json\/wp\/v2\/tags?post=15051"}],"curies":[{"name":"wp","href":"https:\/\/api.w.org\/{rel}","templated":true}]}}