{"id":15074,"date":"2022-03-11T15:08:09","date_gmt":"2022-03-11T15:08:09","guid":{"rendered":"http:\/\/www.pasadenahoy.com\/primero\/?p=15074"},"modified":"2022-03-11T15:08:10","modified_gmt":"2022-03-11T15:08:10","slug":"robinson-park-recreation-center-proyecto-de-arte-publico-capital-en-marcha-se-busca-artista","status":"publish","type":"post","link":"http:\/\/www.pasadenahoy.com\/primero\/la-comunidad\/robinson-park-recreation-center-proyecto-de-arte-publico-capital-en-marcha-se-busca-artista\/","title":{"rendered":"Robinson Park Recreation Center Proyecto de arte p\u00fablico capital en marcha, se busca artista"},"content":{"rendered":"\n<figure class=\"wp-block-image alignnone size-large\"><figure class=\"alignnone\"><img loading=\"lazy\" width=\"700\" height=\"378\" src=\"http:\/\/www.pasadenahoy.com\/primero\/wp-content\/uploads\/2022\/03\/pic-5-1.png\" alt=\"\" class=\"wp-image-15075\" srcset=\"http:\/\/www.pasadenahoy.com\/primero\/wp-content\/uploads\/2022\/03\/pic-5-1.png 700w, http:\/\/www.pasadenahoy.com\/primero\/wp-content\/uploads\/2022\/03\/pic-5-1-300x162.png 300w, http:\/\/www.pasadenahoy.com\/primero\/wp-content\/uploads\/2022\/03\/pic-5-1-241x130.png 241w, http:\/\/www.pasadenahoy.com\/primero\/wp-content\/uploads\/2022\/03\/pic-5-1-333x180.png 333w, http:\/\/www.pasadenahoy.com\/primero\/wp-content\/uploads\/2022\/03\/pic-5-1-360x194.png 360w\" sizes=\"100vw\" \/><\/figure><\/figure>\n\n\n\n<p>Se est\u00e1 trabajando para encontrar un artista o equipo con sede en California que crear\u00e1 arte p\u00fablico permanente en el Robinson Park Recreation Center, un centro recreativo de usos m\u00faltiples que ofrece una variedad de actividades para los habitantes de Pasadena.<\/p>\n\n\n\n<p>La Divisi\u00f3n de Asuntos Culturales del Departamento de Planificaci\u00f3n y Desarrollo Comunitario anunci\u00f3 recientemente que las solicitudes de Solicitud de Calificaciones (RFQ) para el Proyecto de Arte P\u00fablico Capital del Centro Recreativo Robinson Park ya est\u00e1n disponibles en l\u00ednea.<\/p>\n\n\n\n<p>Las solicitudes se abrieron el pasado 22 de febrero y se cerrar\u00e1n el jueves 7 de abril de 2022. Los interesados \u200b\u200bdeben visitar https:\/\/artist.callforentry.org\/festivals_unique_info.php?ID=9602<\/p>\n\n\n\n<p>Durante la reuni\u00f3n de la Comisi\u00f3n de Arte y Cultura del jueves 10 de marzo, el gerente de arte p\u00fablico de la ciudad, Corey Dunlap, explic\u00f3 a los comisionados el proceso de selecci\u00f3n en curso para el artista del proyecto.<\/p>\n\n\n\n<p>Dijo que despu\u00e9s de la fecha l\u00edmite de solicitud, el panel de la secci\u00f3n de artistas realizar\u00e1 una clasificaci\u00f3n preliminar y una revisi\u00f3n de todos los solicitantes y, despu\u00e9s de una serie de reuniones del panel de selecci\u00f3n, identificar\u00e1 a los finalistas que querr\u00e1n invitar a entrevistas.<\/p>\n\n\n\n<p>Seg\u00fan Dunlap, el artista o el equipo ser\u00e1n seleccionados en funci\u00f3n de la calidad de su trabajo anterior y su capacidad para crear arte que refleje la historia local del noroeste de Pasadena.<\/p>\n\n\n\n<p>En la etapa final, se pedir\u00e1 a al menos cuatro artistas que presenten una presentaci\u00f3n muy breve sobre su pr\u00e1ctica. Para concluir el proceso de selecci\u00f3n, el panel identificar\u00e1 un artista principal y suplente para la comisi\u00f3n.<\/p>\n\n\n\n<p>\u201cEl artista alternativo es solo en caso de que el artista principal no pueda completar la comisi\u00f3n o algo falle, nos gusta tener una copia de seguridad por si acaso\u201d, dijo Dunlap.<\/p>\n\n\n\n<p>La decisi\u00f3n del panel se enviar\u00e1 a la Comisi\u00f3n de Arte y Cultura para su revisi\u00f3n y recomendaci\u00f3n. A partir de entonces, el personal de la ciudad firmar\u00e1 un acuerdo con el artista por la obra de arte.<\/p>\n\n\n\n<p>Dunlap dijo que se espera que el panel tome una decisi\u00f3n a m\u00e1s tardar en junio, mientras que se espera que la comisi\u00f3n tome una decisi\u00f3n en julio.<\/p>\n\n\n\n<p>Una vez que se complete el acuerdo, el artista o el equipo se involucrar\u00e1 con la comunidad a trav\u00e9s de una serie de talleres y eventos y luego presentar\u00e1 un concepto de obra de arte propuesto a la Comisi\u00f3n de Arte y Cultura para su revisi\u00f3n.<\/p>\n\n\n\n<p>El Programa de Arte P\u00fablico de Mejoras Capitales de la Ciudad exige que el uno por ciento del presupuesto del Programa de Mejoras Capitales de la Ciudad se asigne para obras de arte.<\/p>\n\n\n\n<p>Seg\u00fan Dunlap, se destina un presupuesto de $200,000 para el desarrollo e implementaci\u00f3n del Proyecto de Arte P\u00fablico del Centro Recreativo del Parque Robinson.<\/p>\n\n\n\n<p>El proyecto de arte p\u00fablico est\u00e1 \u201cdestinado a enriquecer la vida comunitaria, involucrar a un amplio espectro de residentes del noroeste de Pasadena y mejorar el car\u00e1cter visual del vecindario\u201d, seg\u00fan el personal de la ciudad.<\/p>\n","protected":false},"excerpt":{"rendered":"<p>Se est\u00e1 trabajando para encontrar un artista o equipo con sede en California que crear\u00e1 arte p\u00fablico permanente en el Robinson Park Recreation Center, un centro recreativo de usos m\u00faltiples que ofrece una variedad de actividades para los habitantes de Pasadena. La Divisi\u00f3n de Asuntos Culturales del Departamento de Planificaci\u00f3n y Desarrollo Comunitario anunci\u00f3 recientemente que las solicitudes de Solicitud de Calificaciones (RFQ) para el Proyecto de Arte P\u00fablico Capital del Centro Recreativo Robinson Park ya est\u00e1n disponibles en l\u00ednea. [&hellip;]<\/p>\n","protected":false},"author":4,"featured_media":0,"comment_status":"open","ping_status":"closed","sticky":false,"template":"","format":"standard","meta":[],"categories":[4],"tags":[],"acf":[],"_links":{"self":[{"href":"http:\/\/www.pasadenahoy.com\/primero\/wp-json\/wp\/v2\/posts\/15074"}],"collection":[{"href":"http:\/\/www.pasadenahoy.com\/primero\/wp-json\/wp\/v2\/posts"}],"about":[{"href":"http:\/\/www.pasadenahoy.com\/primero\/wp-json\/wp\/v2\/types\/post"}],"author":[{"embeddable":true,"href":"http:\/\/www.pasadenahoy.com\/primero\/wp-json\/wp\/v2\/users\/4"}],"replies":[{"embeddable":true,"href":"http:\/\/www.pasadenahoy.com\/primero\/wp-json\/wp\/v2\/comments?post=15074"}],"version-history":[{"count":2,"href":"http:\/\/www.pasadenahoy.com\/primero\/wp-json\/wp\/v2\/posts\/15074\/revisions"}],"predecessor-version":[{"id":15077,"href":"http:\/\/www.pasadenahoy.com\/primero\/wp-json\/wp\/v2\/posts\/15074\/revisions\/15077"}],"wp:attachment":[{"href":"http:\/\/www.pasadenahoy.com\/primero\/wp-json\/wp\/v2\/media?parent=15074"}],"wp:term":[{"taxonomy":"category","embeddable":true,"href":"http:\/\/www.pasadenahoy.com\/primero\/wp-json\/wp\/v2\/categories?post=15074"},{"taxonomy":"post_tag","embeddable":true,"href":"http:\/\/www.pasadenahoy.com\/primero\/wp-json\/wp\/v2\/tags?post=15074"}],"curies":[{"name":"wp","href":"https:\/\/api.w.org\/{rel}","templated":true}]}}